{"id":965,"date":"2017-08-31T22:21:32","date_gmt":"2017-08-31T20:21:32","guid":{"rendered":"https:\/\/www.czech-neuro.cz\/?p=965"},"modified":"2017-10-26T13:09:38","modified_gmt":"2017-10-26T11:09:38","slug":"cestovni-granty-ceske-neurologicke-spolecnosti-cls-j-e-p-k-ucasti-na-31-ceskem-a-slovenskem-neurologickem-sjezdu","status":"publish","type":"post","link":"https:\/\/www.czech-neuro.cz\/aktualita\/cestovni-granty-ceske-neurologicke-spolecnosti-cls-j-e-p-k-ucasti-na-31-ceskem-a-slovenskem-neurologickem-sjezdu\/","title":{"rendered":"Cestovn\u00ed granty \u010cesk\u00e9 neurologick\u00e9 spole\u010dnosti \u010cLS J. E. P.&nbsp;k&nbsp;\u00fa\u010dasti na 31.&nbsp;\u010desk\u00e9m a&nbsp;slovensk\u00e9m neurologick\u00e9m sjezdu"},"content":{"rendered":"<p>\u010cesk\u00e1 neurologick\u00e1 spole\u010dnost \u010cLS J. E. P.&nbsp;(\u010cNS) vypsala pro rok 2017 cestovn\u00ed grant pro mlad\u00e9 l\u00e9ka\u0159e na podporu\u00a0\u00fa\u010dasti na 31.&nbsp;\u010desk\u00e9m a&nbsp;slovensk\u00e9m neurologick\u00e9m sjezdu (\u010cSNS) v&nbsp;celkov\u00e9 maxim\u00e1ln\u00ed \u010d\u00e1stce 300.000 K\u010d, kter\u00fd se kon\u00e1 22. &#8211; 25.&nbsp;11.&nbsp;2017 v\u00a0Brn\u011b na Brn\u011bnsk\u00e9m v\u00fdstavi\u0161ti, Pavilon E.<\/p>\n<p><a href=\"https:\/\/www.czech-neuro.cz\/content\/uploads\/2017\/08\/zadatele-o-cestovni-grant-csns-2017-1.-web.pdf\" data-size=\"1058x1496\"><img loading=\"lazy\" decoding=\"async\" class=\"alignnone size-medium wp-image-2148\" src=\"https:\/\/www.czech-neuro.cz\/content\/uploads\/2017\/08\/zadatele-o-cestovni-grant-csns-2017-1.-web-pdf-212x300.jpg\" srcset=\"\" alt=\"\" width=\"212\" height=\"300\" \/><\/a><\/p>\n","protected":false},"excerpt":{"rendered":"<p>\u010cesk\u00e1 neurologick\u00e1 spole\u010dnost \u010cLS J. E. P.&nbsp;(\u010cNS) vypsala pro rok 2017 cestovn\u00ed grant pro mlad\u00e9 l\u00e9ka\u0159e na podporu\u00a0\u00fa\u010dasti na 31.&nbsp;\u010desk\u00e9m&#8230;<\/p>\n","protected":false},"author":2,"featured_media":1870,"comment_status":"closed","ping_status":"closed","sticky":false,"template":"","format":"standard","meta":{"_acf_changed":false,"_searchwp_excluded":"","kia_subtitle":""},"categories":[1],"tags":[],"class_list":["post-965","post","type-post","status-publish","has-post-thumbnail","hentry","category-nezarazene"],"acf":[],"yoast_head":"<!-- This site is optimized with the Yoast SEO Premium plugin v26.2 (Yoast SEO v26.2) - https:\/\/yoast.com\/wordpress\/plugins\/seo\/ -->\n<title>Cestovn\u00ed granty \u010cesk\u00e9 neurologick\u00e9 spole\u010dnosti \u010cLS J. E. P. k \u00fa\u010dasti na 31. \u010desk\u00e9m a slovensk\u00e9m neurologick\u00e9m sjezdu - \u010cesk\u00e1 neurologick\u00e1 spole\u010dnost<\/title>\n<meta name=\"robots\" content=\"index, follow, max-snippet:-1, max-image-preview:large, max-video-preview:-1\" \/>\n<link rel=\"canonical\" href=\"https:\/\/www.czech-neuro.cz\/aktualita\/cestovni-granty-ceske-neurologicke-spolecnosti-cls-j-e-p-k-ucasti-na-31-ceskem-a-slovenskem-neurologickem-sjezdu\/\" \/>\n<meta property=\"og:locale\" content=\"cs_CZ\" \/>\n<meta property=\"og:type\" content=\"article\" \/>\n<meta property=\"og:title\" content=\"Cestovn\u00ed granty \u010cesk\u00e9 neurologick\u00e9 spole\u010dnosti \u010cLS J. E. P. k \u00fa\u010dasti na 31. \u010desk\u00e9m a slovensk\u00e9m neurologick\u00e9m sjezdu\" \/>\n<meta property=\"og:description\" content=\"\u010cesk\u00e1 neurologick\u00e1 spole\u010dnost \u010cLS J. E. P.&nbsp;(\u010cNS) vypsala pro rok 2017 cestovn\u00ed grant pro mlad\u00e9 l\u00e9ka\u0159e na podporu\u00a0\u00fa\u010dasti na 31.&nbsp;\u010desk\u00e9m...\" \/>\n<meta property=\"og:url\" content=\"https:\/\/www.czech-neuro.cz\/aktualita\/cestovni-granty-ceske-neurologicke-spolecnosti-cls-j-e-p-k-ucasti-na-31-ceskem-a-slovenskem-neurologickem-sjezdu\/\" \/>\n<meta property=\"og:site_name\" content=\"\u010cesk\u00e1 neurologick\u00e1 spole\u010dnost\" \/>\n<meta property=\"article:published_time\" content=\"2017-08-31T20:21:32+00:00\" \/>\n<meta property=\"article:modified_time\" content=\"2017-10-26T11:09:38+00:00\" \/>\n<meta property=\"og:image\" content=\"https:\/\/www.czech-neuro.cz\/content\/uploads\/2017\/10\/28_slovensky_cesky_neurologicky_sjezd_01.jpg\" \/>\n\t<meta property=\"og:image:width\" content=\"800\" \/>\n\t<meta property=\"og:image:height\" content=\"533\" \/>\n\t<meta property=\"og:image:type\" content=\"image\/jpeg\" \/>\n<meta name=\"author\" content=\"xadmin\" \/>\n<meta name=\"twitter:card\" content=\"summary_large_image\" \/>\n<meta name=\"twitter:label1\" content=\"Napsal(a)\" \/>\n\t<meta name=\"twitter:data1\" content=\"xadmin\" \/>\n<script type=\"application\/ld+json\" class=\"yoast-schema-graph\">{\"@context\":\"https:\/\/schema.org\",\"@graph\":[{\"@type\":\"WebPage\",\"@id\":\"https:\/\/www.czech-neuro.cz\/aktualita\/cestovni-granty-ceske-neurologicke-spolecnosti-cls-j-e-p-k-ucasti-na-31-ceskem-a-slovenskem-neurologickem-sjezdu\/\",\"url\":\"https:\/\/www.czech-neuro.cz\/aktualita\/cestovni-granty-ceske-neurologicke-spolecnosti-cls-j-e-p-k-ucasti-na-31-ceskem-a-slovenskem-neurologickem-sjezdu\/\",\"name\":\"Cestovn\u00ed granty \u010cesk\u00e9 neurologick\u00e9 spole\u010dnosti \u010cLS J. E. P. k \u00fa\u010dasti na 31. \u010desk\u00e9m a slovensk\u00e9m neurologick\u00e9m sjezdu - \u010cesk\u00e1 neurologick\u00e1 spole\u010dnost\",\"isPartOf\":{\"@id\":\"https:\/\/www.czech-neuro.cz\/#website\"},\"primaryImageOfPage\":{\"@id\":\"https:\/\/www.czech-neuro.cz\/aktualita\/cestovni-granty-ceske-neurologicke-spolecnosti-cls-j-e-p-k-ucasti-na-31-ceskem-a-slovenskem-neurologickem-sjezdu\/#primaryimage\"},\"image\":{\"@id\":\"https:\/\/www.czech-neuro.cz\/aktualita\/cestovni-granty-ceske-neurologicke-spolecnosti-cls-j-e-p-k-ucasti-na-31-ceskem-a-slovenskem-neurologickem-sjezdu\/#primaryimage\"},\"thumbnailUrl\":\"https:\/\/www.czech-neuro.cz\/content\/uploads\/2017\/10\/28_slovensky_cesky_neurologicky_sjezd_01.jpg\",\"datePublished\":\"2017-08-31T20:21:32+00:00\",\"dateModified\":\"2017-10-26T11:09:38+00:00\",\"author\":{\"@id\":\"https:\/\/www.czech-neuro.cz\/#\/schema\/person\/85c6b4b533567c37e6dde618e2bdbf6e\"},\"breadcrumb\":{\"@id\":\"https:\/\/www.czech-neuro.cz\/aktualita\/cestovni-granty-ceske-neurologicke-spolecnosti-cls-j-e-p-k-ucasti-na-31-ceskem-a-slovenskem-neurologickem-sjezdu\/#breadcrumb\"},\"inLanguage\":\"cs\",\"potentialAction\":[{\"@type\":\"ReadAction\",\"target\":[\"https:\/\/www.czech-neuro.cz\/aktualita\/cestovni-granty-ceske-neurologicke-spolecnosti-cls-j-e-p-k-ucasti-na-31-ceskem-a-slovenskem-neurologickem-sjezdu\/\"]}]},{\"@type\":\"ImageObject\",\"inLanguage\":\"cs\",\"@id\":\"https:\/\/www.czech-neuro.cz\/aktualita\/cestovni-granty-ceske-neurologicke-spolecnosti-cls-j-e-p-k-ucasti-na-31-ceskem-a-slovenskem-neurologickem-sjezdu\/#primaryimage\",\"url\":\"https:\/\/www.czech-neuro.cz\/content\/uploads\/2017\/10\/28_slovensky_cesky_neurologicky_sjezd_01.jpg\",\"contentUrl\":\"https:\/\/www.czech-neuro.cz\/content\/uploads\/2017\/10\/28_slovensky_cesky_neurologicky_sjezd_01.jpg\",\"width\":800,\"height\":533},{\"@type\":\"BreadcrumbList\",\"@id\":\"https:\/\/www.czech-neuro.cz\/aktualita\/cestovni-granty-ceske-neurologicke-spolecnosti-cls-j-e-p-k-ucasti-na-31-ceskem-a-slovenskem-neurologickem-sjezdu\/#breadcrumb\",\"itemListElement\":[{\"@type\":\"ListItem\",\"position\":1,\"name\":\"Dom\u016f\",\"item\":\"https:\/\/www.czech-neuro.cz\/\"},{\"@type\":\"ListItem\",\"position\":2,\"name\":\"Cestovn\u00ed granty \u010cesk\u00e9 neurologick\u00e9 spole\u010dnosti \u010cLS J. E. P.&nbsp;k&nbsp;\u00fa\u010dasti na 31.&nbsp;\u010desk\u00e9m a&nbsp;slovensk\u00e9m neurologick\u00e9m sjezdu\"}]},{\"@type\":\"WebSite\",\"@id\":\"https:\/\/www.czech-neuro.cz\/#website\",\"url\":\"https:\/\/www.czech-neuro.cz\/\",\"name\":\"\u010cesk\u00e1 neurologick\u00e1 spole\u010dnost\",\"description\":\"\u010cesk\u00e1 neurologick\u00e1 spole\u010dnost je odborn\u00e1 v\u011bdeck\u00e1 spole\u010dnost, jej\u00edm\u017e c\u00edlem je db\u00e1t o rozvoj neurologie jako v\u00fdznamn\u00e9 l\u00e9ka\u0159sk\u00e9 a v\u011bdeck\u00e9 discipliny v \u010cesk\u00e9 republice.\",\"potentialAction\":[{\"@type\":\"SearchAction\",\"target\":{\"@type\":\"EntryPoint\",\"urlTemplate\":\"https:\/\/www.czech-neuro.cz\/?s={search_term_string}\"},\"query-input\":{\"@type\":\"PropertyValueSpecification\",\"valueRequired\":true,\"valueName\":\"search_term_string\"}}],\"inLanguage\":\"cs\"},{\"@type\":\"Person\",\"@id\":\"https:\/\/www.czech-neuro.cz\/#\/schema\/person\/85c6b4b533567c37e6dde618e2bdbf6e\",\"name\":\"xadmin\",\"image\":{\"@type\":\"ImageObject\",\"inLanguage\":\"cs\",\"@id\":\"https:\/\/www.czech-neuro.cz\/#\/schema\/person\/image\/\",\"url\":\"https:\/\/www.czech-neuro.cz\/content\/uploads\/ap_avatars\/47d109cc11bec1d0d1adbe764428e3dc.jpg\",\"contentUrl\":\"https:\/\/www.czech-neuro.cz\/content\/uploads\/ap_avatars\/47d109cc11bec1d0d1adbe764428e3dc.jpg\",\"caption\":\"xadmin\"},\"url\":\"https:\/\/www.czech-neuro.cz\/aktualita\/autor\/xadmin\/\"}]}<\/script>\n<!-- \/ Yoast SEO Premium plugin. -->","yoast_head_json":{"title":"Cestovn\u00ed granty \u010cesk\u00e9 neurologick\u00e9 spole\u010dnosti \u010cLS J. E. P. k \u00fa\u010dasti na 31. \u010desk\u00e9m a slovensk\u00e9m neurologick\u00e9m sjezdu - \u010cesk\u00e1 neurologick\u00e1 spole\u010dnost","robots":{"index":"index","follow":"follow","max-snippet":"max-snippet:-1","max-image-preview":"max-image-preview:large","max-video-preview":"max-video-preview:-1"},"canonical":"https:\/\/www.czech-neuro.cz\/aktualita\/cestovni-granty-ceske-neurologicke-spolecnosti-cls-j-e-p-k-ucasti-na-31-ceskem-a-slovenskem-neurologickem-sjezdu\/","og_locale":"cs_CZ","og_type":"article","og_title":"Cestovn\u00ed granty \u010cesk\u00e9 neurologick\u00e9 spole\u010dnosti \u010cLS J. E. P. k \u00fa\u010dasti na 31. \u010desk\u00e9m a slovensk\u00e9m neurologick\u00e9m sjezdu","og_description":"\u010cesk\u00e1 neurologick\u00e1 spole\u010dnost \u010cLS J. E. P.&nbsp;(\u010cNS) vypsala pro rok 2017 cestovn\u00ed grant pro mlad\u00e9 l\u00e9ka\u0159e na podporu\u00a0\u00fa\u010dasti na 31.&nbsp;\u010desk\u00e9m...","og_url":"https:\/\/www.czech-neuro.cz\/aktualita\/cestovni-granty-ceske-neurologicke-spolecnosti-cls-j-e-p-k-ucasti-na-31-ceskem-a-slovenskem-neurologickem-sjezdu\/","og_site_name":"\u010cesk\u00e1 neurologick\u00e1 spole\u010dnost","article_published_time":"2017-08-31T20:21:32+00:00","article_modified_time":"2017-10-26T11:09:38+00:00","og_image":[{"width":800,"height":533,"url":"https:\/\/www.czech-neuro.cz\/content\/uploads\/2017\/10\/28_slovensky_cesky_neurologicky_sjezd_01.jpg","type":"image\/jpeg"}],"author":"xadmin","twitter_card":"summary_large_image","twitter_misc":{"Napsal(a)":"xadmin"},"schema":{"@context":"https:\/\/schema.org","@graph":[{"@type":"WebPage","@id":"https:\/\/www.czech-neuro.cz\/aktualita\/cestovni-granty-ceske-neurologicke-spolecnosti-cls-j-e-p-k-ucasti-na-31-ceskem-a-slovenskem-neurologickem-sjezdu\/","url":"https:\/\/www.czech-neuro.cz\/aktualita\/cestovni-granty-ceske-neurologicke-spolecnosti-cls-j-e-p-k-ucasti-na-31-ceskem-a-slovenskem-neurologickem-sjezdu\/","name":"Cestovn\u00ed granty \u010cesk\u00e9 neurologick\u00e9 spole\u010dnosti \u010cLS J. E. P. k \u00fa\u010dasti na 31. \u010desk\u00e9m a slovensk\u00e9m neurologick\u00e9m sjezdu - \u010cesk\u00e1 neurologick\u00e1 spole\u010dnost","isPartOf":{"@id":"https:\/\/www.czech-neuro.cz\/#website"},"primaryImageOfPage":{"@id":"https:\/\/www.czech-neuro.cz\/aktualita\/cestovni-granty-ceske-neurologicke-spolecnosti-cls-j-e-p-k-ucasti-na-31-ceskem-a-slovenskem-neurologickem-sjezdu\/#primaryimage"},"image":{"@id":"https:\/\/www.czech-neuro.cz\/aktualita\/cestovni-granty-ceske-neurologicke-spolecnosti-cls-j-e-p-k-ucasti-na-31-ceskem-a-slovenskem-neurologickem-sjezdu\/#primaryimage"},"thumbnailUrl":"https:\/\/www.czech-neuro.cz\/content\/uploads\/2017\/10\/28_slovensky_cesky_neurologicky_sjezd_01.jpg","datePublished":"2017-08-31T20:21:32+00:00","dateModified":"2017-10-26T11:09:38+00:00","author":{"@id":"https:\/\/www.czech-neuro.cz\/#\/schema\/person\/85c6b4b533567c37e6dde618e2bdbf6e"},"breadcrumb":{"@id":"https:\/\/www.czech-neuro.cz\/aktualita\/cestovni-granty-ceske-neurologicke-spolecnosti-cls-j-e-p-k-ucasti-na-31-ceskem-a-slovenskem-neurologickem-sjezdu\/#breadcrumb"},"inLanguage":"cs","potentialAction":[{"@type":"ReadAction","target":["https:\/\/www.czech-neuro.cz\/aktualita\/cestovni-granty-ceske-neurologicke-spolecnosti-cls-j-e-p-k-ucasti-na-31-ceskem-a-slovenskem-neurologickem-sjezdu\/"]}]},{"@type":"ImageObject","inLanguage":"cs","@id":"https:\/\/www.czech-neuro.cz\/aktualita\/cestovni-granty-ceske-neurologicke-spolecnosti-cls-j-e-p-k-ucasti-na-31-ceskem-a-slovenskem-neurologickem-sjezdu\/#primaryimage","url":"https:\/\/www.czech-neuro.cz\/content\/uploads\/2017\/10\/28_slovensky_cesky_neurologicky_sjezd_01.jpg","contentUrl":"https:\/\/www.czech-neuro.cz\/content\/uploads\/2017\/10\/28_slovensky_cesky_neurologicky_sjezd_01.jpg","width":800,"height":533},{"@type":"BreadcrumbList","@id":"https:\/\/www.czech-neuro.cz\/aktualita\/cestovni-granty-ceske-neurologicke-spolecnosti-cls-j-e-p-k-ucasti-na-31-ceskem-a-slovenskem-neurologickem-sjezdu\/#breadcrumb","itemListElement":[{"@type":"ListItem","position":1,"name":"Dom\u016f","item":"https:\/\/www.czech-neuro.cz\/"},{"@type":"ListItem","position":2,"name":"Cestovn\u00ed granty \u010cesk\u00e9 neurologick\u00e9 spole\u010dnosti \u010cLS J. E. P.&nbsp;k&nbsp;\u00fa\u010dasti na 31.&nbsp;\u010desk\u00e9m a&nbsp;slovensk\u00e9m neurologick\u00e9m sjezdu"}]},{"@type":"WebSite","@id":"https:\/\/www.czech-neuro.cz\/#website","url":"https:\/\/www.czech-neuro.cz\/","name":"\u010cesk\u00e1 neurologick\u00e1 spole\u010dnost","description":"\u010cesk\u00e1 neurologick\u00e1 spole\u010dnost je odborn\u00e1 v\u011bdeck\u00e1 spole\u010dnost, jej\u00edm\u017e c\u00edlem je db\u00e1t o rozvoj neurologie jako v\u00fdznamn\u00e9 l\u00e9ka\u0159sk\u00e9 a v\u011bdeck\u00e9 discipliny v \u010cesk\u00e9 republice.","potentialAction":[{"@type":"SearchAction","target":{"@type":"EntryPoint","urlTemplate":"https:\/\/www.czech-neuro.cz\/?s={search_term_string}"},"query-input":{"@type":"PropertyValueSpecification","valueRequired":true,"valueName":"search_term_string"}}],"inLanguage":"cs"},{"@type":"Person","@id":"https:\/\/www.czech-neuro.cz\/#\/schema\/person\/85c6b4b533567c37e6dde618e2bdbf6e","name":"xadmin","image":{"@type":"ImageObject","inLanguage":"cs","@id":"https:\/\/www.czech-neuro.cz\/#\/schema\/person\/image\/","url":"https:\/\/www.czech-neuro.cz\/content\/uploads\/ap_avatars\/47d109cc11bec1d0d1adbe764428e3dc.jpg","contentUrl":"https:\/\/www.czech-neuro.cz\/content\/uploads\/ap_avatars\/47d109cc11bec1d0d1adbe764428e3dc.jpg","caption":"xadmin"},"url":"https:\/\/www.czech-neuro.cz\/aktualita\/autor\/xadmin\/"}]}},"lang":"cs","translations":{"cs":965},"_links":{"self":[{"href":"https:\/\/www.czech-neuro.cz\/api\/wp\/v2\/posts\/965","targetHints":{"allow":["GET"]}}],"collection":[{"href":"https:\/\/www.czech-neuro.cz\/api\/wp\/v2\/posts"}],"about":[{"href":"https:\/\/www.czech-neuro.cz\/api\/wp\/v2\/types\/post"}],"author":[{"embeddable":true,"href":"https:\/\/www.czech-neuro.cz\/api\/wp\/v2\/users\/2"}],"replies":[{"embeddable":true,"href":"https:\/\/www.czech-neuro.cz\/api\/wp\/v2\/comments?post=965"}],"version-history":[{"count":0,"href":"https:\/\/www.czech-neuro.cz\/api\/wp\/v2\/posts\/965\/revisions"}],"wp:featuredmedia":[{"embeddable":true,"href":"https:\/\/www.czech-neuro.cz\/api\/wp\/v2\/media\/1870"}],"wp:attachment":[{"href":"https:\/\/www.czech-neuro.cz\/api\/wp\/v2\/media?parent=965"}],"wp:term":[{"taxonomy":"category","embeddable":true,"href":"https:\/\/www.czech-neuro.cz\/api\/wp\/v2\/categories?post=965"},{"taxonomy":"post_tag","embeddable":true,"href":"https:\/\/www.czech-neuro.cz\/api\/wp\/v2\/tags?post=965"}],"curies":[{"name":"wp","href":"https:\/\/api.w.org\/{rel}","templated":true}]}}