{"id":8593,"date":"2019-12-09T17:26:05","date_gmt":"2019-12-09T16:26:05","guid":{"rendered":"https:\/\/www.czech-neuro.cz\/?p=8593"},"modified":"2020-01-07T09:11:11","modified_gmt":"2020-01-07T08:11:11","slug":"cestne-clenstvi-cns-cls-jep","status":"publish","type":"post","link":"https:\/\/www.czech-neuro.cz\/aktualita\/cestne-clenstvi-cns-cls-jep\/","title":{"rendered":"\u010cestn\u00e9 \u010dlenstv\u00ed \u010cNS \u010cLS JEP"},"content":{"rendered":"<p>V r\u00e1mci 33.&nbsp;\u010desk\u00e9ho a&nbsp;slovensk\u00e9ho neurologick\u00e9ho sjezdu, kter\u00fd se konal 27. &#8211; 30.&nbsp;listopadu v&nbsp;Praze byla ud\u011blena dv\u011b <strong>\u010destn\u00e1 \u010dlenstv\u00ed<\/strong> \u010cesk\u00e9 neurologick\u00e9 spole\u010dnosti \u010cNS \u010cLS JEP, a&nbsp;to<\/p>\n<p><strong>MUDr. Olze Zapletalov\u00e9\u00a0<\/strong>a <strong>prof. MUDr. Josefu\u00a0Faberovi, DrSc.<\/strong><\/p>\n<p>\u017divotopisy obou nov\u00fdch \u010destn\u00fdch \u010dlen\u016f si m\u016f\u017eete prohl\u00e9dnout n\u00ed\u017ee.<\/p>\n<p><a class=\"btn\" href=\"https:\/\/www.czech-neuro.cz\/content\/uploads\/2019\/11\/curr-vitae-faber.pdf\" target=\"_blank\" rel=\"noopener noreferrer\">CV &#8211; prof. MUDr. Josef Faber, DrSc.<\/a><\/p>\n<p><a class=\"btn\" href=\"https:\/\/www.czech-neuro.cz\/content\/uploads\/2019\/11\/curr-vitae-zapletalova.pdf\" target=\"_blank\" rel=\"noopener noreferrer\">CV &#8211; MUDr. Olga Zapletalov\u00e1<\/a><\/p>\n<p>&nbsp;<\/p>\n","protected":false},"excerpt":{"rendered":"<p>V r\u00e1mci 33.&nbsp;\u010desk\u00e9ho a&nbsp;slovensk\u00e9ho neurologick\u00e9ho sjezdu, kter\u00fd se konal 27. &#8211; 30.&nbsp;listopadu v&nbsp;Praze byla ud\u011blena dv\u011b \u010destn\u00e1 \u010dlenstv\u00ed \u010cesk\u00e9 neurologick\u00e9&#8230;<\/p>\n","protected":false},"author":23,"featured_media":3162,"comment_status":"closed","ping_status":"closed","sticky":false,"template":"","format":"standard","meta":{"_acf_changed":false,"_searchwp_excluded":"","kia_subtitle":""},"categories":[1],"tags":[],"class_list":["post-8593","post","type-post","status-publish","has-post-thumbnail","hentry","category-nezarazene"],"acf":[],"yoast_head":"<!-- This site is optimized with the Yoast SEO Premium plugin v26.2 (Yoast SEO v26.2) - https:\/\/yoast.com\/wordpress\/plugins\/seo\/ -->\n<title>\u010cestn\u00e9 \u010dlenstv\u00ed \u010cNS \u010cLS JEP - \u010cesk\u00e1 neurologick\u00e1 spole\u010dnost<\/title>\n<meta name=\"robots\" content=\"index, follow, max-snippet:-1, max-image-preview:large, max-video-preview:-1\" \/>\n<link rel=\"canonical\" href=\"https:\/\/www.czech-neuro.cz\/aktualita\/cestne-clenstvi-cns-cls-jep\/\" \/>\n<meta property=\"og:locale\" content=\"cs_CZ\" \/>\n<meta property=\"og:type\" content=\"article\" \/>\n<meta property=\"og:title\" content=\"\u010cestn\u00e9 \u010dlenstv\u00ed \u010cNS \u010cLS JEP\" \/>\n<meta property=\"og:description\" content=\"V r\u00e1mci 33.&nbsp;\u010desk\u00e9ho a&nbsp;slovensk\u00e9ho neurologick\u00e9ho sjezdu, kter\u00fd se konal 27. &#8211; 30.&nbsp;listopadu v&nbsp;Praze byla ud\u011blena dv\u011b \u010destn\u00e1 \u010dlenstv\u00ed \u010cesk\u00e9 neurologick\u00e9...\" \/>\n<meta property=\"og:url\" content=\"https:\/\/www.czech-neuro.cz\/aktualita\/cestne-clenstvi-cns-cls-jep\/\" \/>\n<meta property=\"og:site_name\" content=\"\u010cesk\u00e1 neurologick\u00e1 spole\u010dnost\" \/>\n<meta property=\"article:published_time\" content=\"2019-12-09T16:26:05+00:00\" \/>\n<meta property=\"article:modified_time\" content=\"2020-01-07T08:11:11+00:00\" \/>\n<meta property=\"og:image\" content=\"https:\/\/www.czech-neuro.cz\/content\/uploads\/2017\/12\/vystrizek.png\" \/>\n\t<meta property=\"og:image:width\" content=\"1231\" \/>\n\t<meta property=\"og:image:height\" content=\"437\" \/>\n\t<meta property=\"og:image:type\" content=\"image\/png\" \/>\n<meta name=\"author\" content=\"Sekretari\u00e1t \u010cNS\" \/>\n<meta name=\"twitter:card\" content=\"summary_large_image\" \/>\n<meta name=\"twitter:label1\" content=\"Napsal(a)\" \/>\n\t<meta name=\"twitter:data1\" content=\"Sekretari\u00e1t \u010cNS\" \/>\n<script type=\"application\/ld+json\" class=\"yoast-schema-graph\">{\"@context\":\"https:\/\/schema.org\",\"@graph\":[{\"@type\":\"WebPage\",\"@id\":\"https:\/\/www.czech-neuro.cz\/aktualita\/cestne-clenstvi-cns-cls-jep\/\",\"url\":\"https:\/\/www.czech-neuro.cz\/aktualita\/cestne-clenstvi-cns-cls-jep\/\",\"name\":\"\u010cestn\u00e9 \u010dlenstv\u00ed \u010cNS \u010cLS JEP - \u010cesk\u00e1 neurologick\u00e1 spole\u010dnost\",\"isPartOf\":{\"@id\":\"https:\/\/www.czech-neuro.cz\/#website\"},\"primaryImageOfPage\":{\"@id\":\"https:\/\/www.czech-neuro.cz\/aktualita\/cestne-clenstvi-cns-cls-jep\/#primaryimage\"},\"image\":{\"@id\":\"https:\/\/www.czech-neuro.cz\/aktualita\/cestne-clenstvi-cns-cls-jep\/#primaryimage\"},\"thumbnailUrl\":\"https:\/\/www.czech-neuro.cz\/content\/uploads\/2017\/12\/vystrizek.png\",\"datePublished\":\"2019-12-09T16:26:05+00:00\",\"dateModified\":\"2020-01-07T08:11:11+00:00\",\"author\":{\"@id\":\"https:\/\/www.czech-neuro.cz\/#\/schema\/person\/af981b1d7fc38899fa48fdecaeb95264\"},\"breadcrumb\":{\"@id\":\"https:\/\/www.czech-neuro.cz\/aktualita\/cestne-clenstvi-cns-cls-jep\/#breadcrumb\"},\"inLanguage\":\"cs\",\"potentialAction\":[{\"@type\":\"ReadAction\",\"target\":[\"https:\/\/www.czech-neuro.cz\/aktualita\/cestne-clenstvi-cns-cls-jep\/\"]}]},{\"@type\":\"ImageObject\",\"inLanguage\":\"cs\",\"@id\":\"https:\/\/www.czech-neuro.cz\/aktualita\/cestne-clenstvi-cns-cls-jep\/#primaryimage\",\"url\":\"https:\/\/www.czech-neuro.cz\/content\/uploads\/2017\/12\/vystrizek.png\",\"contentUrl\":\"https:\/\/www.czech-neuro.cz\/content\/uploads\/2017\/12\/vystrizek.png\",\"width\":1231,\"height\":437},{\"@type\":\"BreadcrumbList\",\"@id\":\"https:\/\/www.czech-neuro.cz\/aktualita\/cestne-clenstvi-cns-cls-jep\/#breadcrumb\",\"itemListElement\":[{\"@type\":\"ListItem\",\"position\":1,\"name\":\"Dom\u016f\",\"item\":\"https:\/\/www.czech-neuro.cz\/\"},{\"@type\":\"ListItem\",\"position\":2,\"name\":\"\u010cestn\u00e9 \u010dlenstv\u00ed \u010cNS \u010cLS JEP\"}]},{\"@type\":\"WebSite\",\"@id\":\"https:\/\/www.czech-neuro.cz\/#website\",\"url\":\"https:\/\/www.czech-neuro.cz\/\",\"name\":\"\u010cesk\u00e1 neurologick\u00e1 spole\u010dnost\",\"description\":\"\u010cesk\u00e1 neurologick\u00e1 spole\u010dnost je odborn\u00e1 v\u011bdeck\u00e1 spole\u010dnost, jej\u00edm\u017e c\u00edlem je db\u00e1t o rozvoj neurologie jako v\u00fdznamn\u00e9 l\u00e9ka\u0159sk\u00e9 a v\u011bdeck\u00e9 discipliny v \u010cesk\u00e9 republice.\",\"potentialAction\":[{\"@type\":\"SearchAction\",\"target\":{\"@type\":\"EntryPoint\",\"urlTemplate\":\"https:\/\/www.czech-neuro.cz\/?s={search_term_string}\"},\"query-input\":{\"@type\":\"PropertyValueSpecification\",\"valueRequired\":true,\"valueName\":\"search_term_string\"}}],\"inLanguage\":\"cs\"},{\"@type\":\"Person\",\"@id\":\"https:\/\/www.czech-neuro.cz\/#\/schema\/person\/af981b1d7fc38899fa48fdecaeb95264\",\"name\":\"Sekretari\u00e1t \u010cNS\",\"image\":{\"@type\":\"ImageObject\",\"inLanguage\":\"cs\",\"@id\":\"https:\/\/www.czech-neuro.cz\/#\/schema\/person\/image\/\",\"url\":\"https:\/\/www.czech-neuro.cz\/content\/uploads\/ap_avatars\/edcaf9b0d68692e3915c31d046e10fb8.jpg\",\"contentUrl\":\"https:\/\/www.czech-neuro.cz\/content\/uploads\/ap_avatars\/edcaf9b0d68692e3915c31d046e10fb8.jpg\",\"caption\":\"Sekretari\u00e1t \u010cNS\"},\"url\":\"https:\/\/www.czech-neuro.cz\/aktualita\/autor\/janurkovaassociationhouse-cz\/\"}]}<\/script>\n<!-- \/ Yoast SEO Premium plugin. -->","yoast_head_json":{"title":"\u010cestn\u00e9 \u010dlenstv\u00ed \u010cNS \u010cLS JEP - \u010cesk\u00e1 neurologick\u00e1 spole\u010dnost","robots":{"index":"index","follow":"follow","max-snippet":"max-snippet:-1","max-image-preview":"max-image-preview:large","max-video-preview":"max-video-preview:-1"},"canonical":"https:\/\/www.czech-neuro.cz\/aktualita\/cestne-clenstvi-cns-cls-jep\/","og_locale":"cs_CZ","og_type":"article","og_title":"\u010cestn\u00e9 \u010dlenstv\u00ed \u010cNS \u010cLS JEP","og_description":"V r\u00e1mci 33.&nbsp;\u010desk\u00e9ho a&nbsp;slovensk\u00e9ho neurologick\u00e9ho sjezdu, kter\u00fd se konal 27. &#8211; 30.&nbsp;listopadu v&nbsp;Praze byla ud\u011blena dv\u011b \u010destn\u00e1 \u010dlenstv\u00ed \u010cesk\u00e9 neurologick\u00e9...","og_url":"https:\/\/www.czech-neuro.cz\/aktualita\/cestne-clenstvi-cns-cls-jep\/","og_site_name":"\u010cesk\u00e1 neurologick\u00e1 spole\u010dnost","article_published_time":"2019-12-09T16:26:05+00:00","article_modified_time":"2020-01-07T08:11:11+00:00","og_image":[{"width":1231,"height":437,"url":"https:\/\/www.czech-neuro.cz\/content\/uploads\/2017\/12\/vystrizek.png","type":"image\/png"}],"author":"Sekretari\u00e1t \u010cNS","twitter_card":"summary_large_image","twitter_misc":{"Napsal(a)":"Sekretari\u00e1t \u010cNS"},"schema":{"@context":"https:\/\/schema.org","@graph":[{"@type":"WebPage","@id":"https:\/\/www.czech-neuro.cz\/aktualita\/cestne-clenstvi-cns-cls-jep\/","url":"https:\/\/www.czech-neuro.cz\/aktualita\/cestne-clenstvi-cns-cls-jep\/","name":"\u010cestn\u00e9 \u010dlenstv\u00ed \u010cNS \u010cLS JEP - \u010cesk\u00e1 neurologick\u00e1 spole\u010dnost","isPartOf":{"@id":"https:\/\/www.czech-neuro.cz\/#website"},"primaryImageOfPage":{"@id":"https:\/\/www.czech-neuro.cz\/aktualita\/cestne-clenstvi-cns-cls-jep\/#primaryimage"},"image":{"@id":"https:\/\/www.czech-neuro.cz\/aktualita\/cestne-clenstvi-cns-cls-jep\/#primaryimage"},"thumbnailUrl":"https:\/\/www.czech-neuro.cz\/content\/uploads\/2017\/12\/vystrizek.png","datePublished":"2019-12-09T16:26:05+00:00","dateModified":"2020-01-07T08:11:11+00:00","author":{"@id":"https:\/\/www.czech-neuro.cz\/#\/schema\/person\/af981b1d7fc38899fa48fdecaeb95264"},"breadcrumb":{"@id":"https:\/\/www.czech-neuro.cz\/aktualita\/cestne-clenstvi-cns-cls-jep\/#breadcrumb"},"inLanguage":"cs","potentialAction":[{"@type":"ReadAction","target":["https:\/\/www.czech-neuro.cz\/aktualita\/cestne-clenstvi-cns-cls-jep\/"]}]},{"@type":"ImageObject","inLanguage":"cs","@id":"https:\/\/www.czech-neuro.cz\/aktualita\/cestne-clenstvi-cns-cls-jep\/#primaryimage","url":"https:\/\/www.czech-neuro.cz\/content\/uploads\/2017\/12\/vystrizek.png","contentUrl":"https:\/\/www.czech-neuro.cz\/content\/uploads\/2017\/12\/vystrizek.png","width":1231,"height":437},{"@type":"BreadcrumbList","@id":"https:\/\/www.czech-neuro.cz\/aktualita\/cestne-clenstvi-cns-cls-jep\/#breadcrumb","itemListElement":[{"@type":"ListItem","position":1,"name":"Dom\u016f","item":"https:\/\/www.czech-neuro.cz\/"},{"@type":"ListItem","position":2,"name":"\u010cestn\u00e9 \u010dlenstv\u00ed \u010cNS \u010cLS JEP"}]},{"@type":"WebSite","@id":"https:\/\/www.czech-neuro.cz\/#website","url":"https:\/\/www.czech-neuro.cz\/","name":"\u010cesk\u00e1 neurologick\u00e1 spole\u010dnost","description":"\u010cesk\u00e1 neurologick\u00e1 spole\u010dnost je odborn\u00e1 v\u011bdeck\u00e1 spole\u010dnost, jej\u00edm\u017e c\u00edlem je db\u00e1t o rozvoj neurologie jako v\u00fdznamn\u00e9 l\u00e9ka\u0159sk\u00e9 a v\u011bdeck\u00e9 discipliny v \u010cesk\u00e9 republice.","potentialAction":[{"@type":"SearchAction","target":{"@type":"EntryPoint","urlTemplate":"https:\/\/www.czech-neuro.cz\/?s={search_term_string}"},"query-input":{"@type":"PropertyValueSpecification","valueRequired":true,"valueName":"search_term_string"}}],"inLanguage":"cs"},{"@type":"Person","@id":"https:\/\/www.czech-neuro.cz\/#\/schema\/person\/af981b1d7fc38899fa48fdecaeb95264","name":"Sekretari\u00e1t \u010cNS","image":{"@type":"ImageObject","inLanguage":"cs","@id":"https:\/\/www.czech-neuro.cz\/#\/schema\/person\/image\/","url":"https:\/\/www.czech-neuro.cz\/content\/uploads\/ap_avatars\/edcaf9b0d68692e3915c31d046e10fb8.jpg","contentUrl":"https:\/\/www.czech-neuro.cz\/content\/uploads\/ap_avatars\/edcaf9b0d68692e3915c31d046e10fb8.jpg","caption":"Sekretari\u00e1t \u010cNS"},"url":"https:\/\/www.czech-neuro.cz\/aktualita\/autor\/janurkovaassociationhouse-cz\/"}]}},"lang":"cs","translations":{"cs":8593},"_links":{"self":[{"href":"https:\/\/www.czech-neuro.cz\/api\/wp\/v2\/posts\/8593","targetHints":{"allow":["GET"]}}],"collection":[{"href":"https:\/\/www.czech-neuro.cz\/api\/wp\/v2\/posts"}],"about":[{"href":"https:\/\/www.czech-neuro.cz\/api\/wp\/v2\/types\/post"}],"author":[{"embeddable":true,"href":"https:\/\/www.czech-neuro.cz\/api\/wp\/v2\/users\/23"}],"replies":[{"embeddable":true,"href":"https:\/\/www.czech-neuro.cz\/api\/wp\/v2\/comments?post=8593"}],"version-history":[{"count":0,"href":"https:\/\/www.czech-neuro.cz\/api\/wp\/v2\/posts\/8593\/revisions"}],"wp:featuredmedia":[{"embeddable":true,"href":"https:\/\/www.czech-neuro.cz\/api\/wp\/v2\/media\/3162"}],"wp:attachment":[{"href":"https:\/\/www.czech-neuro.cz\/api\/wp\/v2\/media?parent=8593"}],"wp:term":[{"taxonomy":"category","embeddable":true,"href":"https:\/\/www.czech-neuro.cz\/api\/wp\/v2\/categories?post=8593"},{"taxonomy":"post_tag","embeddable":true,"href":"https:\/\/www.czech-neuro.cz\/api\/wp\/v2\/tags?post=8593"}],"curies":[{"name":"wp","href":"https:\/\/api.w.org\/{rel}","templated":true}]}}