{"id":8502,"date":"2019-10-23T11:36:16","date_gmt":"2019-10-23T09:36:16","guid":{"rendered":"https:\/\/www.czech-neuro.cz\/?p=8502"},"modified":"2019-10-23T11:38:13","modified_gmt":"2019-10-23T09:38:13","slug":"5-ean-kongres-oslo-2019-zpravy-z-odbornych-panelu","status":"publish","type":"post","link":"https:\/\/www.czech-neuro.cz\/aktualita\/5-ean-kongres-oslo-2019-zpravy-z-odbornych-panelu\/","title":{"rendered":"5. EAN kongres Oslo 2019: Zpr\u00e1vy z&nbsp;odborn\u00fdch panel\u016f"},"content":{"rendered":"<p>V\u00e1\u017een\u00ed,<\/p>\n<p>ve dnech\u00a0\u00a029.6. \u2013 2.7.&nbsp;2019 se v&nbsp;Oslu konal 5.&nbsp;ro\u010dn\u00edk Congress of the European Academy of Neurology.\u00a0Z\u00e1stupci \u010cesk\u00e9 neurologick\u00e9 spole\u010dnosti, kte\u0159\u00ed se \u00fa\u010dastnili EAN Scientific Panels poskytli zpr\u00e1vy jedn\u00e1n\u00ed.<\/p>\n<p>Tyto zpr\u00e1vy naleznete na tomto odkazu: <a href=\"https:\/\/www.czech-neuro.cz\/o-spolecnosti\/mezinarodni-spoluprace\/ean\/\" target=\"_blank\" rel=\"noopener noreferrer\">EAN &#8211; odborn\u00e9 panely<\/a><\/p>\n","protected":false},"excerpt":{"rendered":"<p>V\u00e1\u017een\u00ed, ve dnech\u00a0\u00a029.6. \u2013 2.7.&nbsp;2019 se v&nbsp;Oslu konal 5.&nbsp;ro\u010dn\u00edk Congress of the European Academy of Neurology.\u00a0Z\u00e1stupci \u010cesk\u00e9 neurologick\u00e9 spole\u010dnosti, kte\u0159\u00ed&#8230;<\/p>\n","protected":false},"author":23,"featured_media":8505,"comment_status":"closed","ping_status":"closed","sticky":false,"template":"","format":"standard","meta":{"_acf_changed":false,"_searchwp_excluded":"","kia_subtitle":""},"categories":[1],"tags":[],"class_list":["post-8502","post","type-post","status-publish","has-post-thumbnail","hentry","category-nezarazene"],"acf":[],"yoast_head":"<!-- This site is optimized with the Yoast SEO Premium plugin v26.2 (Yoast SEO v26.2) - https:\/\/yoast.com\/wordpress\/plugins\/seo\/ -->\n<title>5. EAN kongres Oslo 2019: Zpr\u00e1vy z odborn\u00fdch panel\u016f - \u010cesk\u00e1 neurologick\u00e1 spole\u010dnost<\/title>\n<meta name=\"robots\" content=\"index, follow, max-snippet:-1, max-image-preview:large, max-video-preview:-1\" \/>\n<link rel=\"canonical\" href=\"https:\/\/www.czech-neuro.cz\/aktualita\/5-ean-kongres-oslo-2019-zpravy-z-odbornych-panelu\/\" \/>\n<meta property=\"og:locale\" content=\"cs_CZ\" \/>\n<meta property=\"og:type\" content=\"article\" \/>\n<meta property=\"og:title\" content=\"5. EAN kongres Oslo 2019: Zpr\u00e1vy z odborn\u00fdch panel\u016f\" \/>\n<meta property=\"og:description\" content=\"V\u00e1\u017een\u00ed, ve dnech\u00a0\u00a029.6. \u2013 2.7.&nbsp;2019 se v&nbsp;Oslu konal 5.&nbsp;ro\u010dn\u00edk Congress of the European Academy of Neurology.\u00a0Z\u00e1stupci \u010cesk\u00e9 neurologick\u00e9 spole\u010dnosti, kte\u0159\u00ed...\" \/>\n<meta property=\"og:url\" content=\"https:\/\/www.czech-neuro.cz\/aktualita\/5-ean-kongres-oslo-2019-zpravy-z-odbornych-panelu\/\" \/>\n<meta property=\"og:site_name\" content=\"\u010cesk\u00e1 neurologick\u00e1 spole\u010dnost\" \/>\n<meta property=\"article:published_time\" content=\"2019-10-23T09:36:16+00:00\" \/>\n<meta property=\"article:modified_time\" content=\"2019-10-23T09:38:13+00:00\" \/>\n<meta property=\"og:image\" content=\"https:\/\/www.czech-neuro.cz\/content\/uploads\/2019\/10\/ean_logo-0b643d9a.png\" \/>\n\t<meta property=\"og:image:width\" content=\"653\" \/>\n\t<meta property=\"og:image:height\" content=\"490\" \/>\n\t<meta property=\"og:image:type\" content=\"image\/png\" \/>\n<meta name=\"author\" content=\"Sekretari\u00e1t \u010cNS\" \/>\n<meta name=\"twitter:card\" content=\"summary_large_image\" \/>\n<meta name=\"twitter:label1\" content=\"Napsal(a)\" \/>\n\t<meta name=\"twitter:data1\" content=\"Sekretari\u00e1t \u010cNS\" \/>\n<script type=\"application\/ld+json\" class=\"yoast-schema-graph\">{\"@context\":\"https:\/\/schema.org\",\"@graph\":[{\"@type\":\"WebPage\",\"@id\":\"https:\/\/www.czech-neuro.cz\/aktualita\/5-ean-kongres-oslo-2019-zpravy-z-odbornych-panelu\/\",\"url\":\"https:\/\/www.czech-neuro.cz\/aktualita\/5-ean-kongres-oslo-2019-zpravy-z-odbornych-panelu\/\",\"name\":\"5. EAN kongres Oslo 2019: Zpr\u00e1vy z odborn\u00fdch panel\u016f - \u010cesk\u00e1 neurologick\u00e1 spole\u010dnost\",\"isPartOf\":{\"@id\":\"https:\/\/www.czech-neuro.cz\/#website\"},\"primaryImageOfPage\":{\"@id\":\"https:\/\/www.czech-neuro.cz\/aktualita\/5-ean-kongres-oslo-2019-zpravy-z-odbornych-panelu\/#primaryimage\"},\"image\":{\"@id\":\"https:\/\/www.czech-neuro.cz\/aktualita\/5-ean-kongres-oslo-2019-zpravy-z-odbornych-panelu\/#primaryimage\"},\"thumbnailUrl\":\"https:\/\/www.czech-neuro.cz\/content\/uploads\/2019\/10\/ean_logo-0b643d9a.png\",\"datePublished\":\"2019-10-23T09:36:16+00:00\",\"dateModified\":\"2019-10-23T09:38:13+00:00\",\"author\":{\"@id\":\"https:\/\/www.czech-neuro.cz\/#\/schema\/person\/af981b1d7fc38899fa48fdecaeb95264\"},\"breadcrumb\":{\"@id\":\"https:\/\/www.czech-neuro.cz\/aktualita\/5-ean-kongres-oslo-2019-zpravy-z-odbornych-panelu\/#breadcrumb\"},\"inLanguage\":\"cs\",\"potentialAction\":[{\"@type\":\"ReadAction\",\"target\":[\"https:\/\/www.czech-neuro.cz\/aktualita\/5-ean-kongres-oslo-2019-zpravy-z-odbornych-panelu\/\"]}]},{\"@type\":\"ImageObject\",\"inLanguage\":\"cs\",\"@id\":\"https:\/\/www.czech-neuro.cz\/aktualita\/5-ean-kongres-oslo-2019-zpravy-z-odbornych-panelu\/#primaryimage\",\"url\":\"https:\/\/www.czech-neuro.cz\/content\/uploads\/2019\/10\/ean_logo-0b643d9a.png\",\"contentUrl\":\"https:\/\/www.czech-neuro.cz\/content\/uploads\/2019\/10\/ean_logo-0b643d9a.png\",\"width\":653,\"height\":490},{\"@type\":\"BreadcrumbList\",\"@id\":\"https:\/\/www.czech-neuro.cz\/aktualita\/5-ean-kongres-oslo-2019-zpravy-z-odbornych-panelu\/#breadcrumb\",\"itemListElement\":[{\"@type\":\"ListItem\",\"position\":1,\"name\":\"Dom\u016f\",\"item\":\"https:\/\/www.czech-neuro.cz\/\"},{\"@type\":\"ListItem\",\"position\":2,\"name\":\"5. EAN kongres Oslo 2019: Zpr\u00e1vy z&nbsp;odborn\u00fdch panel\u016f\"}]},{\"@type\":\"WebSite\",\"@id\":\"https:\/\/www.czech-neuro.cz\/#website\",\"url\":\"https:\/\/www.czech-neuro.cz\/\",\"name\":\"\u010cesk\u00e1 neurologick\u00e1 spole\u010dnost\",\"description\":\"\u010cesk\u00e1 neurologick\u00e1 spole\u010dnost je odborn\u00e1 v\u011bdeck\u00e1 spole\u010dnost, jej\u00edm\u017e c\u00edlem je db\u00e1t o rozvoj neurologie jako v\u00fdznamn\u00e9 l\u00e9ka\u0159sk\u00e9 a v\u011bdeck\u00e9 discipliny v \u010cesk\u00e9 republice.\",\"potentialAction\":[{\"@type\":\"SearchAction\",\"target\":{\"@type\":\"EntryPoint\",\"urlTemplate\":\"https:\/\/www.czech-neuro.cz\/?s={search_term_string}\"},\"query-input\":{\"@type\":\"PropertyValueSpecification\",\"valueRequired\":true,\"valueName\":\"search_term_string\"}}],\"inLanguage\":\"cs\"},{\"@type\":\"Person\",\"@id\":\"https:\/\/www.czech-neuro.cz\/#\/schema\/person\/af981b1d7fc38899fa48fdecaeb95264\",\"name\":\"Sekretari\u00e1t \u010cNS\",\"image\":{\"@type\":\"ImageObject\",\"inLanguage\":\"cs\",\"@id\":\"https:\/\/www.czech-neuro.cz\/#\/schema\/person\/image\/\",\"url\":\"https:\/\/www.czech-neuro.cz\/content\/uploads\/ap_avatars\/edcaf9b0d68692e3915c31d046e10fb8.jpg\",\"contentUrl\":\"https:\/\/www.czech-neuro.cz\/content\/uploads\/ap_avatars\/edcaf9b0d68692e3915c31d046e10fb8.jpg\",\"caption\":\"Sekretari\u00e1t \u010cNS\"},\"url\":\"https:\/\/www.czech-neuro.cz\/aktualita\/autor\/janurkovaassociationhouse-cz\/\"}]}<\/script>\n<!-- \/ Yoast SEO Premium plugin. -->","yoast_head_json":{"title":"5. EAN kongres Oslo 2019: Zpr\u00e1vy z odborn\u00fdch panel\u016f - \u010cesk\u00e1 neurologick\u00e1 spole\u010dnost","robots":{"index":"index","follow":"follow","max-snippet":"max-snippet:-1","max-image-preview":"max-image-preview:large","max-video-preview":"max-video-preview:-1"},"canonical":"https:\/\/www.czech-neuro.cz\/aktualita\/5-ean-kongres-oslo-2019-zpravy-z-odbornych-panelu\/","og_locale":"cs_CZ","og_type":"article","og_title":"5. EAN kongres Oslo 2019: Zpr\u00e1vy z odborn\u00fdch panel\u016f","og_description":"V\u00e1\u017een\u00ed, ve dnech\u00a0\u00a029.6. \u2013 2.7.&nbsp;2019 se v&nbsp;Oslu konal 5.&nbsp;ro\u010dn\u00edk Congress of the European Academy of Neurology.\u00a0Z\u00e1stupci \u010cesk\u00e9 neurologick\u00e9 spole\u010dnosti, kte\u0159\u00ed...","og_url":"https:\/\/www.czech-neuro.cz\/aktualita\/5-ean-kongres-oslo-2019-zpravy-z-odbornych-panelu\/","og_site_name":"\u010cesk\u00e1 neurologick\u00e1 spole\u010dnost","article_published_time":"2019-10-23T09:36:16+00:00","article_modified_time":"2019-10-23T09:38:13+00:00","og_image":[{"width":653,"height":490,"url":"https:\/\/www.czech-neuro.cz\/content\/uploads\/2019\/10\/ean_logo-0b643d9a.png","type":"image\/png"}],"author":"Sekretari\u00e1t \u010cNS","twitter_card":"summary_large_image","twitter_misc":{"Napsal(a)":"Sekretari\u00e1t \u010cNS"},"schema":{"@context":"https:\/\/schema.org","@graph":[{"@type":"WebPage","@id":"https:\/\/www.czech-neuro.cz\/aktualita\/5-ean-kongres-oslo-2019-zpravy-z-odbornych-panelu\/","url":"https:\/\/www.czech-neuro.cz\/aktualita\/5-ean-kongres-oslo-2019-zpravy-z-odbornych-panelu\/","name":"5. EAN kongres Oslo 2019: Zpr\u00e1vy z odborn\u00fdch panel\u016f - \u010cesk\u00e1 neurologick\u00e1 spole\u010dnost","isPartOf":{"@id":"https:\/\/www.czech-neuro.cz\/#website"},"primaryImageOfPage":{"@id":"https:\/\/www.czech-neuro.cz\/aktualita\/5-ean-kongres-oslo-2019-zpravy-z-odbornych-panelu\/#primaryimage"},"image":{"@id":"https:\/\/www.czech-neuro.cz\/aktualita\/5-ean-kongres-oslo-2019-zpravy-z-odbornych-panelu\/#primaryimage"},"thumbnailUrl":"https:\/\/www.czech-neuro.cz\/content\/uploads\/2019\/10\/ean_logo-0b643d9a.png","datePublished":"2019-10-23T09:36:16+00:00","dateModified":"2019-10-23T09:38:13+00:00","author":{"@id":"https:\/\/www.czech-neuro.cz\/#\/schema\/person\/af981b1d7fc38899fa48fdecaeb95264"},"breadcrumb":{"@id":"https:\/\/www.czech-neuro.cz\/aktualita\/5-ean-kongres-oslo-2019-zpravy-z-odbornych-panelu\/#breadcrumb"},"inLanguage":"cs","potentialAction":[{"@type":"ReadAction","target":["https:\/\/www.czech-neuro.cz\/aktualita\/5-ean-kongres-oslo-2019-zpravy-z-odbornych-panelu\/"]}]},{"@type":"ImageObject","inLanguage":"cs","@id":"https:\/\/www.czech-neuro.cz\/aktualita\/5-ean-kongres-oslo-2019-zpravy-z-odbornych-panelu\/#primaryimage","url":"https:\/\/www.czech-neuro.cz\/content\/uploads\/2019\/10\/ean_logo-0b643d9a.png","contentUrl":"https:\/\/www.czech-neuro.cz\/content\/uploads\/2019\/10\/ean_logo-0b643d9a.png","width":653,"height":490},{"@type":"BreadcrumbList","@id":"https:\/\/www.czech-neuro.cz\/aktualita\/5-ean-kongres-oslo-2019-zpravy-z-odbornych-panelu\/#breadcrumb","itemListElement":[{"@type":"ListItem","position":1,"name":"Dom\u016f","item":"https:\/\/www.czech-neuro.cz\/"},{"@type":"ListItem","position":2,"name":"5. EAN kongres Oslo 2019: Zpr\u00e1vy z&nbsp;odborn\u00fdch panel\u016f"}]},{"@type":"WebSite","@id":"https:\/\/www.czech-neuro.cz\/#website","url":"https:\/\/www.czech-neuro.cz\/","name":"\u010cesk\u00e1 neurologick\u00e1 spole\u010dnost","description":"\u010cesk\u00e1 neurologick\u00e1 spole\u010dnost je odborn\u00e1 v\u011bdeck\u00e1 spole\u010dnost, jej\u00edm\u017e c\u00edlem je db\u00e1t o rozvoj neurologie jako v\u00fdznamn\u00e9 l\u00e9ka\u0159sk\u00e9 a v\u011bdeck\u00e9 discipliny v \u010cesk\u00e9 republice.","potentialAction":[{"@type":"SearchAction","target":{"@type":"EntryPoint","urlTemplate":"https:\/\/www.czech-neuro.cz\/?s={search_term_string}"},"query-input":{"@type":"PropertyValueSpecification","valueRequired":true,"valueName":"search_term_string"}}],"inLanguage":"cs"},{"@type":"Person","@id":"https:\/\/www.czech-neuro.cz\/#\/schema\/person\/af981b1d7fc38899fa48fdecaeb95264","name":"Sekretari\u00e1t \u010cNS","image":{"@type":"ImageObject","inLanguage":"cs","@id":"https:\/\/www.czech-neuro.cz\/#\/schema\/person\/image\/","url":"https:\/\/www.czech-neuro.cz\/content\/uploads\/ap_avatars\/edcaf9b0d68692e3915c31d046e10fb8.jpg","contentUrl":"https:\/\/www.czech-neuro.cz\/content\/uploads\/ap_avatars\/edcaf9b0d68692e3915c31d046e10fb8.jpg","caption":"Sekretari\u00e1t \u010cNS"},"url":"https:\/\/www.czech-neuro.cz\/aktualita\/autor\/janurkovaassociationhouse-cz\/"}]}},"lang":"cs","translations":{"cs":8502},"_links":{"self":[{"href":"https:\/\/www.czech-neuro.cz\/api\/wp\/v2\/posts\/8502","targetHints":{"allow":["GET"]}}],"collection":[{"href":"https:\/\/www.czech-neuro.cz\/api\/wp\/v2\/posts"}],"about":[{"href":"https:\/\/www.czech-neuro.cz\/api\/wp\/v2\/types\/post"}],"author":[{"embeddable":true,"href":"https:\/\/www.czech-neuro.cz\/api\/wp\/v2\/users\/23"}],"replies":[{"embeddable":true,"href":"https:\/\/www.czech-neuro.cz\/api\/wp\/v2\/comments?post=8502"}],"version-history":[{"count":0,"href":"https:\/\/www.czech-neuro.cz\/api\/wp\/v2\/posts\/8502\/revisions"}],"wp:featuredmedia":[{"embeddable":true,"href":"https:\/\/www.czech-neuro.cz\/api\/wp\/v2\/media\/8505"}],"wp:attachment":[{"href":"https:\/\/www.czech-neuro.cz\/api\/wp\/v2\/media?parent=8502"}],"wp:term":[{"taxonomy":"category","embeddable":true,"href":"https:\/\/www.czech-neuro.cz\/api\/wp\/v2\/categories?post=8502"},{"taxonomy":"post_tag","embeddable":true,"href":"https:\/\/www.czech-neuro.cz\/api\/wp\/v2\/tags?post=8502"}],"curies":[{"name":"wp","href":"https:\/\/api.w.org\/{rel}","templated":true}]}}