{"id":8173,"date":"2019-07-12T11:01:47","date_gmt":"2019-07-12T09:01:47","guid":{"rendered":"https:\/\/www.czech-neuro.cz\/?p=8173"},"modified":"2019-09-27T09:41:10","modified_gmt":"2019-09-27T07:41:10","slug":"cestovni-granty-ceske-neurologicke-spolecnosti-cls-jep-k-ucasti-na-33-ceskem-a-slovenskem-neurologickem-sjezdu","status":"publish","type":"post","link":"https:\/\/www.czech-neuro.cz\/aktualita\/cestovni-granty-ceske-neurologicke-spolecnosti-cls-jep-k-ucasti-na-33-ceskem-a-slovenskem-neurologickem-sjezdu\/","title":{"rendered":"Cestovn\u00ed granty \u010cesk\u00e9 neurologick\u00e9 spole\u010dnosti \u010cLS JEP k&nbsp;\u00fa\u010dasti na 33.&nbsp;\u010desk\u00e9m a&nbsp;slovensk\u00e9m neurologick\u00e9m sjezdu"},"content":{"rendered":"<p>\u010cesk\u00e1 neurologick\u00e1 spole\u010dnost \u010cLS JEP (\u010cNS) vypisuje pro <strong>rok 2019<\/strong> cestovn\u00ed grant pro mlad\u00e9 l\u00e9ka\u0159e na podporu\u00a0\u00fa\u010dasti na <b>33.&nbsp;\u010desk\u00e9m a&nbsp;slovensk\u00e9m neurologick\u00e9m sjezdu<\/b>, kter\u00fd se kon\u00e1 <b>27.&nbsp;a\u017e 30.\u00a011.&nbsp;2019<\/b>. v&nbsp;Kongresov\u00e9m centru v&nbsp;Praze. V\u00edce informac\u00ed v&nbsp;rubrice <a href=\"https:\/\/www.czech-neuro.cz\/clenstvi\/granty-a-dotace\/\">granty a&nbsp;dotace\u00a0<\/a><\/p>\n","protected":false},"excerpt":{"rendered":"<p>\u010cesk\u00e1 neurologick\u00e1 spole\u010dnost \u010cLS JEP (\u010cNS) vypisuje pro rok 2019 cestovn\u00ed grant pro mlad\u00e9 l\u00e9ka\u0159e na podporu\u00a0\u00fa\u010dasti na 33.&nbsp;\u010desk\u00e9m a&nbsp;slovensk\u00e9m&#8230;<\/p>\n","protected":false},"author":23,"featured_media":8174,"comment_status":"closed","ping_status":"closed","sticky":false,"template":"","format":"standard","meta":{"_acf_changed":false,"_searchwp_excluded":"","kia_subtitle":""},"categories":[1],"tags":[],"class_list":["post-8173","post","type-post","status-publish","has-post-thumbnail","hentry","category-nezarazene"],"acf":[],"yoast_head":"<!-- This site is optimized with the Yoast SEO Premium plugin v26.2 (Yoast SEO v26.2) - https:\/\/yoast.com\/wordpress\/plugins\/seo\/ -->\n<title>Cestovn\u00ed granty \u010cesk\u00e9 neurologick\u00e9 spole\u010dnosti \u010cLS JEP k \u00fa\u010dasti na 33. \u010desk\u00e9m a slovensk\u00e9m neurologick\u00e9m sjezdu - \u010cesk\u00e1 neurologick\u00e1 spole\u010dnost<\/title>\n<meta name=\"robots\" content=\"index, follow, max-snippet:-1, max-image-preview:large, max-video-preview:-1\" \/>\n<link rel=\"canonical\" href=\"https:\/\/www.czech-neuro.cz\/aktualita\/cestovni-granty-ceske-neurologicke-spolecnosti-cls-jep-k-ucasti-na-33-ceskem-a-slovenskem-neurologickem-sjezdu\/\" \/>\n<meta property=\"og:locale\" content=\"cs_CZ\" \/>\n<meta property=\"og:type\" content=\"article\" \/>\n<meta property=\"og:title\" content=\"Cestovn\u00ed granty \u010cesk\u00e9 neurologick\u00e9 spole\u010dnosti \u010cLS JEP k \u00fa\u010dasti na 33. \u010desk\u00e9m a slovensk\u00e9m neurologick\u00e9m sjezdu\" \/>\n<meta property=\"og:description\" content=\"\u010cesk\u00e1 neurologick\u00e1 spole\u010dnost \u010cLS JEP (\u010cNS) vypisuje pro rok 2019 cestovn\u00ed grant pro mlad\u00e9 l\u00e9ka\u0159e na podporu\u00a0\u00fa\u010dasti na 33.&nbsp;\u010desk\u00e9m a&nbsp;slovensk\u00e9m...\" \/>\n<meta property=\"og:url\" content=\"https:\/\/www.czech-neuro.cz\/aktualita\/cestovni-granty-ceske-neurologicke-spolecnosti-cls-jep-k-ucasti-na-33-ceskem-a-slovenskem-neurologickem-sjezdu\/\" \/>\n<meta property=\"og:site_name\" content=\"\u010cesk\u00e1 neurologick\u00e1 spole\u010dnost\" \/>\n<meta property=\"article:published_time\" content=\"2019-07-12T09:01:47+00:00\" \/>\n<meta property=\"article:modified_time\" content=\"2019-09-27T07:41:10+00:00\" \/>\n<meta property=\"og:image\" content=\"https:\/\/www.czech-neuro.cz\/content\/uploads\/2019\/07\/cestovni-grant.jpg\" \/>\n\t<meta property=\"og:image:width\" content=\"3600\" \/>\n\t<meta property=\"og:image:height\" content=\"3000\" \/>\n\t<meta property=\"og:image:type\" content=\"image\/jpeg\" \/>\n<meta name=\"author\" content=\"Sekretari\u00e1t \u010cNS\" \/>\n<meta name=\"twitter:card\" content=\"summary_large_image\" \/>\n<meta name=\"twitter:label1\" content=\"Napsal(a)\" \/>\n\t<meta name=\"twitter:data1\" content=\"Sekretari\u00e1t \u010cNS\" \/>\n<script type=\"application\/ld+json\" class=\"yoast-schema-graph\">{\"@context\":\"https:\/\/schema.org\",\"@graph\":[{\"@type\":\"WebPage\",\"@id\":\"https:\/\/www.czech-neuro.cz\/aktualita\/cestovni-granty-ceske-neurologicke-spolecnosti-cls-jep-k-ucasti-na-33-ceskem-a-slovenskem-neurologickem-sjezdu\/\",\"url\":\"https:\/\/www.czech-neuro.cz\/aktualita\/cestovni-granty-ceske-neurologicke-spolecnosti-cls-jep-k-ucasti-na-33-ceskem-a-slovenskem-neurologickem-sjezdu\/\",\"name\":\"Cestovn\u00ed granty \u010cesk\u00e9 neurologick\u00e9 spole\u010dnosti \u010cLS JEP k \u00fa\u010dasti na 33. \u010desk\u00e9m a slovensk\u00e9m neurologick\u00e9m sjezdu - \u010cesk\u00e1 neurologick\u00e1 spole\u010dnost\",\"isPartOf\":{\"@id\":\"https:\/\/www.czech-neuro.cz\/#website\"},\"primaryImageOfPage\":{\"@id\":\"https:\/\/www.czech-neuro.cz\/aktualita\/cestovni-granty-ceske-neurologicke-spolecnosti-cls-jep-k-ucasti-na-33-ceskem-a-slovenskem-neurologickem-sjezdu\/#primaryimage\"},\"image\":{\"@id\":\"https:\/\/www.czech-neuro.cz\/aktualita\/cestovni-granty-ceske-neurologicke-spolecnosti-cls-jep-k-ucasti-na-33-ceskem-a-slovenskem-neurologickem-sjezdu\/#primaryimage\"},\"thumbnailUrl\":\"https:\/\/www.czech-neuro.cz\/content\/uploads\/2019\/07\/cestovni-grant.jpg\",\"datePublished\":\"2019-07-12T09:01:47+00:00\",\"dateModified\":\"2019-09-27T07:41:10+00:00\",\"author\":{\"@id\":\"https:\/\/www.czech-neuro.cz\/#\/schema\/person\/af981b1d7fc38899fa48fdecaeb95264\"},\"breadcrumb\":{\"@id\":\"https:\/\/www.czech-neuro.cz\/aktualita\/cestovni-granty-ceske-neurologicke-spolecnosti-cls-jep-k-ucasti-na-33-ceskem-a-slovenskem-neurologickem-sjezdu\/#breadcrumb\"},\"inLanguage\":\"cs\",\"potentialAction\":[{\"@type\":\"ReadAction\",\"target\":[\"https:\/\/www.czech-neuro.cz\/aktualita\/cestovni-granty-ceske-neurologicke-spolecnosti-cls-jep-k-ucasti-na-33-ceskem-a-slovenskem-neurologickem-sjezdu\/\"]}]},{\"@type\":\"ImageObject\",\"inLanguage\":\"cs\",\"@id\":\"https:\/\/www.czech-neuro.cz\/aktualita\/cestovni-granty-ceske-neurologicke-spolecnosti-cls-jep-k-ucasti-na-33-ceskem-a-slovenskem-neurologickem-sjezdu\/#primaryimage\",\"url\":\"https:\/\/www.czech-neuro.cz\/content\/uploads\/2019\/07\/cestovni-grant.jpg\",\"contentUrl\":\"https:\/\/www.czech-neuro.cz\/content\/uploads\/2019\/07\/cestovni-grant.jpg\",\"width\":3600,\"height\":3000},{\"@type\":\"BreadcrumbList\",\"@id\":\"https:\/\/www.czech-neuro.cz\/aktualita\/cestovni-granty-ceske-neurologicke-spolecnosti-cls-jep-k-ucasti-na-33-ceskem-a-slovenskem-neurologickem-sjezdu\/#breadcrumb\",\"itemListElement\":[{\"@type\":\"ListItem\",\"position\":1,\"name\":\"Dom\u016f\",\"item\":\"https:\/\/www.czech-neuro.cz\/\"},{\"@type\":\"ListItem\",\"position\":2,\"name\":\"Cestovn\u00ed granty \u010cesk\u00e9 neurologick\u00e9 spole\u010dnosti \u010cLS JEP k&nbsp;\u00fa\u010dasti na 33.&nbsp;\u010desk\u00e9m a&nbsp;slovensk\u00e9m neurologick\u00e9m sjezdu\"}]},{\"@type\":\"WebSite\",\"@id\":\"https:\/\/www.czech-neuro.cz\/#website\",\"url\":\"https:\/\/www.czech-neuro.cz\/\",\"name\":\"\u010cesk\u00e1 neurologick\u00e1 spole\u010dnost\",\"description\":\"\u010cesk\u00e1 neurologick\u00e1 spole\u010dnost je odborn\u00e1 v\u011bdeck\u00e1 spole\u010dnost, jej\u00edm\u017e c\u00edlem je db\u00e1t o rozvoj neurologie jako v\u00fdznamn\u00e9 l\u00e9ka\u0159sk\u00e9 a v\u011bdeck\u00e9 discipliny v \u010cesk\u00e9 republice.\",\"potentialAction\":[{\"@type\":\"SearchAction\",\"target\":{\"@type\":\"EntryPoint\",\"urlTemplate\":\"https:\/\/www.czech-neuro.cz\/?s={search_term_string}\"},\"query-input\":{\"@type\":\"PropertyValueSpecification\",\"valueRequired\":true,\"valueName\":\"search_term_string\"}}],\"inLanguage\":\"cs\"},{\"@type\":\"Person\",\"@id\":\"https:\/\/www.czech-neuro.cz\/#\/schema\/person\/af981b1d7fc38899fa48fdecaeb95264\",\"name\":\"Sekretari\u00e1t \u010cNS\",\"image\":{\"@type\":\"ImageObject\",\"inLanguage\":\"cs\",\"@id\":\"https:\/\/www.czech-neuro.cz\/#\/schema\/person\/image\/\",\"url\":\"https:\/\/www.czech-neuro.cz\/content\/uploads\/ap_avatars\/edcaf9b0d68692e3915c31d046e10fb8.jpg\",\"contentUrl\":\"https:\/\/www.czech-neuro.cz\/content\/uploads\/ap_avatars\/edcaf9b0d68692e3915c31d046e10fb8.jpg\",\"caption\":\"Sekretari\u00e1t \u010cNS\"},\"url\":\"https:\/\/www.czech-neuro.cz\/aktualita\/autor\/janurkovaassociationhouse-cz\/\"}]}<\/script>\n<!-- \/ Yoast SEO Premium plugin. -->","yoast_head_json":{"title":"Cestovn\u00ed granty \u010cesk\u00e9 neurologick\u00e9 spole\u010dnosti \u010cLS JEP k \u00fa\u010dasti na 33. \u010desk\u00e9m a slovensk\u00e9m neurologick\u00e9m sjezdu - \u010cesk\u00e1 neurologick\u00e1 spole\u010dnost","robots":{"index":"index","follow":"follow","max-snippet":"max-snippet:-1","max-image-preview":"max-image-preview:large","max-video-preview":"max-video-preview:-1"},"canonical":"https:\/\/www.czech-neuro.cz\/aktualita\/cestovni-granty-ceske-neurologicke-spolecnosti-cls-jep-k-ucasti-na-33-ceskem-a-slovenskem-neurologickem-sjezdu\/","og_locale":"cs_CZ","og_type":"article","og_title":"Cestovn\u00ed granty \u010cesk\u00e9 neurologick\u00e9 spole\u010dnosti \u010cLS JEP k \u00fa\u010dasti na 33. \u010desk\u00e9m a slovensk\u00e9m neurologick\u00e9m sjezdu","og_description":"\u010cesk\u00e1 neurologick\u00e1 spole\u010dnost \u010cLS JEP (\u010cNS) vypisuje pro rok 2019 cestovn\u00ed grant pro mlad\u00e9 l\u00e9ka\u0159e na podporu\u00a0\u00fa\u010dasti na 33.&nbsp;\u010desk\u00e9m a&nbsp;slovensk\u00e9m...","og_url":"https:\/\/www.czech-neuro.cz\/aktualita\/cestovni-granty-ceske-neurologicke-spolecnosti-cls-jep-k-ucasti-na-33-ceskem-a-slovenskem-neurologickem-sjezdu\/","og_site_name":"\u010cesk\u00e1 neurologick\u00e1 spole\u010dnost","article_published_time":"2019-07-12T09:01:47+00:00","article_modified_time":"2019-09-27T07:41:10+00:00","og_image":[{"width":3600,"height":3000,"url":"https:\/\/www.czech-neuro.cz\/content\/uploads\/2019\/07\/cestovni-grant.jpg","type":"image\/jpeg"}],"author":"Sekretari\u00e1t \u010cNS","twitter_card":"summary_large_image","twitter_misc":{"Napsal(a)":"Sekretari\u00e1t \u010cNS"},"schema":{"@context":"https:\/\/schema.org","@graph":[{"@type":"WebPage","@id":"https:\/\/www.czech-neuro.cz\/aktualita\/cestovni-granty-ceske-neurologicke-spolecnosti-cls-jep-k-ucasti-na-33-ceskem-a-slovenskem-neurologickem-sjezdu\/","url":"https:\/\/www.czech-neuro.cz\/aktualita\/cestovni-granty-ceske-neurologicke-spolecnosti-cls-jep-k-ucasti-na-33-ceskem-a-slovenskem-neurologickem-sjezdu\/","name":"Cestovn\u00ed granty \u010cesk\u00e9 neurologick\u00e9 spole\u010dnosti \u010cLS JEP k \u00fa\u010dasti na 33. \u010desk\u00e9m a slovensk\u00e9m neurologick\u00e9m sjezdu - \u010cesk\u00e1 neurologick\u00e1 spole\u010dnost","isPartOf":{"@id":"https:\/\/www.czech-neuro.cz\/#website"},"primaryImageOfPage":{"@id":"https:\/\/www.czech-neuro.cz\/aktualita\/cestovni-granty-ceske-neurologicke-spolecnosti-cls-jep-k-ucasti-na-33-ceskem-a-slovenskem-neurologickem-sjezdu\/#primaryimage"},"image":{"@id":"https:\/\/www.czech-neuro.cz\/aktualita\/cestovni-granty-ceske-neurologicke-spolecnosti-cls-jep-k-ucasti-na-33-ceskem-a-slovenskem-neurologickem-sjezdu\/#primaryimage"},"thumbnailUrl":"https:\/\/www.czech-neuro.cz\/content\/uploads\/2019\/07\/cestovni-grant.jpg","datePublished":"2019-07-12T09:01:47+00:00","dateModified":"2019-09-27T07:41:10+00:00","author":{"@id":"https:\/\/www.czech-neuro.cz\/#\/schema\/person\/af981b1d7fc38899fa48fdecaeb95264"},"breadcrumb":{"@id":"https:\/\/www.czech-neuro.cz\/aktualita\/cestovni-granty-ceske-neurologicke-spolecnosti-cls-jep-k-ucasti-na-33-ceskem-a-slovenskem-neurologickem-sjezdu\/#breadcrumb"},"inLanguage":"cs","potentialAction":[{"@type":"ReadAction","target":["https:\/\/www.czech-neuro.cz\/aktualita\/cestovni-granty-ceske-neurologicke-spolecnosti-cls-jep-k-ucasti-na-33-ceskem-a-slovenskem-neurologickem-sjezdu\/"]}]},{"@type":"ImageObject","inLanguage":"cs","@id":"https:\/\/www.czech-neuro.cz\/aktualita\/cestovni-granty-ceske-neurologicke-spolecnosti-cls-jep-k-ucasti-na-33-ceskem-a-slovenskem-neurologickem-sjezdu\/#primaryimage","url":"https:\/\/www.czech-neuro.cz\/content\/uploads\/2019\/07\/cestovni-grant.jpg","contentUrl":"https:\/\/www.czech-neuro.cz\/content\/uploads\/2019\/07\/cestovni-grant.jpg","width":3600,"height":3000},{"@type":"BreadcrumbList","@id":"https:\/\/www.czech-neuro.cz\/aktualita\/cestovni-granty-ceske-neurologicke-spolecnosti-cls-jep-k-ucasti-na-33-ceskem-a-slovenskem-neurologickem-sjezdu\/#breadcrumb","itemListElement":[{"@type":"ListItem","position":1,"name":"Dom\u016f","item":"https:\/\/www.czech-neuro.cz\/"},{"@type":"ListItem","position":2,"name":"Cestovn\u00ed granty \u010cesk\u00e9 neurologick\u00e9 spole\u010dnosti \u010cLS JEP k&nbsp;\u00fa\u010dasti na 33.&nbsp;\u010desk\u00e9m a&nbsp;slovensk\u00e9m neurologick\u00e9m sjezdu"}]},{"@type":"WebSite","@id":"https:\/\/www.czech-neuro.cz\/#website","url":"https:\/\/www.czech-neuro.cz\/","name":"\u010cesk\u00e1 neurologick\u00e1 spole\u010dnost","description":"\u010cesk\u00e1 neurologick\u00e1 spole\u010dnost je odborn\u00e1 v\u011bdeck\u00e1 spole\u010dnost, jej\u00edm\u017e c\u00edlem je db\u00e1t o rozvoj neurologie jako v\u00fdznamn\u00e9 l\u00e9ka\u0159sk\u00e9 a v\u011bdeck\u00e9 discipliny v \u010cesk\u00e9 republice.","potentialAction":[{"@type":"SearchAction","target":{"@type":"EntryPoint","urlTemplate":"https:\/\/www.czech-neuro.cz\/?s={search_term_string}"},"query-input":{"@type":"PropertyValueSpecification","valueRequired":true,"valueName":"search_term_string"}}],"inLanguage":"cs"},{"@type":"Person","@id":"https:\/\/www.czech-neuro.cz\/#\/schema\/person\/af981b1d7fc38899fa48fdecaeb95264","name":"Sekretari\u00e1t \u010cNS","image":{"@type":"ImageObject","inLanguage":"cs","@id":"https:\/\/www.czech-neuro.cz\/#\/schema\/person\/image\/","url":"https:\/\/www.czech-neuro.cz\/content\/uploads\/ap_avatars\/edcaf9b0d68692e3915c31d046e10fb8.jpg","contentUrl":"https:\/\/www.czech-neuro.cz\/content\/uploads\/ap_avatars\/edcaf9b0d68692e3915c31d046e10fb8.jpg","caption":"Sekretari\u00e1t \u010cNS"},"url":"https:\/\/www.czech-neuro.cz\/aktualita\/autor\/janurkovaassociationhouse-cz\/"}]}},"lang":"cs","translations":{"cs":8173},"_links":{"self":[{"href":"https:\/\/www.czech-neuro.cz\/api\/wp\/v2\/posts\/8173","targetHints":{"allow":["GET"]}}],"collection":[{"href":"https:\/\/www.czech-neuro.cz\/api\/wp\/v2\/posts"}],"about":[{"href":"https:\/\/www.czech-neuro.cz\/api\/wp\/v2\/types\/post"}],"author":[{"embeddable":true,"href":"https:\/\/www.czech-neuro.cz\/api\/wp\/v2\/users\/23"}],"replies":[{"embeddable":true,"href":"https:\/\/www.czech-neuro.cz\/api\/wp\/v2\/comments?post=8173"}],"version-history":[{"count":0,"href":"https:\/\/www.czech-neuro.cz\/api\/wp\/v2\/posts\/8173\/revisions"}],"wp:featuredmedia":[{"embeddable":true,"href":"https:\/\/www.czech-neuro.cz\/api\/wp\/v2\/media\/8174"}],"wp:attachment":[{"href":"https:\/\/www.czech-neuro.cz\/api\/wp\/v2\/media?parent=8173"}],"wp:term":[{"taxonomy":"category","embeddable":true,"href":"https:\/\/www.czech-neuro.cz\/api\/wp\/v2\/categories?post=8173"},{"taxonomy":"post_tag","embeddable":true,"href":"https:\/\/www.czech-neuro.cz\/api\/wp\/v2\/tags?post=8173"}],"curies":[{"name":"wp","href":"https:\/\/api.w.org\/{rel}","templated":true}]}}