{"id":8140,"date":"2019-07-02T10:49:54","date_gmt":"2019-07-02T08:49:54","guid":{"rendered":"https:\/\/www.czech-neuro.cz\/?p=8140"},"modified":"2019-07-02T10:49:54","modified_gmt":"2019-07-02T08:49:54","slug":"dohoda-mezi-eso-european-stroke-organisation-a-ceskou-neurologickou-spolecnosti-cerebrovaskularni-sekci","status":"publish","type":"post","link":"https:\/\/www.czech-neuro.cz\/aktualita\/dohoda-mezi-eso-european-stroke-organisation-a-ceskou-neurologickou-spolecnosti-cerebrovaskularni-sekci\/","title":{"rendered":"Dohoda mezi ESO (European Stroke Organisation) a&nbsp;\u010ceskou neurologickou spole\u010dnost\u00ed \u2013 Cerebrovaskul\u00e1rn\u00ed sekc\u00ed"},"content":{"rendered":"<p>V \u010dervnu leto\u0161n\u00edho roku se poda\u0159ilo \u00fasp\u011b\u0161n\u011b uzav\u0159\u00edt n\u011bkolikalet\u00e1 jedn\u00e1n\u00ed, prob\u00edhaj\u00edc\u00ed na p\u016fd\u011b ESO Stroke Unit Committee, kter\u00e1 se t\u00fdkaj\u00ed evropsk\u00fdch certifikac\u00ed Iktov\u00fdch center a&nbsp;Iktov\u00fdch jednotek (analogie na\u0161ich Vysoce specializovan\u00fdch cerebrovaskul\u00e1rn\u00edch center a&nbsp;center pro l\u00e9\u010dbu pacient\u016f s&nbsp;iktem). V\u00fdsledkem t\u011bchto jedn\u00e1n\u00ed je dohoda, kter\u00e1 umo\u017e\u0148uje iktov\u00fdm a&nbsp;cerebrovaskul\u00e1rn\u00edm centr\u016fm v&nbsp;\u010cR, je\u017e \u00fasp\u011b\u0161n\u011b projdou v&nbsp;p\u0159\u00ed\u0161t\u00edm roce n\u00e1rodn\u00ed recertifikac\u00ed, po\u017e\u00e1dat n\u00e1sledn\u011b o&nbsp;\u201ezjednodu\u0161enou certifikaci ESO\u201c. T\u00edmto zp\u016fsobem mohou z\u00edskat \u010desk\u00e1 centra velmi presti\u017en\u00ed certifik\u00e1t ESO Stroke Center nebo ESO Stroke Unit ve vst\u0159\u00edcn\u00e9m a&nbsp;jednoduch\u00e9m re\u017eimu, bez nutnosti po\u0159izov\u00e1n\u00ed rozs\u00e1hl\u00e9 form\u00e1ln\u00ed dokumentace v&nbsp;angli\u010dtin\u011b a&nbsp;pouze za symbolick\u00fd administrativn\u00ed poplatek.<\/p>\n<p>V\u00fdznam dohody vid\u00edm nejen ve skute\u010dnosti, \u017ee v&nbsp;bl\u00edzk\u00e9 budoucnosti se \u00fasp\u011b\u0161n\u00e1 \u010desk\u00e1 centra mohou pr\u00e1vem za\u0159adit mezi ofici\u00e1ln\u011b uzn\u00e1vanou evropskou elitu v&nbsp;cerebrovaskul\u00e1rn\u00ed p\u00e9\u010di a&nbsp;z\u00edskat tak mimo jin\u00e9 i&nbsp;p\u0159\u00edstup k&nbsp;pl\u00e1novan\u00fdm v\u011bdeck\u00fdm a&nbsp;vzd\u011bl\u00e1vac\u00edm projekt\u016fm, spolufinancovan\u00fdm Evropskou Uni\u00ed, ale i&nbsp;v&nbsp;tom, \u017ee tento \u010derstv\u011b podepsan\u00fd dokument je nesporn\u00fdm uzn\u00e1n\u00edm vysok\u00e9 odborn\u00e9 \u00farovn\u011b na\u0161\u00ed n\u00e1rodn\u00ed s\u00edt\u011b iktov\u00fdch a&nbsp;cerebrovaskul\u00e1rn\u00edch center i&nbsp;v\u011brohodnosti procesu n\u00e1rodn\u00ed certifikace, prob\u00edhaj\u00edc\u00ed v&nbsp;p\u011btilet\u00fdch cyklech. Podobn\u00e9 dohody ESO v&nbsp;sou\u010dasnosti uzav\u00edr\u00e1 krom\u011b \u010cR pouze se dv\u011bma dal\u0161\u00edmi st\u00e1ty \u2013 N\u011bmeckem a&nbsp;\u0160v\u00fdcarskem.<\/p>\n<p>Nezb\u00fdv\u00e1 ne\u017e pop\u0159\u00e1t si, abychom t\u00e9to nab\u00edzen\u00e9 v\u00fdhody ji\u017e v&nbsp;p\u0159\u00ed\u0161t\u00edm roce co nejl\u00e9pe vyu\u017eili a&nbsp;abychom platnost Dohody o&nbsp;zjednodu\u0161en\u00e9 certifikaci (kter\u00e1 nen\u00ed \u010dasov\u011b omezena, pokud ji n\u011bkter\u00e1 ze stran nevypov\u00ed, nebo pokud se z\u00e1sadn\u011b nezm\u011bn\u00ed podm\u00ednky certifikac\u00ed) udr\u017eeli co nejd\u00e9le.<\/p>\n<p>MUDr. Ond\u0159ej \u0160koda, Ph.D., FESO<\/p>\n<p>(\u010clen ESO Stroke Unit Committee v&nbsp;letech 2015 \u2013 2019)<\/p>\n","protected":false},"excerpt":{"rendered":"<p>V \u010dervnu leto\u0161n\u00edho roku se poda\u0159ilo \u00fasp\u011b\u0161n\u011b uzav\u0159\u00edt n\u011bkolikalet\u00e1 jedn\u00e1n\u00ed, prob\u00edhaj\u00edc\u00ed na p\u016fd\u011b ESO Stroke Unit Committee, kter\u00e1 se t\u00fdkaj\u00ed&#8230;<\/p>\n","protected":false},"author":23,"featured_media":8141,"comment_status":"closed","ping_status":"closed","sticky":false,"template":"","format":"standard","meta":{"_acf_changed":false,"_searchwp_excluded":"","kia_subtitle":""},"categories":[1],"tags":[],"class_list":["post-8140","post","type-post","status-publish","has-post-thumbnail","hentry","category-nezarazene"],"acf":[],"yoast_head":"<!-- This site is optimized with the Yoast SEO Premium plugin v26.2 (Yoast SEO v26.2) - https:\/\/yoast.com\/wordpress\/plugins\/seo\/ -->\n<title>Dohoda mezi ESO (European Stroke Organisation) a \u010ceskou neurologickou spole\u010dnost\u00ed \u2013 Cerebrovaskul\u00e1rn\u00ed sekc\u00ed - \u010cesk\u00e1 neurologick\u00e1 spole\u010dnost<\/title>\n<meta name=\"robots\" content=\"index, follow, max-snippet:-1, max-image-preview:large, max-video-preview:-1\" \/>\n<link rel=\"canonical\" href=\"https:\/\/www.czech-neuro.cz\/aktualita\/dohoda-mezi-eso-european-stroke-organisation-a-ceskou-neurologickou-spolecnosti-cerebrovaskularni-sekci\/\" \/>\n<meta property=\"og:locale\" content=\"cs_CZ\" \/>\n<meta property=\"og:type\" content=\"article\" \/>\n<meta property=\"og:title\" content=\"Dohoda mezi ESO (European Stroke Organisation) a \u010ceskou neurologickou spole\u010dnost\u00ed \u2013 Cerebrovaskul\u00e1rn\u00ed sekc\u00ed\" \/>\n<meta property=\"og:description\" content=\"V \u010dervnu leto\u0161n\u00edho roku se poda\u0159ilo \u00fasp\u011b\u0161n\u011b uzav\u0159\u00edt n\u011bkolikalet\u00e1 jedn\u00e1n\u00ed, prob\u00edhaj\u00edc\u00ed na p\u016fd\u011b ESO Stroke Unit Committee, kter\u00e1 se t\u00fdkaj\u00ed...\" \/>\n<meta property=\"og:url\" content=\"https:\/\/www.czech-neuro.cz\/aktualita\/dohoda-mezi-eso-european-stroke-organisation-a-ceskou-neurologickou-spolecnosti-cerebrovaskularni-sekci\/\" \/>\n<meta property=\"og:site_name\" content=\"\u010cesk\u00e1 neurologick\u00e1 spole\u010dnost\" \/>\n<meta property=\"article:published_time\" content=\"2019-07-02T08:49:54+00:00\" \/>\n<meta property=\"og:image\" content=\"https:\/\/www.czech-neuro.cz\/content\/uploads\/2019\/07\/logo.jpg\" \/>\n\t<meta property=\"og:image:width\" content=\"200\" \/>\n\t<meta property=\"og:image:height\" content=\"200\" \/>\n\t<meta property=\"og:image:type\" content=\"image\/jpeg\" \/>\n<meta name=\"author\" content=\"Sekretari\u00e1t \u010cNS\" \/>\n<meta name=\"twitter:card\" content=\"summary_large_image\" \/>\n<meta name=\"twitter:label1\" content=\"Napsal(a)\" \/>\n\t<meta name=\"twitter:data1\" content=\"Sekretari\u00e1t \u010cNS\" \/>\n\t<meta name=\"twitter:label2\" content=\"Odhadovan\u00e1 doba \u010dten\u00ed\" \/>\n\t<meta name=\"twitter:data2\" content=\"2 minuty\" \/>\n<script type=\"application\/ld+json\" class=\"yoast-schema-graph\">{\"@context\":\"https:\/\/schema.org\",\"@graph\":[{\"@type\":\"WebPage\",\"@id\":\"https:\/\/www.czech-neuro.cz\/aktualita\/dohoda-mezi-eso-european-stroke-organisation-a-ceskou-neurologickou-spolecnosti-cerebrovaskularni-sekci\/\",\"url\":\"https:\/\/www.czech-neuro.cz\/aktualita\/dohoda-mezi-eso-european-stroke-organisation-a-ceskou-neurologickou-spolecnosti-cerebrovaskularni-sekci\/\",\"name\":\"Dohoda mezi ESO (European Stroke Organisation) a \u010ceskou neurologickou spole\u010dnost\u00ed \u2013 Cerebrovaskul\u00e1rn\u00ed sekc\u00ed - \u010cesk\u00e1 neurologick\u00e1 spole\u010dnost\",\"isPartOf\":{\"@id\":\"https:\/\/www.czech-neuro.cz\/#website\"},\"primaryImageOfPage\":{\"@id\":\"https:\/\/www.czech-neuro.cz\/aktualita\/dohoda-mezi-eso-european-stroke-organisation-a-ceskou-neurologickou-spolecnosti-cerebrovaskularni-sekci\/#primaryimage\"},\"image\":{\"@id\":\"https:\/\/www.czech-neuro.cz\/aktualita\/dohoda-mezi-eso-european-stroke-organisation-a-ceskou-neurologickou-spolecnosti-cerebrovaskularni-sekci\/#primaryimage\"},\"thumbnailUrl\":\"https:\/\/www.czech-neuro.cz\/content\/uploads\/2019\/07\/logo.jpg\",\"datePublished\":\"2019-07-02T08:49:54+00:00\",\"author\":{\"@id\":\"https:\/\/www.czech-neuro.cz\/#\/schema\/person\/af981b1d7fc38899fa48fdecaeb95264\"},\"breadcrumb\":{\"@id\":\"https:\/\/www.czech-neuro.cz\/aktualita\/dohoda-mezi-eso-european-stroke-organisation-a-ceskou-neurologickou-spolecnosti-cerebrovaskularni-sekci\/#breadcrumb\"},\"inLanguage\":\"cs\",\"potentialAction\":[{\"@type\":\"ReadAction\",\"target\":[\"https:\/\/www.czech-neuro.cz\/aktualita\/dohoda-mezi-eso-european-stroke-organisation-a-ceskou-neurologickou-spolecnosti-cerebrovaskularni-sekci\/\"]}]},{\"@type\":\"ImageObject\",\"inLanguage\":\"cs\",\"@id\":\"https:\/\/www.czech-neuro.cz\/aktualita\/dohoda-mezi-eso-european-stroke-organisation-a-ceskou-neurologickou-spolecnosti-cerebrovaskularni-sekci\/#primaryimage\",\"url\":\"https:\/\/www.czech-neuro.cz\/content\/uploads\/2019\/07\/logo.jpg\",\"contentUrl\":\"https:\/\/www.czech-neuro.cz\/content\/uploads\/2019\/07\/logo.jpg\",\"width\":200,\"height\":200},{\"@type\":\"BreadcrumbList\",\"@id\":\"https:\/\/www.czech-neuro.cz\/aktualita\/dohoda-mezi-eso-european-stroke-organisation-a-ceskou-neurologickou-spolecnosti-cerebrovaskularni-sekci\/#breadcrumb\",\"itemListElement\":[{\"@type\":\"ListItem\",\"position\":1,\"name\":\"Dom\u016f\",\"item\":\"https:\/\/www.czech-neuro.cz\/\"},{\"@type\":\"ListItem\",\"position\":2,\"name\":\"Dohoda mezi ESO (European Stroke Organisation) a&nbsp;\u010ceskou neurologickou spole\u010dnost\u00ed \u2013 Cerebrovaskul\u00e1rn\u00ed sekc\u00ed\"}]},{\"@type\":\"WebSite\",\"@id\":\"https:\/\/www.czech-neuro.cz\/#website\",\"url\":\"https:\/\/www.czech-neuro.cz\/\",\"name\":\"\u010cesk\u00e1 neurologick\u00e1 spole\u010dnost\",\"description\":\"\u010cesk\u00e1 neurologick\u00e1 spole\u010dnost je odborn\u00e1 v\u011bdeck\u00e1 spole\u010dnost, jej\u00edm\u017e c\u00edlem je db\u00e1t o rozvoj neurologie jako v\u00fdznamn\u00e9 l\u00e9ka\u0159sk\u00e9 a v\u011bdeck\u00e9 discipliny v \u010cesk\u00e9 republice.\",\"potentialAction\":[{\"@type\":\"SearchAction\",\"target\":{\"@type\":\"EntryPoint\",\"urlTemplate\":\"https:\/\/www.czech-neuro.cz\/?s={search_term_string}\"},\"query-input\":{\"@type\":\"PropertyValueSpecification\",\"valueRequired\":true,\"valueName\":\"search_term_string\"}}],\"inLanguage\":\"cs\"},{\"@type\":\"Person\",\"@id\":\"https:\/\/www.czech-neuro.cz\/#\/schema\/person\/af981b1d7fc38899fa48fdecaeb95264\",\"name\":\"Sekretari\u00e1t \u010cNS\",\"image\":{\"@type\":\"ImageObject\",\"inLanguage\":\"cs\",\"@id\":\"https:\/\/www.czech-neuro.cz\/#\/schema\/person\/image\/\",\"url\":\"https:\/\/www.czech-neuro.cz\/content\/uploads\/ap_avatars\/edcaf9b0d68692e3915c31d046e10fb8.jpg\",\"contentUrl\":\"https:\/\/www.czech-neuro.cz\/content\/uploads\/ap_avatars\/edcaf9b0d68692e3915c31d046e10fb8.jpg\",\"caption\":\"Sekretari\u00e1t \u010cNS\"},\"url\":\"https:\/\/www.czech-neuro.cz\/aktualita\/autor\/janurkovaassociationhouse-cz\/\"}]}<\/script>\n<!-- \/ Yoast SEO Premium plugin. -->","yoast_head_json":{"title":"Dohoda mezi ESO (European Stroke Organisation) a \u010ceskou neurologickou spole\u010dnost\u00ed \u2013 Cerebrovaskul\u00e1rn\u00ed sekc\u00ed - \u010cesk\u00e1 neurologick\u00e1 spole\u010dnost","robots":{"index":"index","follow":"follow","max-snippet":"max-snippet:-1","max-image-preview":"max-image-preview:large","max-video-preview":"max-video-preview:-1"},"canonical":"https:\/\/www.czech-neuro.cz\/aktualita\/dohoda-mezi-eso-european-stroke-organisation-a-ceskou-neurologickou-spolecnosti-cerebrovaskularni-sekci\/","og_locale":"cs_CZ","og_type":"article","og_title":"Dohoda mezi ESO (European Stroke Organisation) a \u010ceskou neurologickou spole\u010dnost\u00ed \u2013 Cerebrovaskul\u00e1rn\u00ed sekc\u00ed","og_description":"V \u010dervnu leto\u0161n\u00edho roku se poda\u0159ilo \u00fasp\u011b\u0161n\u011b uzav\u0159\u00edt n\u011bkolikalet\u00e1 jedn\u00e1n\u00ed, prob\u00edhaj\u00edc\u00ed na p\u016fd\u011b ESO Stroke Unit Committee, kter\u00e1 se t\u00fdkaj\u00ed...","og_url":"https:\/\/www.czech-neuro.cz\/aktualita\/dohoda-mezi-eso-european-stroke-organisation-a-ceskou-neurologickou-spolecnosti-cerebrovaskularni-sekci\/","og_site_name":"\u010cesk\u00e1 neurologick\u00e1 spole\u010dnost","article_published_time":"2019-07-02T08:49:54+00:00","og_image":[{"width":200,"height":200,"url":"https:\/\/www.czech-neuro.cz\/content\/uploads\/2019\/07\/logo.jpg","type":"image\/jpeg"}],"author":"Sekretari\u00e1t \u010cNS","twitter_card":"summary_large_image","twitter_misc":{"Napsal(a)":"Sekretari\u00e1t \u010cNS","Odhadovan\u00e1 doba \u010dten\u00ed":"2 minuty"},"schema":{"@context":"https:\/\/schema.org","@graph":[{"@type":"WebPage","@id":"https:\/\/www.czech-neuro.cz\/aktualita\/dohoda-mezi-eso-european-stroke-organisation-a-ceskou-neurologickou-spolecnosti-cerebrovaskularni-sekci\/","url":"https:\/\/www.czech-neuro.cz\/aktualita\/dohoda-mezi-eso-european-stroke-organisation-a-ceskou-neurologickou-spolecnosti-cerebrovaskularni-sekci\/","name":"Dohoda mezi ESO (European Stroke Organisation) a \u010ceskou neurologickou spole\u010dnost\u00ed \u2013 Cerebrovaskul\u00e1rn\u00ed sekc\u00ed - \u010cesk\u00e1 neurologick\u00e1 spole\u010dnost","isPartOf":{"@id":"https:\/\/www.czech-neuro.cz\/#website"},"primaryImageOfPage":{"@id":"https:\/\/www.czech-neuro.cz\/aktualita\/dohoda-mezi-eso-european-stroke-organisation-a-ceskou-neurologickou-spolecnosti-cerebrovaskularni-sekci\/#primaryimage"},"image":{"@id":"https:\/\/www.czech-neuro.cz\/aktualita\/dohoda-mezi-eso-european-stroke-organisation-a-ceskou-neurologickou-spolecnosti-cerebrovaskularni-sekci\/#primaryimage"},"thumbnailUrl":"https:\/\/www.czech-neuro.cz\/content\/uploads\/2019\/07\/logo.jpg","datePublished":"2019-07-02T08:49:54+00:00","author":{"@id":"https:\/\/www.czech-neuro.cz\/#\/schema\/person\/af981b1d7fc38899fa48fdecaeb95264"},"breadcrumb":{"@id":"https:\/\/www.czech-neuro.cz\/aktualita\/dohoda-mezi-eso-european-stroke-organisation-a-ceskou-neurologickou-spolecnosti-cerebrovaskularni-sekci\/#breadcrumb"},"inLanguage":"cs","potentialAction":[{"@type":"ReadAction","target":["https:\/\/www.czech-neuro.cz\/aktualita\/dohoda-mezi-eso-european-stroke-organisation-a-ceskou-neurologickou-spolecnosti-cerebrovaskularni-sekci\/"]}]},{"@type":"ImageObject","inLanguage":"cs","@id":"https:\/\/www.czech-neuro.cz\/aktualita\/dohoda-mezi-eso-european-stroke-organisation-a-ceskou-neurologickou-spolecnosti-cerebrovaskularni-sekci\/#primaryimage","url":"https:\/\/www.czech-neuro.cz\/content\/uploads\/2019\/07\/logo.jpg","contentUrl":"https:\/\/www.czech-neuro.cz\/content\/uploads\/2019\/07\/logo.jpg","width":200,"height":200},{"@type":"BreadcrumbList","@id":"https:\/\/www.czech-neuro.cz\/aktualita\/dohoda-mezi-eso-european-stroke-organisation-a-ceskou-neurologickou-spolecnosti-cerebrovaskularni-sekci\/#breadcrumb","itemListElement":[{"@type":"ListItem","position":1,"name":"Dom\u016f","item":"https:\/\/www.czech-neuro.cz\/"},{"@type":"ListItem","position":2,"name":"Dohoda mezi ESO (European Stroke Organisation) a&nbsp;\u010ceskou neurologickou spole\u010dnost\u00ed \u2013 Cerebrovaskul\u00e1rn\u00ed sekc\u00ed"}]},{"@type":"WebSite","@id":"https:\/\/www.czech-neuro.cz\/#website","url":"https:\/\/www.czech-neuro.cz\/","name":"\u010cesk\u00e1 neurologick\u00e1 spole\u010dnost","description":"\u010cesk\u00e1 neurologick\u00e1 spole\u010dnost je odborn\u00e1 v\u011bdeck\u00e1 spole\u010dnost, jej\u00edm\u017e c\u00edlem je db\u00e1t o rozvoj neurologie jako v\u00fdznamn\u00e9 l\u00e9ka\u0159sk\u00e9 a v\u011bdeck\u00e9 discipliny v \u010cesk\u00e9 republice.","potentialAction":[{"@type":"SearchAction","target":{"@type":"EntryPoint","urlTemplate":"https:\/\/www.czech-neuro.cz\/?s={search_term_string}"},"query-input":{"@type":"PropertyValueSpecification","valueRequired":true,"valueName":"search_term_string"}}],"inLanguage":"cs"},{"@type":"Person","@id":"https:\/\/www.czech-neuro.cz\/#\/schema\/person\/af981b1d7fc38899fa48fdecaeb95264","name":"Sekretari\u00e1t \u010cNS","image":{"@type":"ImageObject","inLanguage":"cs","@id":"https:\/\/www.czech-neuro.cz\/#\/schema\/person\/image\/","url":"https:\/\/www.czech-neuro.cz\/content\/uploads\/ap_avatars\/edcaf9b0d68692e3915c31d046e10fb8.jpg","contentUrl":"https:\/\/www.czech-neuro.cz\/content\/uploads\/ap_avatars\/edcaf9b0d68692e3915c31d046e10fb8.jpg","caption":"Sekretari\u00e1t \u010cNS"},"url":"https:\/\/www.czech-neuro.cz\/aktualita\/autor\/janurkovaassociationhouse-cz\/"}]}},"lang":"cs","translations":{"cs":8140},"_links":{"self":[{"href":"https:\/\/www.czech-neuro.cz\/api\/wp\/v2\/posts\/8140","targetHints":{"allow":["GET"]}}],"collection":[{"href":"https:\/\/www.czech-neuro.cz\/api\/wp\/v2\/posts"}],"about":[{"href":"https:\/\/www.czech-neuro.cz\/api\/wp\/v2\/types\/post"}],"author":[{"embeddable":true,"href":"https:\/\/www.czech-neuro.cz\/api\/wp\/v2\/users\/23"}],"replies":[{"embeddable":true,"href":"https:\/\/www.czech-neuro.cz\/api\/wp\/v2\/comments?post=8140"}],"version-history":[{"count":0,"href":"https:\/\/www.czech-neuro.cz\/api\/wp\/v2\/posts\/8140\/revisions"}],"wp:featuredmedia":[{"embeddable":true,"href":"https:\/\/www.czech-neuro.cz\/api\/wp\/v2\/media\/8141"}],"wp:attachment":[{"href":"https:\/\/www.czech-neuro.cz\/api\/wp\/v2\/media?parent=8140"}],"wp:term":[{"taxonomy":"category","embeddable":true,"href":"https:\/\/www.czech-neuro.cz\/api\/wp\/v2\/categories?post=8140"},{"taxonomy":"post_tag","embeddable":true,"href":"https:\/\/www.czech-neuro.cz\/api\/wp\/v2\/tags?post=8140"}],"curies":[{"name":"wp","href":"https:\/\/api.w.org\/{rel}","templated":true}]}}