{"id":8010,"date":"2019-06-04T13:33:53","date_gmt":"2019-06-04T11:33:53","guid":{"rendered":"https:\/\/www.czech-neuro.cz\/?p=8010"},"modified":"2019-06-04T13:43:18","modified_gmt":"2019-06-04T11:43:18","slug":"cestovni-grant-ceske-neurologicke-spolecnosti-cls-jep-ean-2019","status":"publish","type":"post","link":"https:\/\/www.czech-neuro.cz\/aktualita\/cestovni-grant-ceske-neurologicke-spolecnosti-cls-jep-ean-2019\/","title":{"rendered":"Cestovn\u00ed grant \u010cesk\u00e9 neurologick\u00e9 spole\u010dnosti \u010cLS JEP \u2013 EAN 2019"},"content":{"rendered":"<p>\u010cesk\u00e1 neurologick\u00e1 spole\u010dnost \u010cLS JEP vypsala pro rok 2019 cestovn\u00ed grant pro mlad\u00e9 l\u00e9ka\u0159e na podporu \u00fa\u010dasti na <strong><a href=\"https:\/\/www.ean.org\/oslo2019\/5th-Congress-of-the-European-Academy-of-Neurology-Oslo-2019.3649.0.html\" target=\"_blank\" rel=\"noopener noreferrer\">5th Congress of the European Academy of Neurology,<\/a><\/strong>\u00a0kter\u00fd se bude konat v&nbsp;term\u00ednu <strong>29.&nbsp;\u010dervna \u2013 02.&nbsp;\u010dervence 2019 v&nbsp;Oslu<\/strong>.<\/p>\n<p>Tento grant byl poskytnut mlad\u00fdm l\u00e9ka\u0159\u016fm do 35 let, kte\u0159\u00ed se zaregistrovali a&nbsp;zaslali sv\u016fj abstrakt na EAN 2019. V\u00edce informac\u00ed, v\u010detn\u011b kompletn\u00edch podm\u00ednek pro z\u00edsk\u00e1n\u00ed grantu, naleznete na <a title=\"Granty a dotace\" href=\"https:\/\/www.czech-neuro.cz\/clenstvi\/granty-a-dotace\/\">https:\/\/www.czech-neuro.cz\/clenstvi\/granty-a-dotace\/.<\/a><\/p>\n<p>Seznam schv\u00e1len\u00fdch \u017e\u00e1dost\u00ed roku 2019 lze nal\u00e9zt <strong><a href=\"https:\/\/www.czech-neuro.cz\/content\/uploads\/2019\/06\/seznam-zadosti-grant-ean-2019-1.pdf\" target=\"_blank\" rel=\"noopener noreferrer\">zde<\/a>.<\/strong><\/p>\n","protected":false},"excerpt":{"rendered":"<p>\u010cesk\u00e1 neurologick\u00e1 spole\u010dnost \u010cLS JEP vypsala pro rok 2019 cestovn\u00ed grant pro mlad\u00e9 l\u00e9ka\u0159e na podporu \u00fa\u010dasti na 5th Congress&#8230;<\/p>\n","protected":false},"author":23,"featured_media":8011,"comment_status":"closed","ping_status":"closed","sticky":false,"template":"","format":"standard","meta":{"_acf_changed":false,"_searchwp_excluded":"","kia_subtitle":""},"categories":[1],"tags":[],"class_list":["post-8010","post","type-post","status-publish","has-post-thumbnail","hentry","category-nezarazene"],"acf":[],"yoast_head":"<!-- This site is optimized with the Yoast SEO Premium plugin v26.2 (Yoast SEO v26.2) - https:\/\/yoast.com\/wordpress\/plugins\/seo\/ -->\n<title>Cestovn\u00ed grant \u010cesk\u00e9 neurologick\u00e9 spole\u010dnosti \u010cLS JEP \u2013 EAN 2019 - \u010cesk\u00e1 neurologick\u00e1 spole\u010dnost<\/title>\n<meta name=\"robots\" content=\"index, follow, max-snippet:-1, max-image-preview:large, max-video-preview:-1\" \/>\n<link rel=\"canonical\" href=\"https:\/\/www.czech-neuro.cz\/aktualita\/cestovni-grant-ceske-neurologicke-spolecnosti-cls-jep-ean-2019\/\" \/>\n<meta property=\"og:locale\" content=\"cs_CZ\" \/>\n<meta property=\"og:type\" content=\"article\" \/>\n<meta property=\"og:title\" content=\"Cestovn\u00ed grant \u010cesk\u00e9 neurologick\u00e9 spole\u010dnosti \u010cLS JEP \u2013 EAN 2019\" \/>\n<meta property=\"og:description\" content=\"\u010cesk\u00e1 neurologick\u00e1 spole\u010dnost \u010cLS JEP vypsala pro rok 2019 cestovn\u00ed grant pro mlad\u00e9 l\u00e9ka\u0159e na podporu \u00fa\u010dasti na 5th Congress...\" \/>\n<meta property=\"og:url\" content=\"https:\/\/www.czech-neuro.cz\/aktualita\/cestovni-grant-ceske-neurologicke-spolecnosti-cls-jep-ean-2019\/\" \/>\n<meta property=\"og:site_name\" content=\"\u010cesk\u00e1 neurologick\u00e1 spole\u010dnost\" \/>\n<meta property=\"article:published_time\" content=\"2019-06-04T11:33:53+00:00\" \/>\n<meta property=\"article:modified_time\" content=\"2019-06-04T11:43:18+00:00\" \/>\n<meta property=\"og:image\" content=\"https:\/\/www.czech-neuro.cz\/content\/uploads\/2019\/06\/the-5th-congress-of-the-european-academy-of-neurology-ean-2019_big.png\" \/>\n\t<meta property=\"og:image:width\" content=\"653\" \/>\n\t<meta property=\"og:image:height\" content=\"198\" \/>\n\t<meta property=\"og:image:type\" content=\"image\/png\" \/>\n<meta name=\"author\" content=\"Sekretari\u00e1t \u010cNS\" \/>\n<meta name=\"twitter:card\" content=\"summary_large_image\" \/>\n<meta name=\"twitter:label1\" content=\"Napsal(a)\" \/>\n\t<meta name=\"twitter:data1\" content=\"Sekretari\u00e1t \u010cNS\" \/>\n<script type=\"application\/ld+json\" class=\"yoast-schema-graph\">{\"@context\":\"https:\/\/schema.org\",\"@graph\":[{\"@type\":\"WebPage\",\"@id\":\"https:\/\/www.czech-neuro.cz\/aktualita\/cestovni-grant-ceske-neurologicke-spolecnosti-cls-jep-ean-2019\/\",\"url\":\"https:\/\/www.czech-neuro.cz\/aktualita\/cestovni-grant-ceske-neurologicke-spolecnosti-cls-jep-ean-2019\/\",\"name\":\"Cestovn\u00ed grant \u010cesk\u00e9 neurologick\u00e9 spole\u010dnosti \u010cLS JEP \u2013 EAN 2019 - \u010cesk\u00e1 neurologick\u00e1 spole\u010dnost\",\"isPartOf\":{\"@id\":\"https:\/\/www.czech-neuro.cz\/#website\"},\"primaryImageOfPage\":{\"@id\":\"https:\/\/www.czech-neuro.cz\/aktualita\/cestovni-grant-ceske-neurologicke-spolecnosti-cls-jep-ean-2019\/#primaryimage\"},\"image\":{\"@id\":\"https:\/\/www.czech-neuro.cz\/aktualita\/cestovni-grant-ceske-neurologicke-spolecnosti-cls-jep-ean-2019\/#primaryimage\"},\"thumbnailUrl\":\"https:\/\/www.czech-neuro.cz\/content\/uploads\/2019\/06\/the-5th-congress-of-the-european-academy-of-neurology-ean-2019_big.png\",\"datePublished\":\"2019-06-04T11:33:53+00:00\",\"dateModified\":\"2019-06-04T11:43:18+00:00\",\"author\":{\"@id\":\"https:\/\/www.czech-neuro.cz\/#\/schema\/person\/af981b1d7fc38899fa48fdecaeb95264\"},\"breadcrumb\":{\"@id\":\"https:\/\/www.czech-neuro.cz\/aktualita\/cestovni-grant-ceske-neurologicke-spolecnosti-cls-jep-ean-2019\/#breadcrumb\"},\"inLanguage\":\"cs\",\"potentialAction\":[{\"@type\":\"ReadAction\",\"target\":[\"https:\/\/www.czech-neuro.cz\/aktualita\/cestovni-grant-ceske-neurologicke-spolecnosti-cls-jep-ean-2019\/\"]}]},{\"@type\":\"ImageObject\",\"inLanguage\":\"cs\",\"@id\":\"https:\/\/www.czech-neuro.cz\/aktualita\/cestovni-grant-ceske-neurologicke-spolecnosti-cls-jep-ean-2019\/#primaryimage\",\"url\":\"https:\/\/www.czech-neuro.cz\/content\/uploads\/2019\/06\/the-5th-congress-of-the-european-academy-of-neurology-ean-2019_big.png\",\"contentUrl\":\"https:\/\/www.czech-neuro.cz\/content\/uploads\/2019\/06\/the-5th-congress-of-the-european-academy-of-neurology-ean-2019_big.png\",\"width\":653,\"height\":198},{\"@type\":\"BreadcrumbList\",\"@id\":\"https:\/\/www.czech-neuro.cz\/aktualita\/cestovni-grant-ceske-neurologicke-spolecnosti-cls-jep-ean-2019\/#breadcrumb\",\"itemListElement\":[{\"@type\":\"ListItem\",\"position\":1,\"name\":\"Dom\u016f\",\"item\":\"https:\/\/www.czech-neuro.cz\/\"},{\"@type\":\"ListItem\",\"position\":2,\"name\":\"Cestovn\u00ed grant \u010cesk\u00e9 neurologick\u00e9 spole\u010dnosti \u010cLS JEP \u2013 EAN 2019\"}]},{\"@type\":\"WebSite\",\"@id\":\"https:\/\/www.czech-neuro.cz\/#website\",\"url\":\"https:\/\/www.czech-neuro.cz\/\",\"name\":\"\u010cesk\u00e1 neurologick\u00e1 spole\u010dnost\",\"description\":\"\u010cesk\u00e1 neurologick\u00e1 spole\u010dnost je odborn\u00e1 v\u011bdeck\u00e1 spole\u010dnost, jej\u00edm\u017e c\u00edlem je db\u00e1t o rozvoj neurologie jako v\u00fdznamn\u00e9 l\u00e9ka\u0159sk\u00e9 a v\u011bdeck\u00e9 discipliny v \u010cesk\u00e9 republice.\",\"potentialAction\":[{\"@type\":\"SearchAction\",\"target\":{\"@type\":\"EntryPoint\",\"urlTemplate\":\"https:\/\/www.czech-neuro.cz\/?s={search_term_string}\"},\"query-input\":{\"@type\":\"PropertyValueSpecification\",\"valueRequired\":true,\"valueName\":\"search_term_string\"}}],\"inLanguage\":\"cs\"},{\"@type\":\"Person\",\"@id\":\"https:\/\/www.czech-neuro.cz\/#\/schema\/person\/af981b1d7fc38899fa48fdecaeb95264\",\"name\":\"Sekretari\u00e1t \u010cNS\",\"image\":{\"@type\":\"ImageObject\",\"inLanguage\":\"cs\",\"@id\":\"https:\/\/www.czech-neuro.cz\/#\/schema\/person\/image\/\",\"url\":\"https:\/\/www.czech-neuro.cz\/content\/uploads\/ap_avatars\/edcaf9b0d68692e3915c31d046e10fb8.jpg\",\"contentUrl\":\"https:\/\/www.czech-neuro.cz\/content\/uploads\/ap_avatars\/edcaf9b0d68692e3915c31d046e10fb8.jpg\",\"caption\":\"Sekretari\u00e1t \u010cNS\"},\"url\":\"https:\/\/www.czech-neuro.cz\/aktualita\/autor\/janurkovaassociationhouse-cz\/\"}]}<\/script>\n<!-- \/ Yoast SEO Premium plugin. -->","yoast_head_json":{"title":"Cestovn\u00ed grant \u010cesk\u00e9 neurologick\u00e9 spole\u010dnosti \u010cLS JEP \u2013 EAN 2019 - \u010cesk\u00e1 neurologick\u00e1 spole\u010dnost","robots":{"index":"index","follow":"follow","max-snippet":"max-snippet:-1","max-image-preview":"max-image-preview:large","max-video-preview":"max-video-preview:-1"},"canonical":"https:\/\/www.czech-neuro.cz\/aktualita\/cestovni-grant-ceske-neurologicke-spolecnosti-cls-jep-ean-2019\/","og_locale":"cs_CZ","og_type":"article","og_title":"Cestovn\u00ed grant \u010cesk\u00e9 neurologick\u00e9 spole\u010dnosti \u010cLS JEP \u2013 EAN 2019","og_description":"\u010cesk\u00e1 neurologick\u00e1 spole\u010dnost \u010cLS JEP vypsala pro rok 2019 cestovn\u00ed grant pro mlad\u00e9 l\u00e9ka\u0159e na podporu \u00fa\u010dasti na 5th Congress...","og_url":"https:\/\/www.czech-neuro.cz\/aktualita\/cestovni-grant-ceske-neurologicke-spolecnosti-cls-jep-ean-2019\/","og_site_name":"\u010cesk\u00e1 neurologick\u00e1 spole\u010dnost","article_published_time":"2019-06-04T11:33:53+00:00","article_modified_time":"2019-06-04T11:43:18+00:00","og_image":[{"width":653,"height":198,"url":"https:\/\/www.czech-neuro.cz\/content\/uploads\/2019\/06\/the-5th-congress-of-the-european-academy-of-neurology-ean-2019_big.png","type":"image\/png"}],"author":"Sekretari\u00e1t \u010cNS","twitter_card":"summary_large_image","twitter_misc":{"Napsal(a)":"Sekretari\u00e1t \u010cNS"},"schema":{"@context":"https:\/\/schema.org","@graph":[{"@type":"WebPage","@id":"https:\/\/www.czech-neuro.cz\/aktualita\/cestovni-grant-ceske-neurologicke-spolecnosti-cls-jep-ean-2019\/","url":"https:\/\/www.czech-neuro.cz\/aktualita\/cestovni-grant-ceske-neurologicke-spolecnosti-cls-jep-ean-2019\/","name":"Cestovn\u00ed grant \u010cesk\u00e9 neurologick\u00e9 spole\u010dnosti \u010cLS JEP \u2013 EAN 2019 - \u010cesk\u00e1 neurologick\u00e1 spole\u010dnost","isPartOf":{"@id":"https:\/\/www.czech-neuro.cz\/#website"},"primaryImageOfPage":{"@id":"https:\/\/www.czech-neuro.cz\/aktualita\/cestovni-grant-ceske-neurologicke-spolecnosti-cls-jep-ean-2019\/#primaryimage"},"image":{"@id":"https:\/\/www.czech-neuro.cz\/aktualita\/cestovni-grant-ceske-neurologicke-spolecnosti-cls-jep-ean-2019\/#primaryimage"},"thumbnailUrl":"https:\/\/www.czech-neuro.cz\/content\/uploads\/2019\/06\/the-5th-congress-of-the-european-academy-of-neurology-ean-2019_big.png","datePublished":"2019-06-04T11:33:53+00:00","dateModified":"2019-06-04T11:43:18+00:00","author":{"@id":"https:\/\/www.czech-neuro.cz\/#\/schema\/person\/af981b1d7fc38899fa48fdecaeb95264"},"breadcrumb":{"@id":"https:\/\/www.czech-neuro.cz\/aktualita\/cestovni-grant-ceske-neurologicke-spolecnosti-cls-jep-ean-2019\/#breadcrumb"},"inLanguage":"cs","potentialAction":[{"@type":"ReadAction","target":["https:\/\/www.czech-neuro.cz\/aktualita\/cestovni-grant-ceske-neurologicke-spolecnosti-cls-jep-ean-2019\/"]}]},{"@type":"ImageObject","inLanguage":"cs","@id":"https:\/\/www.czech-neuro.cz\/aktualita\/cestovni-grant-ceske-neurologicke-spolecnosti-cls-jep-ean-2019\/#primaryimage","url":"https:\/\/www.czech-neuro.cz\/content\/uploads\/2019\/06\/the-5th-congress-of-the-european-academy-of-neurology-ean-2019_big.png","contentUrl":"https:\/\/www.czech-neuro.cz\/content\/uploads\/2019\/06\/the-5th-congress-of-the-european-academy-of-neurology-ean-2019_big.png","width":653,"height":198},{"@type":"BreadcrumbList","@id":"https:\/\/www.czech-neuro.cz\/aktualita\/cestovni-grant-ceske-neurologicke-spolecnosti-cls-jep-ean-2019\/#breadcrumb","itemListElement":[{"@type":"ListItem","position":1,"name":"Dom\u016f","item":"https:\/\/www.czech-neuro.cz\/"},{"@type":"ListItem","position":2,"name":"Cestovn\u00ed grant \u010cesk\u00e9 neurologick\u00e9 spole\u010dnosti \u010cLS JEP \u2013 EAN 2019"}]},{"@type":"WebSite","@id":"https:\/\/www.czech-neuro.cz\/#website","url":"https:\/\/www.czech-neuro.cz\/","name":"\u010cesk\u00e1 neurologick\u00e1 spole\u010dnost","description":"\u010cesk\u00e1 neurologick\u00e1 spole\u010dnost je odborn\u00e1 v\u011bdeck\u00e1 spole\u010dnost, jej\u00edm\u017e c\u00edlem je db\u00e1t o rozvoj neurologie jako v\u00fdznamn\u00e9 l\u00e9ka\u0159sk\u00e9 a v\u011bdeck\u00e9 discipliny v \u010cesk\u00e9 republice.","potentialAction":[{"@type":"SearchAction","target":{"@type":"EntryPoint","urlTemplate":"https:\/\/www.czech-neuro.cz\/?s={search_term_string}"},"query-input":{"@type":"PropertyValueSpecification","valueRequired":true,"valueName":"search_term_string"}}],"inLanguage":"cs"},{"@type":"Person","@id":"https:\/\/www.czech-neuro.cz\/#\/schema\/person\/af981b1d7fc38899fa48fdecaeb95264","name":"Sekretari\u00e1t \u010cNS","image":{"@type":"ImageObject","inLanguage":"cs","@id":"https:\/\/www.czech-neuro.cz\/#\/schema\/person\/image\/","url":"https:\/\/www.czech-neuro.cz\/content\/uploads\/ap_avatars\/edcaf9b0d68692e3915c31d046e10fb8.jpg","contentUrl":"https:\/\/www.czech-neuro.cz\/content\/uploads\/ap_avatars\/edcaf9b0d68692e3915c31d046e10fb8.jpg","caption":"Sekretari\u00e1t \u010cNS"},"url":"https:\/\/www.czech-neuro.cz\/aktualita\/autor\/janurkovaassociationhouse-cz\/"}]}},"lang":"cs","translations":{"cs":8010},"_links":{"self":[{"href":"https:\/\/www.czech-neuro.cz\/api\/wp\/v2\/posts\/8010","targetHints":{"allow":["GET"]}}],"collection":[{"href":"https:\/\/www.czech-neuro.cz\/api\/wp\/v2\/posts"}],"about":[{"href":"https:\/\/www.czech-neuro.cz\/api\/wp\/v2\/types\/post"}],"author":[{"embeddable":true,"href":"https:\/\/www.czech-neuro.cz\/api\/wp\/v2\/users\/23"}],"replies":[{"embeddable":true,"href":"https:\/\/www.czech-neuro.cz\/api\/wp\/v2\/comments?post=8010"}],"version-history":[{"count":0,"href":"https:\/\/www.czech-neuro.cz\/api\/wp\/v2\/posts\/8010\/revisions"}],"wp:featuredmedia":[{"embeddable":true,"href":"https:\/\/www.czech-neuro.cz\/api\/wp\/v2\/media\/8011"}],"wp:attachment":[{"href":"https:\/\/www.czech-neuro.cz\/api\/wp\/v2\/media?parent=8010"}],"wp:term":[{"taxonomy":"category","embeddable":true,"href":"https:\/\/www.czech-neuro.cz\/api\/wp\/v2\/categories?post=8010"},{"taxonomy":"post_tag","embeddable":true,"href":"https:\/\/www.czech-neuro.cz\/api\/wp\/v2\/tags?post=8010"}],"curies":[{"name":"wp","href":"https:\/\/api.w.org\/{rel}","templated":true}]}}