{"id":14869,"date":"2025-01-13T20:27:10","date_gmt":"2025-01-13T19:27:10","guid":{"rendered":"https:\/\/www.czech-neuro.cz\/?p=14869"},"modified":"2025-01-23T10:14:24","modified_gmt":"2025-01-23T09:14:24","slug":"19th-world-congress-on-controversies-in-neurology-cony","status":"publish","type":"post","link":"https:\/\/www.czech-neuro.cz\/aktualita\/19th-world-congress-on-controversies-in-neurology-cony\/","title":{"rendered":"19th World Congress on Controversies in Neurology (CONy)"},"content":{"rendered":"<p>V\u00e1\u017een\u00ed \u010dlenov\u00e9 \u010cesk\u00e9 neurologick\u00e9 spole\u010dnosti,<\/p>\n<p>s pot\u011b\u0161en\u00edm V\u00e1s zveme na nadch\u00e1zej\u00edc\u00ed <strong>kongres CONy 2025, kter\u00fd se kon\u00e1 20.-22.&nbsp;b\u0159ezna 2025 v&nbsp;hotelu Clarion Congress v&nbsp;Praze.<\/strong><\/p>\n<p>Jako v\u00e1\u017een\u00ed \u010dlenov\u00e9 \u010cesk\u00e9 neurologick\u00e9 spole\u010dnosti m\u00e1te n\u00e1rok na <strong>speci\u00e1ln\u00ed registra\u010dn\u00ed slevu p\u0159i&nbsp;pou\u017eit\u00ed exkluzivn\u00edho propaga\u010dn\u00edho k\u00f3du.<\/strong><\/p>\n<p>Prodlou\u017een\u00e1 uz\u00e1v\u011brka v\u010dasn\u00e9 registrace je: <strong>26.&nbsp;ledna 2025.<\/strong><\/p>\n<p>Krom\u011b toho v\u00e1s vyz\u00fdv\u00e1me k&nbsp;zas\u00edl\u00e1n\u00ed <strong>abstrakt\u016f, uz\u00e1v\u011brka je 26.&nbsp;ledna 2025<\/strong>.<\/p>\n<p>P\u0159ijat\u00e1 abstrakta budou publikov\u00e1na v&nbsp;<strong>\u010dasopise IOS Press a&nbsp;budou zv\u00e1\u017eena pro \u00fastn\u00ed prezentaci <\/strong><strong>v r\u00e1mci \u0159\u00edzen\u00e9 posterov\u00e9 sekce s&nbsp;diskuz\u00ed,<\/strong> kter\u00e1 nab\u00edz\u00ed mezin\u00e1rodn\u00ed zviditeln\u011bn\u00ed a&nbsp;odborn\u00e9 uzn\u00e1n\u00ed Va\u0161\u00ed pr\u00e1ce.<\/p>\n<p><strong>Pro\u010d se z\u00fa\u010dastnit konference CONy 2025?<\/strong><\/p>\n<ul>\n<li>Z\u00edsk\u00e1te poznatky od sv\u011btov\u011b uzn\u00e1van\u00fdch odborn\u00edk\u016f na poli neurologie<\/li>\n<li>Z\u00fa\u010dastn\u00edte se interaktivn\u00edch debat o&nbsp;aktu\u00e1ln\u00edch neurologick\u00fdch kontroverz\u00edch.<\/li>\n<li>M\u00e1te mo\u017enost prezentovat sv\u016fj v\u00fdzkum a&nbsp;zapojit se do diskuze s&nbsp;mezin\u00e1rodn\u00ed v\u011bdeckou komunitou.<\/li>\n<li>Potk\u00e1te se s&nbsp;mezin\u00e1rodn\u00edmi kolegy, v\u00fdzkumn\u00edky a&nbsp;vedouc\u00edmi z\u00e1stupci firem, nav\u00e1\u017eete spolupr\u00e1ce<\/li>\n<\/ul>\n<p><strong>Jak se zaregistrovat:<\/strong><\/p>\n<ol>\n<li>Nav\u0161tivte na\u0161i ofici\u00e1ln\u00ed registra\u010dn\u00ed str\u00e1nku: <a href=\"https:\/\/cony.comtecmed.com\/registration\/\" target=\"_blank\" rel=\"noopener\">https:\/\/cony.comtecmed.com\/registration\/<\/a><\/li>\n<li>B\u011bhem registrace zadejte propaga\u010dn\u00ed k\u00f3d <strong>CNSCONy<\/strong> a&nbsp;z\u00edsk\u00e1te p\u0159\u00edstup ke speci\u00e1ln\u00ed slev\u011b.<\/li>\n<\/ol>\n<p>V p\u0159\u00edpad\u011b aktivn\u00ed \u00fa\u010dasti lze z\u00e1rove\u0148 po\u017e\u00e1dat o&nbsp;cestovn\u00ed grant \u010cNS &#8211; <a href=\"https:\/\/www.czech-neuro.cz\/clenstvi\/granty-a-podpora\/\" target=\"_blank\" rel=\"noopener\">viz podm\u00ednky<\/a><br \/>\n(podm\u00ednka pod\u00e1n\u00ed \u017e\u00e1dosti o&nbsp;grant 3 m\u011bs\u00edce p\u0159ed kon\u00e1n\u00edm akce v&nbsp;tomto p\u0159\u00edpad\u011b neplat\u00ed).<\/p>\n<p>T\u011b\u0161\u00edme se na setk\u00e1n\u00ed s&nbsp;V\u00e1mi na konferenci CONy 2025 v&nbsp;Praze!<br \/>\nLok\u00e1ln\u00ed organiza\u010dn\u00ed v\u00fdbor konference<\/p>\n<p>&nbsp;<\/p>\n","protected":false},"excerpt":{"rendered":"<p>V\u00e1\u017een\u00ed \u010dlenov\u00e9 \u010cesk\u00e9 neurologick\u00e9 spole\u010dnosti, s&nbsp;pot\u011b\u0161en\u00edm V\u00e1s zveme na nadch\u00e1zej\u00edc\u00ed kongres CONy 2025, kter\u00fd se kon\u00e1 20.-22.&nbsp;b\u0159ezna 2025 v&nbsp;hotelu&#8230;<\/p>\n","protected":false},"author":23,"featured_media":14449,"comment_status":"closed","ping_status":"closed","sticky":false,"template":"","format":"standard","meta":{"_acf_changed":false,"_searchwp_excluded":"","kia_subtitle":""},"categories":[1],"tags":[],"class_list":["post-14869","post","type-post","status-publish","has-post-thumbnail","hentry","category-nezarazene"],"acf":[],"yoast_head":"<!-- This site is optimized with the Yoast SEO Premium plugin v26.2 (Yoast SEO v26.2) - https:\/\/yoast.com\/wordpress\/plugins\/seo\/ -->\n<title>19th World Congress on Controversies in Neurology (CONy) - \u010cesk\u00e1 neurologick\u00e1 spole\u010dnost<\/title>\n<meta name=\"robots\" content=\"index, follow, max-snippet:-1, max-image-preview:large, max-video-preview:-1\" \/>\n<link rel=\"canonical\" href=\"https:\/\/www.czech-neuro.cz\/aktualita\/19th-world-congress-on-controversies-in-neurology-cony\/\" \/>\n<meta property=\"og:locale\" content=\"cs_CZ\" \/>\n<meta property=\"og:type\" content=\"article\" \/>\n<meta property=\"og:title\" content=\"19th World Congress on Controversies in Neurology (CONy)\" \/>\n<meta property=\"og:description\" content=\"V\u00e1\u017een\u00ed \u010dlenov\u00e9 \u010cesk\u00e9 neurologick\u00e9 spole\u010dnosti, s pot\u011b\u0161en\u00edm V\u00e1s zveme na nadch\u00e1zej\u00edc\u00ed kongres CONy 2025, kter\u00fd se kon\u00e1 20.-22.&nbsp;b\u0159ezna 2025 v&nbsp;hotelu...\" \/>\n<meta property=\"og:url\" content=\"https:\/\/www.czech-neuro.cz\/aktualita\/19th-world-congress-on-controversies-in-neurology-cony\/\" \/>\n<meta property=\"og:site_name\" content=\"\u010cesk\u00e1 neurologick\u00e1 spole\u010dnost\" \/>\n<meta property=\"article:published_time\" content=\"2025-01-13T19:27:10+00:00\" \/>\n<meta property=\"article:modified_time\" content=\"2025-01-23T09:14:24+00:00\" \/>\n<meta property=\"og:image\" content=\"https:\/\/www.czech-neuro.cz\/content\/uploads\/2024\/06\/banner-cony-300x250-1.jpg\" \/>\n\t<meta property=\"og:image:width\" content=\"301\" \/>\n\t<meta property=\"og:image:height\" content=\"251\" \/>\n\t<meta property=\"og:image:type\" content=\"image\/jpeg\" \/>\n<meta name=\"author\" content=\"Sekretari\u00e1t \u010cNS\" \/>\n<meta name=\"twitter:card\" content=\"summary_large_image\" \/>\n<meta name=\"twitter:label1\" content=\"Napsal(a)\" \/>\n\t<meta name=\"twitter:data1\" content=\"Sekretari\u00e1t \u010cNS\" \/>\n\t<meta name=\"twitter:label2\" content=\"Odhadovan\u00e1 doba \u010dten\u00ed\" \/>\n\t<meta name=\"twitter:data2\" content=\"2 minuty\" \/>\n<script type=\"application\/ld+json\" class=\"yoast-schema-graph\">{\"@context\":\"https:\/\/schema.org\",\"@graph\":[{\"@type\":\"WebPage\",\"@id\":\"https:\/\/www.czech-neuro.cz\/aktualita\/19th-world-congress-on-controversies-in-neurology-cony\/\",\"url\":\"https:\/\/www.czech-neuro.cz\/aktualita\/19th-world-congress-on-controversies-in-neurology-cony\/\",\"name\":\"19th World Congress on Controversies in Neurology (CONy) - \u010cesk\u00e1 neurologick\u00e1 spole\u010dnost\",\"isPartOf\":{\"@id\":\"https:\/\/www.czech-neuro.cz\/#website\"},\"primaryImageOfPage\":{\"@id\":\"https:\/\/www.czech-neuro.cz\/aktualita\/19th-world-congress-on-controversies-in-neurology-cony\/#primaryimage\"},\"image\":{\"@id\":\"https:\/\/www.czech-neuro.cz\/aktualita\/19th-world-congress-on-controversies-in-neurology-cony\/#primaryimage\"},\"thumbnailUrl\":\"https:\/\/www.czech-neuro.cz\/content\/uploads\/2024\/06\/banner-cony-300x250-1.jpg\",\"datePublished\":\"2025-01-13T19:27:10+00:00\",\"dateModified\":\"2025-01-23T09:14:24+00:00\",\"author\":{\"@id\":\"https:\/\/www.czech-neuro.cz\/#\/schema\/person\/af981b1d7fc38899fa48fdecaeb95264\"},\"breadcrumb\":{\"@id\":\"https:\/\/www.czech-neuro.cz\/aktualita\/19th-world-congress-on-controversies-in-neurology-cony\/#breadcrumb\"},\"inLanguage\":\"cs\",\"potentialAction\":[{\"@type\":\"ReadAction\",\"target\":[\"https:\/\/www.czech-neuro.cz\/aktualita\/19th-world-congress-on-controversies-in-neurology-cony\/\"]}]},{\"@type\":\"ImageObject\",\"inLanguage\":\"cs\",\"@id\":\"https:\/\/www.czech-neuro.cz\/aktualita\/19th-world-congress-on-controversies-in-neurology-cony\/#primaryimage\",\"url\":\"https:\/\/www.czech-neuro.cz\/content\/uploads\/2024\/06\/banner-cony-300x250-1.jpg\",\"contentUrl\":\"https:\/\/www.czech-neuro.cz\/content\/uploads\/2024\/06\/banner-cony-300x250-1.jpg\",\"width\":301,\"height\":251},{\"@type\":\"BreadcrumbList\",\"@id\":\"https:\/\/www.czech-neuro.cz\/aktualita\/19th-world-congress-on-controversies-in-neurology-cony\/#breadcrumb\",\"itemListElement\":[{\"@type\":\"ListItem\",\"position\":1,\"name\":\"Dom\u016f\",\"item\":\"https:\/\/www.czech-neuro.cz\/\"},{\"@type\":\"ListItem\",\"position\":2,\"name\":\"19th World Congress on Controversies in Neurology (CONy)\"}]},{\"@type\":\"WebSite\",\"@id\":\"https:\/\/www.czech-neuro.cz\/#website\",\"url\":\"https:\/\/www.czech-neuro.cz\/\",\"name\":\"\u010cesk\u00e1 neurologick\u00e1 spole\u010dnost\",\"description\":\"\u010cesk\u00e1 neurologick\u00e1 spole\u010dnost je odborn\u00e1 v\u011bdeck\u00e1 spole\u010dnost, jej\u00edm\u017e c\u00edlem je db\u00e1t o rozvoj neurologie jako v\u00fdznamn\u00e9 l\u00e9ka\u0159sk\u00e9 a v\u011bdeck\u00e9 discipliny v \u010cesk\u00e9 republice.\",\"potentialAction\":[{\"@type\":\"SearchAction\",\"target\":{\"@type\":\"EntryPoint\",\"urlTemplate\":\"https:\/\/www.czech-neuro.cz\/?s={search_term_string}\"},\"query-input\":{\"@type\":\"PropertyValueSpecification\",\"valueRequired\":true,\"valueName\":\"search_term_string\"}}],\"inLanguage\":\"cs\"},{\"@type\":\"Person\",\"@id\":\"https:\/\/www.czech-neuro.cz\/#\/schema\/person\/af981b1d7fc38899fa48fdecaeb95264\",\"name\":\"Sekretari\u00e1t \u010cNS\",\"image\":{\"@type\":\"ImageObject\",\"inLanguage\":\"cs\",\"@id\":\"https:\/\/www.czech-neuro.cz\/#\/schema\/person\/image\/\",\"url\":\"https:\/\/www.czech-neuro.cz\/content\/uploads\/ap_avatars\/edcaf9b0d68692e3915c31d046e10fb8.jpg\",\"contentUrl\":\"https:\/\/www.czech-neuro.cz\/content\/uploads\/ap_avatars\/edcaf9b0d68692e3915c31d046e10fb8.jpg\",\"caption\":\"Sekretari\u00e1t \u010cNS\"},\"url\":\"https:\/\/www.czech-neuro.cz\/aktualita\/autor\/janurkovaassociationhouse-cz\/\"}]}<\/script>\n<!-- \/ Yoast SEO Premium plugin. -->","yoast_head_json":{"title":"19th World Congress on Controversies in Neurology (CONy) - \u010cesk\u00e1 neurologick\u00e1 spole\u010dnost","robots":{"index":"index","follow":"follow","max-snippet":"max-snippet:-1","max-image-preview":"max-image-preview:large","max-video-preview":"max-video-preview:-1"},"canonical":"https:\/\/www.czech-neuro.cz\/aktualita\/19th-world-congress-on-controversies-in-neurology-cony\/","og_locale":"cs_CZ","og_type":"article","og_title":"19th World Congress on Controversies in Neurology (CONy)","og_description":"V\u00e1\u017een\u00ed \u010dlenov\u00e9 \u010cesk\u00e9 neurologick\u00e9 spole\u010dnosti, s pot\u011b\u0161en\u00edm V\u00e1s zveme na nadch\u00e1zej\u00edc\u00ed kongres CONy 2025, kter\u00fd se kon\u00e1 20.-22.&nbsp;b\u0159ezna 2025 v&nbsp;hotelu...","og_url":"https:\/\/www.czech-neuro.cz\/aktualita\/19th-world-congress-on-controversies-in-neurology-cony\/","og_site_name":"\u010cesk\u00e1 neurologick\u00e1 spole\u010dnost","article_published_time":"2025-01-13T19:27:10+00:00","article_modified_time":"2025-01-23T09:14:24+00:00","og_image":[{"width":301,"height":251,"url":"https:\/\/www.czech-neuro.cz\/content\/uploads\/2024\/06\/banner-cony-300x250-1.jpg","type":"image\/jpeg"}],"author":"Sekretari\u00e1t \u010cNS","twitter_card":"summary_large_image","twitter_misc":{"Napsal(a)":"Sekretari\u00e1t \u010cNS","Odhadovan\u00e1 doba \u010dten\u00ed":"2 minuty"},"schema":{"@context":"https:\/\/schema.org","@graph":[{"@type":"WebPage","@id":"https:\/\/www.czech-neuro.cz\/aktualita\/19th-world-congress-on-controversies-in-neurology-cony\/","url":"https:\/\/www.czech-neuro.cz\/aktualita\/19th-world-congress-on-controversies-in-neurology-cony\/","name":"19th World Congress on Controversies in Neurology (CONy) - \u010cesk\u00e1 neurologick\u00e1 spole\u010dnost","isPartOf":{"@id":"https:\/\/www.czech-neuro.cz\/#website"},"primaryImageOfPage":{"@id":"https:\/\/www.czech-neuro.cz\/aktualita\/19th-world-congress-on-controversies-in-neurology-cony\/#primaryimage"},"image":{"@id":"https:\/\/www.czech-neuro.cz\/aktualita\/19th-world-congress-on-controversies-in-neurology-cony\/#primaryimage"},"thumbnailUrl":"https:\/\/www.czech-neuro.cz\/content\/uploads\/2024\/06\/banner-cony-300x250-1.jpg","datePublished":"2025-01-13T19:27:10+00:00","dateModified":"2025-01-23T09:14:24+00:00","author":{"@id":"https:\/\/www.czech-neuro.cz\/#\/schema\/person\/af981b1d7fc38899fa48fdecaeb95264"},"breadcrumb":{"@id":"https:\/\/www.czech-neuro.cz\/aktualita\/19th-world-congress-on-controversies-in-neurology-cony\/#breadcrumb"},"inLanguage":"cs","potentialAction":[{"@type":"ReadAction","target":["https:\/\/www.czech-neuro.cz\/aktualita\/19th-world-congress-on-controversies-in-neurology-cony\/"]}]},{"@type":"ImageObject","inLanguage":"cs","@id":"https:\/\/www.czech-neuro.cz\/aktualita\/19th-world-congress-on-controversies-in-neurology-cony\/#primaryimage","url":"https:\/\/www.czech-neuro.cz\/content\/uploads\/2024\/06\/banner-cony-300x250-1.jpg","contentUrl":"https:\/\/www.czech-neuro.cz\/content\/uploads\/2024\/06\/banner-cony-300x250-1.jpg","width":301,"height":251},{"@type":"BreadcrumbList","@id":"https:\/\/www.czech-neuro.cz\/aktualita\/19th-world-congress-on-controversies-in-neurology-cony\/#breadcrumb","itemListElement":[{"@type":"ListItem","position":1,"name":"Dom\u016f","item":"https:\/\/www.czech-neuro.cz\/"},{"@type":"ListItem","position":2,"name":"19th World Congress on Controversies in Neurology (CONy)"}]},{"@type":"WebSite","@id":"https:\/\/www.czech-neuro.cz\/#website","url":"https:\/\/www.czech-neuro.cz\/","name":"\u010cesk\u00e1 neurologick\u00e1 spole\u010dnost","description":"\u010cesk\u00e1 neurologick\u00e1 spole\u010dnost je odborn\u00e1 v\u011bdeck\u00e1 spole\u010dnost, jej\u00edm\u017e c\u00edlem je db\u00e1t o rozvoj neurologie jako v\u00fdznamn\u00e9 l\u00e9ka\u0159sk\u00e9 a v\u011bdeck\u00e9 discipliny v \u010cesk\u00e9 republice.","potentialAction":[{"@type":"SearchAction","target":{"@type":"EntryPoint","urlTemplate":"https:\/\/www.czech-neuro.cz\/?s={search_term_string}"},"query-input":{"@type":"PropertyValueSpecification","valueRequired":true,"valueName":"search_term_string"}}],"inLanguage":"cs"},{"@type":"Person","@id":"https:\/\/www.czech-neuro.cz\/#\/schema\/person\/af981b1d7fc38899fa48fdecaeb95264","name":"Sekretari\u00e1t \u010cNS","image":{"@type":"ImageObject","inLanguage":"cs","@id":"https:\/\/www.czech-neuro.cz\/#\/schema\/person\/image\/","url":"https:\/\/www.czech-neuro.cz\/content\/uploads\/ap_avatars\/edcaf9b0d68692e3915c31d046e10fb8.jpg","contentUrl":"https:\/\/www.czech-neuro.cz\/content\/uploads\/ap_avatars\/edcaf9b0d68692e3915c31d046e10fb8.jpg","caption":"Sekretari\u00e1t \u010cNS"},"url":"https:\/\/www.czech-neuro.cz\/aktualita\/autor\/janurkovaassociationhouse-cz\/"}]}},"lang":"cs","translations":{"cs":14869},"_links":{"self":[{"href":"https:\/\/www.czech-neuro.cz\/api\/wp\/v2\/posts\/14869","targetHints":{"allow":["GET"]}}],"collection":[{"href":"https:\/\/www.czech-neuro.cz\/api\/wp\/v2\/posts"}],"about":[{"href":"https:\/\/www.czech-neuro.cz\/api\/wp\/v2\/types\/post"}],"author":[{"embeddable":true,"href":"https:\/\/www.czech-neuro.cz\/api\/wp\/v2\/users\/23"}],"replies":[{"embeddable":true,"href":"https:\/\/www.czech-neuro.cz\/api\/wp\/v2\/comments?post=14869"}],"version-history":[{"count":0,"href":"https:\/\/www.czech-neuro.cz\/api\/wp\/v2\/posts\/14869\/revisions"}],"wp:featuredmedia":[{"embeddable":true,"href":"https:\/\/www.czech-neuro.cz\/api\/wp\/v2\/media\/14449"}],"wp:attachment":[{"href":"https:\/\/www.czech-neuro.cz\/api\/wp\/v2\/media?parent=14869"}],"wp:term":[{"taxonomy":"category","embeddable":true,"href":"https:\/\/www.czech-neuro.cz\/api\/wp\/v2\/categories?post=14869"},{"taxonomy":"post_tag","embeddable":true,"href":"https:\/\/www.czech-neuro.cz\/api\/wp\/v2\/tags?post=14869"}],"curies":[{"name":"wp","href":"https:\/\/api.w.org\/{rel}","templated":true}]}}