{"id":14207,"date":"2024-03-25T12:46:54","date_gmt":"2024-03-25T11:46:54","guid":{"rendered":"https:\/\/www.czech-neuro.cz\/?p=14207"},"modified":"2024-03-25T12:46:54","modified_gmt":"2024-03-25T11:46:54","slug":"volby-do-vyboru-spankove-sekce-cns-cls-jep-kandidatni-listina","status":"publish","type":"post","link":"https:\/\/www.czech-neuro.cz\/aktualita\/volby-do-vyboru-spankove-sekce-cns-cls-jep-kandidatni-listina\/","title":{"rendered":"Volby do v\u00fdboru Sp\u00e1nkov\u00e9 sekce \u010cNS \u010cLS JEP &#8211; Kandid\u00e1tn\u00ed listina"},"content":{"rendered":"<p>V\u00e1\u017een\u00e9 \u010dlenky, v\u00e1\u017een\u00ed \u010dlenov\u00e9 Sp\u00e1nkov\u00e9 sekce,<\/p>\n<p>na z\u00e1klad\u011b Va\u0161ich n\u00e1vrh\u016f byla sestavena kandid\u00e1tn\u00ed listina do v\u00fdboru Sp\u00e1nkov\u00e9 sekce \u010cNS \u010cLS JEP. Navr\u017een\u00ed kandid\u00e1ti s&nbsp;nominac\u00ed souhlasili.<\/p>\n<p>Kandid\u00e1tn\u00ed listina do voleb v\u00fdboru Sp\u00e1nkov\u00e9 sekce \u010cNS \u010cLS JEP:<\/p>\n<ul>\n<li>doc. MUDr. Jitka Bu\u0161kov\u00e1, Ph.D.<\/li>\n<li>MUDr. Simona Dost\u00e1lov\u00e1, Ph.D.<\/li>\n<li>MUDr. Ji\u0159\u00ed Nepo\u017eitek, Ph.D.<\/li>\n<li>MUDr. Martin Pretl, CSc.<\/li>\n<li>MUDr. Kate\u0159ina Seltenreichov\u00e1, Ph.D.<\/li>\n<li>MUDr. Jana Slonkov\u00e1, Ph.D.<\/li>\n<li>prof. MUDr. Karel \u0160onka, DrSc.<\/li>\n<\/ul>\n<p>Volebn\u00ed komise<\/p>\n<p>prof. MUDr. Kate\u0159ina Men\u0161\u00edkov\u00e1, Ph.D., MBA \u2013 p\u0159edsedkyn\u011b<br \/>\nMUDr. Jana Ko\u0161\u0165\u00e1lov\u00e1<br \/>\nprim. MUDr. Martin Kov\u00e1\u0159<\/p>\n","protected":false},"excerpt":{"rendered":"<p>V\u00e1\u017een\u00e9 \u010dlenky, v\u00e1\u017een\u00ed \u010dlenov\u00e9 Sp\u00e1nkov\u00e9 sekce, na z\u00e1klad\u011b Va\u0161ich n\u00e1vrh\u016f byla sestavena kandid\u00e1tn\u00ed listina do v\u00fdboru Sp\u00e1nkov\u00e9 sekce \u010cNS \u010cLS&#8230;<\/p>\n","protected":false},"author":23,"featured_media":3770,"comment_status":"closed","ping_status":"closed","sticky":false,"template":"","format":"standard","meta":{"_acf_changed":false,"_searchwp_excluded":"","kia_subtitle":""},"categories":[1],"tags":[],"class_list":["post-14207","post","type-post","status-publish","has-post-thumbnail","hentry","category-nezarazene"],"acf":[],"yoast_head":"<!-- This site is optimized with the Yoast SEO Premium plugin v26.2 (Yoast SEO v26.2) - https:\/\/yoast.com\/wordpress\/plugins\/seo\/ -->\n<title>Volby do v\u00fdboru Sp\u00e1nkov\u00e9 sekce \u010cNS \u010cLS JEP - Kandid\u00e1tn\u00ed listina - \u010cesk\u00e1 neurologick\u00e1 spole\u010dnost<\/title>\n<meta name=\"robots\" content=\"index, follow, max-snippet:-1, max-image-preview:large, max-video-preview:-1\" \/>\n<link rel=\"canonical\" href=\"https:\/\/www.czech-neuro.cz\/aktualita\/volby-do-vyboru-spankove-sekce-cns-cls-jep-kandidatni-listina\/\" \/>\n<meta property=\"og:locale\" content=\"cs_CZ\" \/>\n<meta property=\"og:type\" content=\"article\" \/>\n<meta property=\"og:title\" content=\"Volby do v\u00fdboru Sp\u00e1nkov\u00e9 sekce \u010cNS \u010cLS JEP - Kandid\u00e1tn\u00ed listina\" \/>\n<meta property=\"og:description\" content=\"V\u00e1\u017een\u00e9 \u010dlenky, v\u00e1\u017een\u00ed \u010dlenov\u00e9 Sp\u00e1nkov\u00e9 sekce, na z\u00e1klad\u011b Va\u0161ich n\u00e1vrh\u016f byla sestavena kandid\u00e1tn\u00ed listina do v\u00fdboru Sp\u00e1nkov\u00e9 sekce \u010cNS \u010cLS...\" \/>\n<meta property=\"og:url\" content=\"https:\/\/www.czech-neuro.cz\/aktualita\/volby-do-vyboru-spankove-sekce-cns-cls-jep-kandidatni-listina\/\" \/>\n<meta property=\"og:site_name\" content=\"\u010cesk\u00e1 neurologick\u00e1 spole\u010dnost\" \/>\n<meta property=\"article:published_time\" content=\"2024-03-25T11:46:54+00:00\" \/>\n<meta property=\"og:image\" content=\"https:\/\/www.czech-neuro.cz\/content\/uploads\/2018\/04\/elektronicke_volby.jpg\" \/>\n\t<meta property=\"og:image:width\" content=\"372\" \/>\n\t<meta property=\"og:image:height\" content=\"264\" \/>\n\t<meta property=\"og:image:type\" content=\"image\/jpeg\" \/>\n<meta name=\"author\" content=\"Sekretari\u00e1t \u010cNS\" \/>\n<meta name=\"twitter:card\" content=\"summary_large_image\" \/>\n<meta name=\"twitter:label1\" content=\"Napsal(a)\" \/>\n\t<meta name=\"twitter:data1\" content=\"Sekretari\u00e1t \u010cNS\" \/>\n\t<meta name=\"twitter:label2\" content=\"Odhadovan\u00e1 doba \u010dten\u00ed\" \/>\n\t<meta name=\"twitter:data2\" content=\"1 minuta\" \/>\n<script type=\"application\/ld+json\" class=\"yoast-schema-graph\">{\"@context\":\"https:\/\/schema.org\",\"@graph\":[{\"@type\":\"WebPage\",\"@id\":\"https:\/\/www.czech-neuro.cz\/aktualita\/volby-do-vyboru-spankove-sekce-cns-cls-jep-kandidatni-listina\/\",\"url\":\"https:\/\/www.czech-neuro.cz\/aktualita\/volby-do-vyboru-spankove-sekce-cns-cls-jep-kandidatni-listina\/\",\"name\":\"Volby do v\u00fdboru Sp\u00e1nkov\u00e9 sekce \u010cNS \u010cLS JEP - Kandid\u00e1tn\u00ed listina - \u010cesk\u00e1 neurologick\u00e1 spole\u010dnost\",\"isPartOf\":{\"@id\":\"https:\/\/www.czech-neuro.cz\/#website\"},\"primaryImageOfPage\":{\"@id\":\"https:\/\/www.czech-neuro.cz\/aktualita\/volby-do-vyboru-spankove-sekce-cns-cls-jep-kandidatni-listina\/#primaryimage\"},\"image\":{\"@id\":\"https:\/\/www.czech-neuro.cz\/aktualita\/volby-do-vyboru-spankove-sekce-cns-cls-jep-kandidatni-listina\/#primaryimage\"},\"thumbnailUrl\":\"https:\/\/www.czech-neuro.cz\/content\/uploads\/2018\/04\/elektronicke_volby.jpg\",\"datePublished\":\"2024-03-25T11:46:54+00:00\",\"author\":{\"@id\":\"https:\/\/www.czech-neuro.cz\/#\/schema\/person\/af981b1d7fc38899fa48fdecaeb95264\"},\"breadcrumb\":{\"@id\":\"https:\/\/www.czech-neuro.cz\/aktualita\/volby-do-vyboru-spankove-sekce-cns-cls-jep-kandidatni-listina\/#breadcrumb\"},\"inLanguage\":\"cs\",\"potentialAction\":[{\"@type\":\"ReadAction\",\"target\":[\"https:\/\/www.czech-neuro.cz\/aktualita\/volby-do-vyboru-spankove-sekce-cns-cls-jep-kandidatni-listina\/\"]}]},{\"@type\":\"ImageObject\",\"inLanguage\":\"cs\",\"@id\":\"https:\/\/www.czech-neuro.cz\/aktualita\/volby-do-vyboru-spankove-sekce-cns-cls-jep-kandidatni-listina\/#primaryimage\",\"url\":\"https:\/\/www.czech-neuro.cz\/content\/uploads\/2018\/04\/elektronicke_volby.jpg\",\"contentUrl\":\"https:\/\/www.czech-neuro.cz\/content\/uploads\/2018\/04\/elektronicke_volby.jpg\",\"width\":372,\"height\":264},{\"@type\":\"BreadcrumbList\",\"@id\":\"https:\/\/www.czech-neuro.cz\/aktualita\/volby-do-vyboru-spankove-sekce-cns-cls-jep-kandidatni-listina\/#breadcrumb\",\"itemListElement\":[{\"@type\":\"ListItem\",\"position\":1,\"name\":\"Dom\u016f\",\"item\":\"https:\/\/www.czech-neuro.cz\/\"},{\"@type\":\"ListItem\",\"position\":2,\"name\":\"Volby do v\u00fdboru Sp\u00e1nkov\u00e9 sekce \u010cNS \u010cLS JEP &#8211; Kandid\u00e1tn\u00ed listina\"}]},{\"@type\":\"WebSite\",\"@id\":\"https:\/\/www.czech-neuro.cz\/#website\",\"url\":\"https:\/\/www.czech-neuro.cz\/\",\"name\":\"\u010cesk\u00e1 neurologick\u00e1 spole\u010dnost\",\"description\":\"\u010cesk\u00e1 neurologick\u00e1 spole\u010dnost je odborn\u00e1 v\u011bdeck\u00e1 spole\u010dnost, jej\u00edm\u017e c\u00edlem je db\u00e1t o rozvoj neurologie jako v\u00fdznamn\u00e9 l\u00e9ka\u0159sk\u00e9 a v\u011bdeck\u00e9 discipliny v \u010cesk\u00e9 republice.\",\"potentialAction\":[{\"@type\":\"SearchAction\",\"target\":{\"@type\":\"EntryPoint\",\"urlTemplate\":\"https:\/\/www.czech-neuro.cz\/?s={search_term_string}\"},\"query-input\":{\"@type\":\"PropertyValueSpecification\",\"valueRequired\":true,\"valueName\":\"search_term_string\"}}],\"inLanguage\":\"cs\"},{\"@type\":\"Person\",\"@id\":\"https:\/\/www.czech-neuro.cz\/#\/schema\/person\/af981b1d7fc38899fa48fdecaeb95264\",\"name\":\"Sekretari\u00e1t \u010cNS\",\"image\":{\"@type\":\"ImageObject\",\"inLanguage\":\"cs\",\"@id\":\"https:\/\/www.czech-neuro.cz\/#\/schema\/person\/image\/\",\"url\":\"https:\/\/www.czech-neuro.cz\/content\/uploads\/ap_avatars\/edcaf9b0d68692e3915c31d046e10fb8.jpg\",\"contentUrl\":\"https:\/\/www.czech-neuro.cz\/content\/uploads\/ap_avatars\/edcaf9b0d68692e3915c31d046e10fb8.jpg\",\"caption\":\"Sekretari\u00e1t \u010cNS\"},\"url\":\"https:\/\/www.czech-neuro.cz\/aktualita\/autor\/janurkovaassociationhouse-cz\/\"}]}<\/script>\n<!-- \/ Yoast SEO Premium plugin. -->","yoast_head_json":{"title":"Volby do v\u00fdboru Sp\u00e1nkov\u00e9 sekce \u010cNS \u010cLS JEP - Kandid\u00e1tn\u00ed listina - \u010cesk\u00e1 neurologick\u00e1 spole\u010dnost","robots":{"index":"index","follow":"follow","max-snippet":"max-snippet:-1","max-image-preview":"max-image-preview:large","max-video-preview":"max-video-preview:-1"},"canonical":"https:\/\/www.czech-neuro.cz\/aktualita\/volby-do-vyboru-spankove-sekce-cns-cls-jep-kandidatni-listina\/","og_locale":"cs_CZ","og_type":"article","og_title":"Volby do v\u00fdboru Sp\u00e1nkov\u00e9 sekce \u010cNS \u010cLS JEP - Kandid\u00e1tn\u00ed listina","og_description":"V\u00e1\u017een\u00e9 \u010dlenky, v\u00e1\u017een\u00ed \u010dlenov\u00e9 Sp\u00e1nkov\u00e9 sekce, na z\u00e1klad\u011b Va\u0161ich n\u00e1vrh\u016f byla sestavena kandid\u00e1tn\u00ed listina do v\u00fdboru Sp\u00e1nkov\u00e9 sekce \u010cNS \u010cLS...","og_url":"https:\/\/www.czech-neuro.cz\/aktualita\/volby-do-vyboru-spankove-sekce-cns-cls-jep-kandidatni-listina\/","og_site_name":"\u010cesk\u00e1 neurologick\u00e1 spole\u010dnost","article_published_time":"2024-03-25T11:46:54+00:00","og_image":[{"width":372,"height":264,"url":"https:\/\/www.czech-neuro.cz\/content\/uploads\/2018\/04\/elektronicke_volby.jpg","type":"image\/jpeg"}],"author":"Sekretari\u00e1t \u010cNS","twitter_card":"summary_large_image","twitter_misc":{"Napsal(a)":"Sekretari\u00e1t \u010cNS","Odhadovan\u00e1 doba \u010dten\u00ed":"1 minuta"},"schema":{"@context":"https:\/\/schema.org","@graph":[{"@type":"WebPage","@id":"https:\/\/www.czech-neuro.cz\/aktualita\/volby-do-vyboru-spankove-sekce-cns-cls-jep-kandidatni-listina\/","url":"https:\/\/www.czech-neuro.cz\/aktualita\/volby-do-vyboru-spankove-sekce-cns-cls-jep-kandidatni-listina\/","name":"Volby do v\u00fdboru Sp\u00e1nkov\u00e9 sekce \u010cNS \u010cLS JEP - Kandid\u00e1tn\u00ed listina - \u010cesk\u00e1 neurologick\u00e1 spole\u010dnost","isPartOf":{"@id":"https:\/\/www.czech-neuro.cz\/#website"},"primaryImageOfPage":{"@id":"https:\/\/www.czech-neuro.cz\/aktualita\/volby-do-vyboru-spankove-sekce-cns-cls-jep-kandidatni-listina\/#primaryimage"},"image":{"@id":"https:\/\/www.czech-neuro.cz\/aktualita\/volby-do-vyboru-spankove-sekce-cns-cls-jep-kandidatni-listina\/#primaryimage"},"thumbnailUrl":"https:\/\/www.czech-neuro.cz\/content\/uploads\/2018\/04\/elektronicke_volby.jpg","datePublished":"2024-03-25T11:46:54+00:00","author":{"@id":"https:\/\/www.czech-neuro.cz\/#\/schema\/person\/af981b1d7fc38899fa48fdecaeb95264"},"breadcrumb":{"@id":"https:\/\/www.czech-neuro.cz\/aktualita\/volby-do-vyboru-spankove-sekce-cns-cls-jep-kandidatni-listina\/#breadcrumb"},"inLanguage":"cs","potentialAction":[{"@type":"ReadAction","target":["https:\/\/www.czech-neuro.cz\/aktualita\/volby-do-vyboru-spankove-sekce-cns-cls-jep-kandidatni-listina\/"]}]},{"@type":"ImageObject","inLanguage":"cs","@id":"https:\/\/www.czech-neuro.cz\/aktualita\/volby-do-vyboru-spankove-sekce-cns-cls-jep-kandidatni-listina\/#primaryimage","url":"https:\/\/www.czech-neuro.cz\/content\/uploads\/2018\/04\/elektronicke_volby.jpg","contentUrl":"https:\/\/www.czech-neuro.cz\/content\/uploads\/2018\/04\/elektronicke_volby.jpg","width":372,"height":264},{"@type":"BreadcrumbList","@id":"https:\/\/www.czech-neuro.cz\/aktualita\/volby-do-vyboru-spankove-sekce-cns-cls-jep-kandidatni-listina\/#breadcrumb","itemListElement":[{"@type":"ListItem","position":1,"name":"Dom\u016f","item":"https:\/\/www.czech-neuro.cz\/"},{"@type":"ListItem","position":2,"name":"Volby do v\u00fdboru Sp\u00e1nkov\u00e9 sekce \u010cNS \u010cLS JEP &#8211; Kandid\u00e1tn\u00ed listina"}]},{"@type":"WebSite","@id":"https:\/\/www.czech-neuro.cz\/#website","url":"https:\/\/www.czech-neuro.cz\/","name":"\u010cesk\u00e1 neurologick\u00e1 spole\u010dnost","description":"\u010cesk\u00e1 neurologick\u00e1 spole\u010dnost je odborn\u00e1 v\u011bdeck\u00e1 spole\u010dnost, jej\u00edm\u017e c\u00edlem je db\u00e1t o rozvoj neurologie jako v\u00fdznamn\u00e9 l\u00e9ka\u0159sk\u00e9 a v\u011bdeck\u00e9 discipliny v \u010cesk\u00e9 republice.","potentialAction":[{"@type":"SearchAction","target":{"@type":"EntryPoint","urlTemplate":"https:\/\/www.czech-neuro.cz\/?s={search_term_string}"},"query-input":{"@type":"PropertyValueSpecification","valueRequired":true,"valueName":"search_term_string"}}],"inLanguage":"cs"},{"@type":"Person","@id":"https:\/\/www.czech-neuro.cz\/#\/schema\/person\/af981b1d7fc38899fa48fdecaeb95264","name":"Sekretari\u00e1t \u010cNS","image":{"@type":"ImageObject","inLanguage":"cs","@id":"https:\/\/www.czech-neuro.cz\/#\/schema\/person\/image\/","url":"https:\/\/www.czech-neuro.cz\/content\/uploads\/ap_avatars\/edcaf9b0d68692e3915c31d046e10fb8.jpg","contentUrl":"https:\/\/www.czech-neuro.cz\/content\/uploads\/ap_avatars\/edcaf9b0d68692e3915c31d046e10fb8.jpg","caption":"Sekretari\u00e1t \u010cNS"},"url":"https:\/\/www.czech-neuro.cz\/aktualita\/autor\/janurkovaassociationhouse-cz\/"}]}},"lang":"cs","translations":{"cs":14207},"_links":{"self":[{"href":"https:\/\/www.czech-neuro.cz\/api\/wp\/v2\/posts\/14207","targetHints":{"allow":["GET"]}}],"collection":[{"href":"https:\/\/www.czech-neuro.cz\/api\/wp\/v2\/posts"}],"about":[{"href":"https:\/\/www.czech-neuro.cz\/api\/wp\/v2\/types\/post"}],"author":[{"embeddable":true,"href":"https:\/\/www.czech-neuro.cz\/api\/wp\/v2\/users\/23"}],"replies":[{"embeddable":true,"href":"https:\/\/www.czech-neuro.cz\/api\/wp\/v2\/comments?post=14207"}],"version-history":[{"count":0,"href":"https:\/\/www.czech-neuro.cz\/api\/wp\/v2\/posts\/14207\/revisions"}],"wp:featuredmedia":[{"embeddable":true,"href":"https:\/\/www.czech-neuro.cz\/api\/wp\/v2\/media\/3770"}],"wp:attachment":[{"href":"https:\/\/www.czech-neuro.cz\/api\/wp\/v2\/media?parent=14207"}],"wp:term":[{"taxonomy":"category","embeddable":true,"href":"https:\/\/www.czech-neuro.cz\/api\/wp\/v2\/categories?post=14207"},{"taxonomy":"post_tag","embeddable":true,"href":"https:\/\/www.czech-neuro.cz\/api\/wp\/v2\/tags?post=14207"}],"curies":[{"name":"wp","href":"https:\/\/api.w.org\/{rel}","templated":true}]}}