{"id":13530,"date":"2023-09-19T10:50:41","date_gmt":"2023-09-19T08:50:41","guid":{"rendered":"https:\/\/www.czech-neuro.cz\/?p=13530"},"modified":"2023-09-19T11:08:17","modified_gmt":"2023-09-19T09:08:17","slug":"volby-do-neurointenzivisticke-sekce-cns-cls-jep-2023-kandidatni-listina","status":"publish","type":"post","link":"https:\/\/www.czech-neuro.cz\/aktualita\/volby-do-neurointenzivisticke-sekce-cns-cls-jep-2023-kandidatni-listina\/","title":{"rendered":"Volby do Neurointenzivistick\u00e9 sekce \u010cNS \u010cLS JEP 2023 &#8211; Kandid\u00e1tn\u00ed listina"},"content":{"rendered":"<p>V\u00e1\u017een\u00e9 kolegyn\u011b, v\u00e1\u017een\u00ed kolegov\u00e9,<\/p>\n<p>s radost\u00ed V\u00e1m oznamujeme vznik kandid\u00e1tn\u00ed listiny na nadch\u00e1zej\u00edc\u00ed volby do v\u00fdboru Neurointenzivistick\u00e9 sekce \u010cNS \u010cLS JEP.\u00a0 Kandid\u00e1tn\u00ed listina je v\u00fdsledkem Va\u0161ich zaslan\u00fdch n\u00e1vrh\u016f kandidatur, za co\u017e V\u00e1m velmi d\u011bkujeme. V\u0161ichni navr\u017een\u00ed kandid\u00e1ti s\u00a0navr\u017eenou nominac\u00ed souhlasili.<\/p>\n<p><strong>Kandid\u00e1tn\u00ed listina do voleb v\u00fdboru Neurointenzivistick\u00e9 \u010cNS \u010cLS JEP:<\/strong><\/p>\n<ul>\n<li>plk. MUDr. Roman Havl\u00ed\u010dek<\/li>\n<li>prim. MUDr. Petr Hon, MBA<\/li>\n<li>MUDr. Ren\u00e9 Jura<\/li>\n<li>MUDr. Ale\u0161 Nov\u00e1k<\/li>\n<li>MUDr. Vladim\u00edr Rohan, Ph.D.<\/li>\n<li>prof. MUDr. Daniel \u0160a\u0148\u00e1k, Ph.D.<\/li>\n<li>MUDr. Ivana \u0160arbochov\u00e1<\/li>\n<\/ul>\n<p>Pozv\u00e1nku k&nbsp;elektronick\u00fdm volb\u00e1m V\u00e1m za\u0161leme na emailovou adresu, kter\u00e1 je evidov\u00e1na v&nbsp;centr\u00e1ln\u00ed evidence \u010dlen\u016f \u010cLS JEP.\u00a0 V\u00a0p\u0159\u00edpad\u011b jak\u00fdchkoliv Va\u0161ich dotaz\u016f n\u00e1s nev\u00e1hejte kontaktovat emailem na <a href=\"mailto:sekretariat@czech-neuro.cz%20\">sekretariat@czech-neuro.cz <\/a>\u00a0nebo telefonicky na\u00a0 +420&nbsp;720&nbsp;967&nbsp;147.<\/p>\n<p>Volebn\u00ed komise<br \/>\nprof. MUDr. Karel \u0160onka, DrSc. \u2013 p\u0159edseda<br \/>\ndoc. MUDr. Ale\u0161 Tomek, Ph.D.<br \/>\ndoc. MUDr. Ond\u0159ej Voln\u00fd, Ph.D.<\/p>\n","protected":false},"excerpt":{"rendered":"<p>V\u00e1\u017een\u00e9 kolegyn\u011b, v\u00e1\u017een\u00ed kolegov\u00e9, s&nbsp;radost\u00ed V\u00e1m oznamujeme vznik kandid\u00e1tn\u00ed listiny na nadch\u00e1zej\u00edc\u00ed volby do v\u00fdboru Neurointenzivistick\u00e9 sekce \u010cNS \u010cLS&#8230;<\/p>\n","protected":false},"author":23,"featured_media":3770,"comment_status":"closed","ping_status":"closed","sticky":false,"template":"","format":"standard","meta":{"_acf_changed":false,"_searchwp_excluded":"","kia_subtitle":""},"categories":[1],"tags":[],"class_list":["post-13530","post","type-post","status-publish","has-post-thumbnail","hentry","category-nezarazene"],"acf":[],"yoast_head":"<!-- This site is optimized with the Yoast SEO Premium plugin v26.2 (Yoast SEO v26.2) - https:\/\/yoast.com\/wordpress\/plugins\/seo\/ -->\n<title>Volby do Neurointenzivistick\u00e9 sekce \u010cNS \u010cLS JEP 2023 - Kandid\u00e1tn\u00ed listina - \u010cesk\u00e1 neurologick\u00e1 spole\u010dnost<\/title>\n<meta name=\"robots\" content=\"index, follow, max-snippet:-1, max-image-preview:large, max-video-preview:-1\" \/>\n<link rel=\"canonical\" href=\"https:\/\/www.czech-neuro.cz\/aktualita\/volby-do-neurointenzivisticke-sekce-cns-cls-jep-2023-kandidatni-listina\/\" \/>\n<meta property=\"og:locale\" content=\"cs_CZ\" \/>\n<meta property=\"og:type\" content=\"article\" \/>\n<meta property=\"og:title\" content=\"Volby do Neurointenzivistick\u00e9 sekce \u010cNS \u010cLS JEP 2023 - Kandid\u00e1tn\u00ed listina\" \/>\n<meta property=\"og:description\" content=\"V\u00e1\u017een\u00e9 kolegyn\u011b, v\u00e1\u017een\u00ed kolegov\u00e9, s radost\u00ed V\u00e1m oznamujeme vznik kandid\u00e1tn\u00ed listiny na nadch\u00e1zej\u00edc\u00ed volby do v\u00fdboru Neurointenzivistick\u00e9 sekce \u010cNS \u010cLS...\" \/>\n<meta property=\"og:url\" content=\"https:\/\/www.czech-neuro.cz\/aktualita\/volby-do-neurointenzivisticke-sekce-cns-cls-jep-2023-kandidatni-listina\/\" \/>\n<meta property=\"og:site_name\" content=\"\u010cesk\u00e1 neurologick\u00e1 spole\u010dnost\" \/>\n<meta property=\"article:published_time\" content=\"2023-09-19T08:50:41+00:00\" \/>\n<meta property=\"article:modified_time\" content=\"2023-09-19T09:08:17+00:00\" \/>\n<meta property=\"og:image\" content=\"https:\/\/www.czech-neuro.cz\/content\/uploads\/2018\/04\/elektronicke_volby.jpg\" \/>\n\t<meta property=\"og:image:width\" content=\"372\" \/>\n\t<meta property=\"og:image:height\" content=\"264\" \/>\n\t<meta property=\"og:image:type\" content=\"image\/jpeg\" \/>\n<meta name=\"author\" content=\"Sekretari\u00e1t \u010cNS\" \/>\n<meta name=\"twitter:card\" content=\"summary_large_image\" \/>\n<meta name=\"twitter:label1\" content=\"Napsal(a)\" \/>\n\t<meta name=\"twitter:data1\" content=\"Sekretari\u00e1t \u010cNS\" \/>\n\t<meta name=\"twitter:label2\" content=\"Odhadovan\u00e1 doba \u010dten\u00ed\" \/>\n\t<meta name=\"twitter:data2\" content=\"1 minuta\" \/>\n<script type=\"application\/ld+json\" class=\"yoast-schema-graph\">{\"@context\":\"https:\/\/schema.org\",\"@graph\":[{\"@type\":\"WebPage\",\"@id\":\"https:\/\/www.czech-neuro.cz\/aktualita\/volby-do-neurointenzivisticke-sekce-cns-cls-jep-2023-kandidatni-listina\/\",\"url\":\"https:\/\/www.czech-neuro.cz\/aktualita\/volby-do-neurointenzivisticke-sekce-cns-cls-jep-2023-kandidatni-listina\/\",\"name\":\"Volby do Neurointenzivistick\u00e9 sekce \u010cNS \u010cLS JEP 2023 - Kandid\u00e1tn\u00ed listina - \u010cesk\u00e1 neurologick\u00e1 spole\u010dnost\",\"isPartOf\":{\"@id\":\"https:\/\/www.czech-neuro.cz\/#website\"},\"primaryImageOfPage\":{\"@id\":\"https:\/\/www.czech-neuro.cz\/aktualita\/volby-do-neurointenzivisticke-sekce-cns-cls-jep-2023-kandidatni-listina\/#primaryimage\"},\"image\":{\"@id\":\"https:\/\/www.czech-neuro.cz\/aktualita\/volby-do-neurointenzivisticke-sekce-cns-cls-jep-2023-kandidatni-listina\/#primaryimage\"},\"thumbnailUrl\":\"https:\/\/www.czech-neuro.cz\/content\/uploads\/2018\/04\/elektronicke_volby.jpg\",\"datePublished\":\"2023-09-19T08:50:41+00:00\",\"dateModified\":\"2023-09-19T09:08:17+00:00\",\"author\":{\"@id\":\"https:\/\/www.czech-neuro.cz\/#\/schema\/person\/af981b1d7fc38899fa48fdecaeb95264\"},\"breadcrumb\":{\"@id\":\"https:\/\/www.czech-neuro.cz\/aktualita\/volby-do-neurointenzivisticke-sekce-cns-cls-jep-2023-kandidatni-listina\/#breadcrumb\"},\"inLanguage\":\"cs\",\"potentialAction\":[{\"@type\":\"ReadAction\",\"target\":[\"https:\/\/www.czech-neuro.cz\/aktualita\/volby-do-neurointenzivisticke-sekce-cns-cls-jep-2023-kandidatni-listina\/\"]}]},{\"@type\":\"ImageObject\",\"inLanguage\":\"cs\",\"@id\":\"https:\/\/www.czech-neuro.cz\/aktualita\/volby-do-neurointenzivisticke-sekce-cns-cls-jep-2023-kandidatni-listina\/#primaryimage\",\"url\":\"https:\/\/www.czech-neuro.cz\/content\/uploads\/2018\/04\/elektronicke_volby.jpg\",\"contentUrl\":\"https:\/\/www.czech-neuro.cz\/content\/uploads\/2018\/04\/elektronicke_volby.jpg\",\"width\":372,\"height\":264},{\"@type\":\"BreadcrumbList\",\"@id\":\"https:\/\/www.czech-neuro.cz\/aktualita\/volby-do-neurointenzivisticke-sekce-cns-cls-jep-2023-kandidatni-listina\/#breadcrumb\",\"itemListElement\":[{\"@type\":\"ListItem\",\"position\":1,\"name\":\"Dom\u016f\",\"item\":\"https:\/\/www.czech-neuro.cz\/\"},{\"@type\":\"ListItem\",\"position\":2,\"name\":\"Volby do Neurointenzivistick\u00e9 sekce \u010cNS \u010cLS JEP 2023 &#8211; Kandid\u00e1tn\u00ed listina\"}]},{\"@type\":\"WebSite\",\"@id\":\"https:\/\/www.czech-neuro.cz\/#website\",\"url\":\"https:\/\/www.czech-neuro.cz\/\",\"name\":\"\u010cesk\u00e1 neurologick\u00e1 spole\u010dnost\",\"description\":\"\u010cesk\u00e1 neurologick\u00e1 spole\u010dnost je odborn\u00e1 v\u011bdeck\u00e1 spole\u010dnost, jej\u00edm\u017e c\u00edlem je db\u00e1t o rozvoj neurologie jako v\u00fdznamn\u00e9 l\u00e9ka\u0159sk\u00e9 a v\u011bdeck\u00e9 discipliny v \u010cesk\u00e9 republice.\",\"potentialAction\":[{\"@type\":\"SearchAction\",\"target\":{\"@type\":\"EntryPoint\",\"urlTemplate\":\"https:\/\/www.czech-neuro.cz\/?s={search_term_string}\"},\"query-input\":{\"@type\":\"PropertyValueSpecification\",\"valueRequired\":true,\"valueName\":\"search_term_string\"}}],\"inLanguage\":\"cs\"},{\"@type\":\"Person\",\"@id\":\"https:\/\/www.czech-neuro.cz\/#\/schema\/person\/af981b1d7fc38899fa48fdecaeb95264\",\"name\":\"Sekretari\u00e1t \u010cNS\",\"image\":{\"@type\":\"ImageObject\",\"inLanguage\":\"cs\",\"@id\":\"https:\/\/www.czech-neuro.cz\/#\/schema\/person\/image\/\",\"url\":\"https:\/\/www.czech-neuro.cz\/content\/uploads\/ap_avatars\/edcaf9b0d68692e3915c31d046e10fb8.jpg\",\"contentUrl\":\"https:\/\/www.czech-neuro.cz\/content\/uploads\/ap_avatars\/edcaf9b0d68692e3915c31d046e10fb8.jpg\",\"caption\":\"Sekretari\u00e1t \u010cNS\"},\"url\":\"https:\/\/www.czech-neuro.cz\/aktualita\/autor\/janurkovaassociationhouse-cz\/\"}]}<\/script>\n<!-- \/ Yoast SEO Premium plugin. -->","yoast_head_json":{"title":"Volby do Neurointenzivistick\u00e9 sekce \u010cNS \u010cLS JEP 2023 - Kandid\u00e1tn\u00ed listina - \u010cesk\u00e1 neurologick\u00e1 spole\u010dnost","robots":{"index":"index","follow":"follow","max-snippet":"max-snippet:-1","max-image-preview":"max-image-preview:large","max-video-preview":"max-video-preview:-1"},"canonical":"https:\/\/www.czech-neuro.cz\/aktualita\/volby-do-neurointenzivisticke-sekce-cns-cls-jep-2023-kandidatni-listina\/","og_locale":"cs_CZ","og_type":"article","og_title":"Volby do Neurointenzivistick\u00e9 sekce \u010cNS \u010cLS JEP 2023 - Kandid\u00e1tn\u00ed listina","og_description":"V\u00e1\u017een\u00e9 kolegyn\u011b, v\u00e1\u017een\u00ed kolegov\u00e9, s radost\u00ed V\u00e1m oznamujeme vznik kandid\u00e1tn\u00ed listiny na nadch\u00e1zej\u00edc\u00ed volby do v\u00fdboru Neurointenzivistick\u00e9 sekce \u010cNS \u010cLS...","og_url":"https:\/\/www.czech-neuro.cz\/aktualita\/volby-do-neurointenzivisticke-sekce-cns-cls-jep-2023-kandidatni-listina\/","og_site_name":"\u010cesk\u00e1 neurologick\u00e1 spole\u010dnost","article_published_time":"2023-09-19T08:50:41+00:00","article_modified_time":"2023-09-19T09:08:17+00:00","og_image":[{"width":372,"height":264,"url":"https:\/\/www.czech-neuro.cz\/content\/uploads\/2018\/04\/elektronicke_volby.jpg","type":"image\/jpeg"}],"author":"Sekretari\u00e1t \u010cNS","twitter_card":"summary_large_image","twitter_misc":{"Napsal(a)":"Sekretari\u00e1t \u010cNS","Odhadovan\u00e1 doba \u010dten\u00ed":"1 minuta"},"schema":{"@context":"https:\/\/schema.org","@graph":[{"@type":"WebPage","@id":"https:\/\/www.czech-neuro.cz\/aktualita\/volby-do-neurointenzivisticke-sekce-cns-cls-jep-2023-kandidatni-listina\/","url":"https:\/\/www.czech-neuro.cz\/aktualita\/volby-do-neurointenzivisticke-sekce-cns-cls-jep-2023-kandidatni-listina\/","name":"Volby do Neurointenzivistick\u00e9 sekce \u010cNS \u010cLS JEP 2023 - Kandid\u00e1tn\u00ed listina - \u010cesk\u00e1 neurologick\u00e1 spole\u010dnost","isPartOf":{"@id":"https:\/\/www.czech-neuro.cz\/#website"},"primaryImageOfPage":{"@id":"https:\/\/www.czech-neuro.cz\/aktualita\/volby-do-neurointenzivisticke-sekce-cns-cls-jep-2023-kandidatni-listina\/#primaryimage"},"image":{"@id":"https:\/\/www.czech-neuro.cz\/aktualita\/volby-do-neurointenzivisticke-sekce-cns-cls-jep-2023-kandidatni-listina\/#primaryimage"},"thumbnailUrl":"https:\/\/www.czech-neuro.cz\/content\/uploads\/2018\/04\/elektronicke_volby.jpg","datePublished":"2023-09-19T08:50:41+00:00","dateModified":"2023-09-19T09:08:17+00:00","author":{"@id":"https:\/\/www.czech-neuro.cz\/#\/schema\/person\/af981b1d7fc38899fa48fdecaeb95264"},"breadcrumb":{"@id":"https:\/\/www.czech-neuro.cz\/aktualita\/volby-do-neurointenzivisticke-sekce-cns-cls-jep-2023-kandidatni-listina\/#breadcrumb"},"inLanguage":"cs","potentialAction":[{"@type":"ReadAction","target":["https:\/\/www.czech-neuro.cz\/aktualita\/volby-do-neurointenzivisticke-sekce-cns-cls-jep-2023-kandidatni-listina\/"]}]},{"@type":"ImageObject","inLanguage":"cs","@id":"https:\/\/www.czech-neuro.cz\/aktualita\/volby-do-neurointenzivisticke-sekce-cns-cls-jep-2023-kandidatni-listina\/#primaryimage","url":"https:\/\/www.czech-neuro.cz\/content\/uploads\/2018\/04\/elektronicke_volby.jpg","contentUrl":"https:\/\/www.czech-neuro.cz\/content\/uploads\/2018\/04\/elektronicke_volby.jpg","width":372,"height":264},{"@type":"BreadcrumbList","@id":"https:\/\/www.czech-neuro.cz\/aktualita\/volby-do-neurointenzivisticke-sekce-cns-cls-jep-2023-kandidatni-listina\/#breadcrumb","itemListElement":[{"@type":"ListItem","position":1,"name":"Dom\u016f","item":"https:\/\/www.czech-neuro.cz\/"},{"@type":"ListItem","position":2,"name":"Volby do Neurointenzivistick\u00e9 sekce \u010cNS \u010cLS JEP 2023 &#8211; Kandid\u00e1tn\u00ed listina"}]},{"@type":"WebSite","@id":"https:\/\/www.czech-neuro.cz\/#website","url":"https:\/\/www.czech-neuro.cz\/","name":"\u010cesk\u00e1 neurologick\u00e1 spole\u010dnost","description":"\u010cesk\u00e1 neurologick\u00e1 spole\u010dnost je odborn\u00e1 v\u011bdeck\u00e1 spole\u010dnost, jej\u00edm\u017e c\u00edlem je db\u00e1t o rozvoj neurologie jako v\u00fdznamn\u00e9 l\u00e9ka\u0159sk\u00e9 a v\u011bdeck\u00e9 discipliny v \u010cesk\u00e9 republice.","potentialAction":[{"@type":"SearchAction","target":{"@type":"EntryPoint","urlTemplate":"https:\/\/www.czech-neuro.cz\/?s={search_term_string}"},"query-input":{"@type":"PropertyValueSpecification","valueRequired":true,"valueName":"search_term_string"}}],"inLanguage":"cs"},{"@type":"Person","@id":"https:\/\/www.czech-neuro.cz\/#\/schema\/person\/af981b1d7fc38899fa48fdecaeb95264","name":"Sekretari\u00e1t \u010cNS","image":{"@type":"ImageObject","inLanguage":"cs","@id":"https:\/\/www.czech-neuro.cz\/#\/schema\/person\/image\/","url":"https:\/\/www.czech-neuro.cz\/content\/uploads\/ap_avatars\/edcaf9b0d68692e3915c31d046e10fb8.jpg","contentUrl":"https:\/\/www.czech-neuro.cz\/content\/uploads\/ap_avatars\/edcaf9b0d68692e3915c31d046e10fb8.jpg","caption":"Sekretari\u00e1t \u010cNS"},"url":"https:\/\/www.czech-neuro.cz\/aktualita\/autor\/janurkovaassociationhouse-cz\/"}]}},"lang":"cs","translations":{"cs":13530},"_links":{"self":[{"href":"https:\/\/www.czech-neuro.cz\/api\/wp\/v2\/posts\/13530","targetHints":{"allow":["GET"]}}],"collection":[{"href":"https:\/\/www.czech-neuro.cz\/api\/wp\/v2\/posts"}],"about":[{"href":"https:\/\/www.czech-neuro.cz\/api\/wp\/v2\/types\/post"}],"author":[{"embeddable":true,"href":"https:\/\/www.czech-neuro.cz\/api\/wp\/v2\/users\/23"}],"replies":[{"embeddable":true,"href":"https:\/\/www.czech-neuro.cz\/api\/wp\/v2\/comments?post=13530"}],"version-history":[{"count":0,"href":"https:\/\/www.czech-neuro.cz\/api\/wp\/v2\/posts\/13530\/revisions"}],"wp:featuredmedia":[{"embeddable":true,"href":"https:\/\/www.czech-neuro.cz\/api\/wp\/v2\/media\/3770"}],"wp:attachment":[{"href":"https:\/\/www.czech-neuro.cz\/api\/wp\/v2\/media?parent=13530"}],"wp:term":[{"taxonomy":"category","embeddable":true,"href":"https:\/\/www.czech-neuro.cz\/api\/wp\/v2\/categories?post=13530"},{"taxonomy":"post_tag","embeddable":true,"href":"https:\/\/www.czech-neuro.cz\/api\/wp\/v2\/tags?post=13530"}],"curies":[{"name":"wp","href":"https:\/\/api.w.org\/{rel}","templated":true}]}}