{"id":13403,"date":"2023-07-24T08:52:58","date_gmt":"2023-07-24T06:52:58","guid":{"rendered":"https:\/\/www.czech-neuro.cz\/?p=13403"},"modified":"2023-07-24T11:03:27","modified_gmt":"2023-07-24T09:03:27","slug":"zalozeni-nove-spankove-sekce-cns-cls-jep","status":"publish","type":"post","link":"https:\/\/www.czech-neuro.cz\/aktualita\/zalozeni-nove-spankove-sekce-cns-cls-jep\/","title":{"rendered":"Zalo\u017een\u00ed nov\u00e9 Sp\u00e1nkov\u00e9 sekce \u010cNS \u010cLS JEP"},"content":{"rendered":"<p>V\u00e1\u017een\u00e9 \u010dlenky, v\u00e1\u017een\u00ed \u010dlenov\u00e9 \u010cNS \u010cLS JEP,<br \/>\nv\u00e1\u017een\u00e9 kolegyn\u011b, v\u00e1\u017een\u00ed kolegov\u00e9,<\/p>\n<p>dovolte mi, abych v\u00e1s informoval, \u017ee na posledn\u00edm zased\u00e1n\u00ed v\u00fdboru \u010cesk\u00e9 neurologick\u00e9 spole\u010dnosti \u010cLS JEP dne 23.&nbsp;6.&nbsp;2023 bylo\u00a0odsouhlaseno <strong>zalo\u017een\u00ed Sp\u00e1nkov\u00e9 sekce \u010cNS \u010cLS JEP.<\/strong>\u00a0Tato iniciativa vznikla s&nbsp;c\u00edlem sdru\u017eovat odborn\u00edky z&nbsp;oblasti sp\u00e1nkov\u00e9 medic\u00edny a&nbsp;z\u00e1jemce o&nbsp;sp\u00e1nek a&nbsp;jeho poruchy, a&nbsp;je otev\u0159en\u00e1 tak\u00e9 odborn\u00edk\u016fm a&nbsp;z\u00e1jemc\u016fm z&nbsp;dal\u0161\u00edch p\u0159\u00edbuzn\u00fdch obor\u016f.<\/p>\n<p>Zakl\u00e1daj\u00edc\u00ed \u010dlenov\u00e9 Sp\u00e1nkov\u00e9 sekce \u010cNS \u010cLS JEP:<br \/>\nDoc. MUDr. Jitka Bu\u0161kov\u00e1, Ph.D.<br \/>\nMUDr. Simona Dost\u00e1lov\u00e1, Ph.D.<br \/>\nMUDr. Martin Pretl, CSc.<br \/>\nMUDr. Kate\u0159ina Seltenreichov\u00e1, Ph.D.<br \/>\nMUDr. Jana Slonkov\u00e1, Ph.D.<br \/>\nProf. MUDr. Karel \u0160onka, DrSc.<\/p>\n<p>V\u0161ichni \u010dlenov\u00e9 \u010cNS \u010cLS JEP, kte\u0159\u00ed maj\u00ed z\u00e1jem o&nbsp;spolupr\u00e1ci nebo se zaj\u00edmaj\u00ed o&nbsp;sp\u00e1nkovou problematiku, maj\u00ed nyn\u00ed mo\u017enost roz\u0161\u00ed\u0159it sv\u00e9 \u010dlenstv\u00ed tak\u00e9 ve Sp\u00e1nkov\u00e9 sekci. Sta\u010d\u00ed se p\u0159ihl\u00e1sit do on-line \u010dlensk\u00e9 datab\u00e1ze a&nbsp;odeslat p\u0159ihl\u00e1\u0161ku do sekce pomoc\u00ed tohoto odkazu:\u00a0<a href=\"https:\/\/databaze.cls.cz\/prihlaseni-clena\">https:\/\/databaze.cls.cz\/prihlaseni-clena<\/a>\u00a0\u00a0 T\u00edmto zp\u016fsobem se m\u016f\u017eete aktivn\u011b zapojit do \u010dinnosti sekce a&nbsp;vyu\u017e\u00edt p\u0159\u00edle\u017eitost\u00ed ke spolupr\u00e1ci a&nbsp;sd\u00edlen\u00ed informac\u00ed v&nbsp;t\u00e9to v\u00fdznamn\u00e9 oblasti medic\u00edny.<\/p>\n<p><strong>P\u0159ihl\u00e1\u0161ky do Sp\u00e1nkov\u00e9 sekce pros\u00edm zas\u00edlejte do 31.&nbsp;12.&nbsp;2023<\/strong>. Za\u010d\u00e1tkem roku 2024 budou pot\u00e9 uskute\u010dn\u011bny volby do v\u00fdboru sekce.<\/p>\n<p>V\u00edce informac\u00ed o&nbsp;Sp\u00e1nkov\u00e9 sekci \u010cNS \u010cLS JEP naleznete na webov\u00fdch str\u00e1nk\u00e1ch:\u00a0<a href=\"https:\/\/www.czech-neuro.cz\/sekce\/spankova-sekce\/\">https:\/\/www.czech-neuro.cz\/sekce\/spankova-sekce\/<\/a><\/p>\n<p>S p\u0159\u00e1telsk\u00fdm pozdravem,<\/p>\n<p><strong>prof. MUDr. Karel \u0160onka, DrSc.<br \/>\n<\/strong>Pov\u011b\u0159en\u00fd p\u0159edseda Sp\u00e1nkov\u00e9 sekce<\/p>\n","protected":false},"excerpt":{"rendered":"<p>V\u00e1\u017een\u00e9 \u010dlenky, v\u00e1\u017een\u00ed \u010dlenov\u00e9 \u010cNS \u010cLS JEP, v\u00e1\u017een\u00e9 kolegyn\u011b, v\u00e1\u017een\u00ed kolegov\u00e9, dovolte mi, abych v\u00e1s informoval, \u017ee na posledn\u00edm zased\u00e1n\u00ed&#8230;<\/p>\n","protected":false},"author":23,"featured_media":13404,"comment_status":"closed","ping_status":"closed","sticky":false,"template":"","format":"standard","meta":{"_acf_changed":false,"_searchwp_excluded":"","kia_subtitle":""},"categories":[1],"tags":[],"class_list":["post-13403","post","type-post","status-publish","has-post-thumbnail","hentry","category-nezarazene"],"acf":[],"yoast_head":"<!-- This site is optimized with the Yoast SEO Premium plugin v26.2 (Yoast SEO v26.2) - https:\/\/yoast.com\/wordpress\/plugins\/seo\/ -->\n<title>Zalo\u017een\u00ed nov\u00e9 Sp\u00e1nkov\u00e9 sekce \u010cNS \u010cLS JEP - \u010cesk\u00e1 neurologick\u00e1 spole\u010dnost<\/title>\n<meta name=\"robots\" content=\"index, follow, max-snippet:-1, max-image-preview:large, max-video-preview:-1\" \/>\n<link rel=\"canonical\" href=\"https:\/\/www.czech-neuro.cz\/aktualita\/zalozeni-nove-spankove-sekce-cns-cls-jep\/\" \/>\n<meta property=\"og:locale\" content=\"cs_CZ\" \/>\n<meta property=\"og:type\" content=\"article\" \/>\n<meta property=\"og:title\" content=\"Zalo\u017een\u00ed nov\u00e9 Sp\u00e1nkov\u00e9 sekce \u010cNS \u010cLS JEP\" \/>\n<meta property=\"og:description\" content=\"V\u00e1\u017een\u00e9 \u010dlenky, v\u00e1\u017een\u00ed \u010dlenov\u00e9 \u010cNS \u010cLS JEP, v\u00e1\u017een\u00e9 kolegyn\u011b, v\u00e1\u017een\u00ed kolegov\u00e9, dovolte mi, abych v\u00e1s informoval, \u017ee na posledn\u00edm zased\u00e1n\u00ed...\" \/>\n<meta property=\"og:url\" content=\"https:\/\/www.czech-neuro.cz\/aktualita\/zalozeni-nove-spankove-sekce-cns-cls-jep\/\" \/>\n<meta property=\"og:site_name\" content=\"\u010cesk\u00e1 neurologick\u00e1 spole\u010dnost\" \/>\n<meta property=\"article:published_time\" content=\"2023-07-24T06:52:58+00:00\" \/>\n<meta property=\"article:modified_time\" content=\"2023-07-24T09:03:27+00:00\" \/>\n<meta property=\"og:image\" content=\"https:\/\/www.czech-neuro.cz\/content\/uploads\/2023\/07\/information-2160912_1280-1.png\" \/>\n\t<meta property=\"og:image:width\" content=\"1280\" \/>\n\t<meta property=\"og:image:height\" content=\"1280\" \/>\n\t<meta property=\"og:image:type\" content=\"image\/png\" \/>\n<meta name=\"author\" content=\"Sekretari\u00e1t \u010cNS\" \/>\n<meta name=\"twitter:card\" content=\"summary_large_image\" \/>\n<meta name=\"twitter:label1\" content=\"Napsal(a)\" \/>\n\t<meta name=\"twitter:data1\" content=\"Sekretari\u00e1t \u010cNS\" \/>\n\t<meta name=\"twitter:label2\" content=\"Odhadovan\u00e1 doba \u010dten\u00ed\" \/>\n\t<meta name=\"twitter:data2\" content=\"1 minuta\" \/>\n<script type=\"application\/ld+json\" class=\"yoast-schema-graph\">{\"@context\":\"https:\/\/schema.org\",\"@graph\":[{\"@type\":\"WebPage\",\"@id\":\"https:\/\/www.czech-neuro.cz\/aktualita\/zalozeni-nove-spankove-sekce-cns-cls-jep\/\",\"url\":\"https:\/\/www.czech-neuro.cz\/aktualita\/zalozeni-nove-spankove-sekce-cns-cls-jep\/\",\"name\":\"Zalo\u017een\u00ed nov\u00e9 Sp\u00e1nkov\u00e9 sekce \u010cNS \u010cLS JEP - \u010cesk\u00e1 neurologick\u00e1 spole\u010dnost\",\"isPartOf\":{\"@id\":\"https:\/\/www.czech-neuro.cz\/#website\"},\"primaryImageOfPage\":{\"@id\":\"https:\/\/www.czech-neuro.cz\/aktualita\/zalozeni-nove-spankove-sekce-cns-cls-jep\/#primaryimage\"},\"image\":{\"@id\":\"https:\/\/www.czech-neuro.cz\/aktualita\/zalozeni-nove-spankove-sekce-cns-cls-jep\/#primaryimage\"},\"thumbnailUrl\":\"https:\/\/www.czech-neuro.cz\/content\/uploads\/2023\/07\/information-2160912_1280-1.png\",\"datePublished\":\"2023-07-24T06:52:58+00:00\",\"dateModified\":\"2023-07-24T09:03:27+00:00\",\"author\":{\"@id\":\"https:\/\/www.czech-neuro.cz\/#\/schema\/person\/af981b1d7fc38899fa48fdecaeb95264\"},\"breadcrumb\":{\"@id\":\"https:\/\/www.czech-neuro.cz\/aktualita\/zalozeni-nove-spankove-sekce-cns-cls-jep\/#breadcrumb\"},\"inLanguage\":\"cs\",\"potentialAction\":[{\"@type\":\"ReadAction\",\"target\":[\"https:\/\/www.czech-neuro.cz\/aktualita\/zalozeni-nove-spankove-sekce-cns-cls-jep\/\"]}]},{\"@type\":\"ImageObject\",\"inLanguage\":\"cs\",\"@id\":\"https:\/\/www.czech-neuro.cz\/aktualita\/zalozeni-nove-spankove-sekce-cns-cls-jep\/#primaryimage\",\"url\":\"https:\/\/www.czech-neuro.cz\/content\/uploads\/2023\/07\/information-2160912_1280-1.png\",\"contentUrl\":\"https:\/\/www.czech-neuro.cz\/content\/uploads\/2023\/07\/information-2160912_1280-1.png\",\"width\":1280,\"height\":1280},{\"@type\":\"BreadcrumbList\",\"@id\":\"https:\/\/www.czech-neuro.cz\/aktualita\/zalozeni-nove-spankove-sekce-cns-cls-jep\/#breadcrumb\",\"itemListElement\":[{\"@type\":\"ListItem\",\"position\":1,\"name\":\"Dom\u016f\",\"item\":\"https:\/\/www.czech-neuro.cz\/\"},{\"@type\":\"ListItem\",\"position\":2,\"name\":\"Zalo\u017een\u00ed nov\u00e9 Sp\u00e1nkov\u00e9 sekce \u010cNS \u010cLS JEP\"}]},{\"@type\":\"WebSite\",\"@id\":\"https:\/\/www.czech-neuro.cz\/#website\",\"url\":\"https:\/\/www.czech-neuro.cz\/\",\"name\":\"\u010cesk\u00e1 neurologick\u00e1 spole\u010dnost\",\"description\":\"\u010cesk\u00e1 neurologick\u00e1 spole\u010dnost je odborn\u00e1 v\u011bdeck\u00e1 spole\u010dnost, jej\u00edm\u017e c\u00edlem je db\u00e1t o rozvoj neurologie jako v\u00fdznamn\u00e9 l\u00e9ka\u0159sk\u00e9 a v\u011bdeck\u00e9 discipliny v \u010cesk\u00e9 republice.\",\"potentialAction\":[{\"@type\":\"SearchAction\",\"target\":{\"@type\":\"EntryPoint\",\"urlTemplate\":\"https:\/\/www.czech-neuro.cz\/?s={search_term_string}\"},\"query-input\":{\"@type\":\"PropertyValueSpecification\",\"valueRequired\":true,\"valueName\":\"search_term_string\"}}],\"inLanguage\":\"cs\"},{\"@type\":\"Person\",\"@id\":\"https:\/\/www.czech-neuro.cz\/#\/schema\/person\/af981b1d7fc38899fa48fdecaeb95264\",\"name\":\"Sekretari\u00e1t \u010cNS\",\"image\":{\"@type\":\"ImageObject\",\"inLanguage\":\"cs\",\"@id\":\"https:\/\/www.czech-neuro.cz\/#\/schema\/person\/image\/\",\"url\":\"https:\/\/www.czech-neuro.cz\/content\/uploads\/ap_avatars\/edcaf9b0d68692e3915c31d046e10fb8.jpg\",\"contentUrl\":\"https:\/\/www.czech-neuro.cz\/content\/uploads\/ap_avatars\/edcaf9b0d68692e3915c31d046e10fb8.jpg\",\"caption\":\"Sekretari\u00e1t \u010cNS\"},\"url\":\"https:\/\/www.czech-neuro.cz\/aktualita\/autor\/janurkovaassociationhouse-cz\/\"}]}<\/script>\n<!-- \/ Yoast SEO Premium plugin. -->","yoast_head_json":{"title":"Zalo\u017een\u00ed nov\u00e9 Sp\u00e1nkov\u00e9 sekce \u010cNS \u010cLS JEP - \u010cesk\u00e1 neurologick\u00e1 spole\u010dnost","robots":{"index":"index","follow":"follow","max-snippet":"max-snippet:-1","max-image-preview":"max-image-preview:large","max-video-preview":"max-video-preview:-1"},"canonical":"https:\/\/www.czech-neuro.cz\/aktualita\/zalozeni-nove-spankove-sekce-cns-cls-jep\/","og_locale":"cs_CZ","og_type":"article","og_title":"Zalo\u017een\u00ed nov\u00e9 Sp\u00e1nkov\u00e9 sekce \u010cNS \u010cLS JEP","og_description":"V\u00e1\u017een\u00e9 \u010dlenky, v\u00e1\u017een\u00ed \u010dlenov\u00e9 \u010cNS \u010cLS JEP, v\u00e1\u017een\u00e9 kolegyn\u011b, v\u00e1\u017een\u00ed kolegov\u00e9, dovolte mi, abych v\u00e1s informoval, \u017ee na posledn\u00edm zased\u00e1n\u00ed...","og_url":"https:\/\/www.czech-neuro.cz\/aktualita\/zalozeni-nove-spankove-sekce-cns-cls-jep\/","og_site_name":"\u010cesk\u00e1 neurologick\u00e1 spole\u010dnost","article_published_time":"2023-07-24T06:52:58+00:00","article_modified_time":"2023-07-24T09:03:27+00:00","og_image":[{"width":1280,"height":1280,"url":"https:\/\/www.czech-neuro.cz\/content\/uploads\/2023\/07\/information-2160912_1280-1.png","type":"image\/png"}],"author":"Sekretari\u00e1t \u010cNS","twitter_card":"summary_large_image","twitter_misc":{"Napsal(a)":"Sekretari\u00e1t \u010cNS","Odhadovan\u00e1 doba \u010dten\u00ed":"1 minuta"},"schema":{"@context":"https:\/\/schema.org","@graph":[{"@type":"WebPage","@id":"https:\/\/www.czech-neuro.cz\/aktualita\/zalozeni-nove-spankove-sekce-cns-cls-jep\/","url":"https:\/\/www.czech-neuro.cz\/aktualita\/zalozeni-nove-spankove-sekce-cns-cls-jep\/","name":"Zalo\u017een\u00ed nov\u00e9 Sp\u00e1nkov\u00e9 sekce \u010cNS \u010cLS JEP - \u010cesk\u00e1 neurologick\u00e1 spole\u010dnost","isPartOf":{"@id":"https:\/\/www.czech-neuro.cz\/#website"},"primaryImageOfPage":{"@id":"https:\/\/www.czech-neuro.cz\/aktualita\/zalozeni-nove-spankove-sekce-cns-cls-jep\/#primaryimage"},"image":{"@id":"https:\/\/www.czech-neuro.cz\/aktualita\/zalozeni-nove-spankove-sekce-cns-cls-jep\/#primaryimage"},"thumbnailUrl":"https:\/\/www.czech-neuro.cz\/content\/uploads\/2023\/07\/information-2160912_1280-1.png","datePublished":"2023-07-24T06:52:58+00:00","dateModified":"2023-07-24T09:03:27+00:00","author":{"@id":"https:\/\/www.czech-neuro.cz\/#\/schema\/person\/af981b1d7fc38899fa48fdecaeb95264"},"breadcrumb":{"@id":"https:\/\/www.czech-neuro.cz\/aktualita\/zalozeni-nove-spankove-sekce-cns-cls-jep\/#breadcrumb"},"inLanguage":"cs","potentialAction":[{"@type":"ReadAction","target":["https:\/\/www.czech-neuro.cz\/aktualita\/zalozeni-nove-spankove-sekce-cns-cls-jep\/"]}]},{"@type":"ImageObject","inLanguage":"cs","@id":"https:\/\/www.czech-neuro.cz\/aktualita\/zalozeni-nove-spankove-sekce-cns-cls-jep\/#primaryimage","url":"https:\/\/www.czech-neuro.cz\/content\/uploads\/2023\/07\/information-2160912_1280-1.png","contentUrl":"https:\/\/www.czech-neuro.cz\/content\/uploads\/2023\/07\/information-2160912_1280-1.png","width":1280,"height":1280},{"@type":"BreadcrumbList","@id":"https:\/\/www.czech-neuro.cz\/aktualita\/zalozeni-nove-spankove-sekce-cns-cls-jep\/#breadcrumb","itemListElement":[{"@type":"ListItem","position":1,"name":"Dom\u016f","item":"https:\/\/www.czech-neuro.cz\/"},{"@type":"ListItem","position":2,"name":"Zalo\u017een\u00ed nov\u00e9 Sp\u00e1nkov\u00e9 sekce \u010cNS \u010cLS JEP"}]},{"@type":"WebSite","@id":"https:\/\/www.czech-neuro.cz\/#website","url":"https:\/\/www.czech-neuro.cz\/","name":"\u010cesk\u00e1 neurologick\u00e1 spole\u010dnost","description":"\u010cesk\u00e1 neurologick\u00e1 spole\u010dnost je odborn\u00e1 v\u011bdeck\u00e1 spole\u010dnost, jej\u00edm\u017e c\u00edlem je db\u00e1t o rozvoj neurologie jako v\u00fdznamn\u00e9 l\u00e9ka\u0159sk\u00e9 a v\u011bdeck\u00e9 discipliny v \u010cesk\u00e9 republice.","potentialAction":[{"@type":"SearchAction","target":{"@type":"EntryPoint","urlTemplate":"https:\/\/www.czech-neuro.cz\/?s={search_term_string}"},"query-input":{"@type":"PropertyValueSpecification","valueRequired":true,"valueName":"search_term_string"}}],"inLanguage":"cs"},{"@type":"Person","@id":"https:\/\/www.czech-neuro.cz\/#\/schema\/person\/af981b1d7fc38899fa48fdecaeb95264","name":"Sekretari\u00e1t \u010cNS","image":{"@type":"ImageObject","inLanguage":"cs","@id":"https:\/\/www.czech-neuro.cz\/#\/schema\/person\/image\/","url":"https:\/\/www.czech-neuro.cz\/content\/uploads\/ap_avatars\/edcaf9b0d68692e3915c31d046e10fb8.jpg","contentUrl":"https:\/\/www.czech-neuro.cz\/content\/uploads\/ap_avatars\/edcaf9b0d68692e3915c31d046e10fb8.jpg","caption":"Sekretari\u00e1t \u010cNS"},"url":"https:\/\/www.czech-neuro.cz\/aktualita\/autor\/janurkovaassociationhouse-cz\/"}]}},"lang":"cs","translations":{"cs":13403},"_links":{"self":[{"href":"https:\/\/www.czech-neuro.cz\/api\/wp\/v2\/posts\/13403","targetHints":{"allow":["GET"]}}],"collection":[{"href":"https:\/\/www.czech-neuro.cz\/api\/wp\/v2\/posts"}],"about":[{"href":"https:\/\/www.czech-neuro.cz\/api\/wp\/v2\/types\/post"}],"author":[{"embeddable":true,"href":"https:\/\/www.czech-neuro.cz\/api\/wp\/v2\/users\/23"}],"replies":[{"embeddable":true,"href":"https:\/\/www.czech-neuro.cz\/api\/wp\/v2\/comments?post=13403"}],"version-history":[{"count":0,"href":"https:\/\/www.czech-neuro.cz\/api\/wp\/v2\/posts\/13403\/revisions"}],"wp:featuredmedia":[{"embeddable":true,"href":"https:\/\/www.czech-neuro.cz\/api\/wp\/v2\/media\/13404"}],"wp:attachment":[{"href":"https:\/\/www.czech-neuro.cz\/api\/wp\/v2\/media?parent=13403"}],"wp:term":[{"taxonomy":"category","embeddable":true,"href":"https:\/\/www.czech-neuro.cz\/api\/wp\/v2\/categories?post=13403"},{"taxonomy":"post_tag","embeddable":true,"href":"https:\/\/www.czech-neuro.cz\/api\/wp\/v2\/tags?post=13403"}],"curies":[{"name":"wp","href":"https:\/\/api.w.org\/{rel}","templated":true}]}}