{"id":13400,"date":"2023-07-14T15:30:46","date_gmt":"2023-07-14T13:30:46","guid":{"rendered":"https:\/\/www.czech-neuro.cz\/?p=13400"},"modified":"2023-07-27T15:44:24","modified_gmt":"2023-07-27T13:44:24","slug":"cestovni-granty-cns-k-ucasti-na-36-cesky-a-slovensky-neurologicky-sjezd","status":"publish","type":"post","link":"https:\/\/www.czech-neuro.cz\/aktualita\/cestovni-granty-cns-k-ucasti-na-36-cesky-a-slovensky-neurologicky-sjezd\/","title":{"rendered":"Cestovn\u00ed granty \u010cNS k&nbsp;\u00fa\u010dasti na 36.&nbsp;\u010desk\u00fd a&nbsp;slovensk\u00fd neurologick\u00fd sjezd"},"content":{"rendered":"<p>\u010cesk\u00e1 neurologick\u00e1 spole\u010dnost \u010cLS JEP (\u010cNS) vypisuje pro rok 2023 cestovn\u00ed grant pro mlad\u00e9 l\u00e9ka\u0159e na podporu\u00a0\u00fa\u010dasti na\u00a0<strong>36.\u00a0\u010desk\u00e9m a\u00a0slovensk\u00e9m neurologick\u00e9m sjezdu<\/strong>\u00a0(\u010cSNS 2023) v\u00a0celkov\u00e9 maxim\u00e1ln\u00ed \u010d\u00e1stce 300.000 K\u010d, kter\u00fd se kon\u00e1\u00a0<strong>29.\u00a011. -1.\u00a012.\u00a02023<\/strong><strong>\u00a0v\u00a0Hradci Kr\u00e1lov\u00e9.<\/strong><\/p>\n<p>Cestovn\u00ed grant m\u016f\u017ee b\u00fdt ud\u011blen b\u011bhem cel\u00e9ho kalend\u00e1\u0159n\u00edho roku, pokud nen\u00ed kapacita (tj.\u00a0\u010d\u00e1stka 300.000\u00a0K\u010d) vy\u010derp\u00e1na nebo nen\u00ed p\u0159ekro\u010den term\u00edn mo\u017enosti p\u0159ihl\u00e1\u0161en\u00ed (tj.\u00a017.\u00a09.\u00a02023). V\u00a0p\u0159\u00edpad\u011b nedostate\u010dn\u00e9 kvality p\u0159ihl\u00e1\u0161en\u00fdch p\u0159\u00edsp\u011bvk\u016f, nemus\u00ed b\u00fdt cestovn\u00ed grant vy\u010derp\u00e1n v\u00a0cel\u00e9 v\u00fd\u0161i.<\/p>\n<p>\u00dasp\u011b\u0161n\u00e9mu \u017eadateli o\u00a0cestovn\u00ed grant bude automaticky uhrazen\u00a0<strong>registra\u010dn\u00ed poplatek<\/strong>\u00a0na \u010cSNS 2023 a\u00a0bezplatn\u011b zaji\u0161t\u011bno\u00a0<strong>ubytov\u00e1n\u00ed<\/strong>\u00a0(v\u00a0p\u0159\u00edpad\u011b pracovi\u0161t\u011b mimo Hradec Kr\u00e1lov\u00e9 \u2013 m\u00edsto kon\u00e1n\u00ed akce) v\u00a0term\u00ednu kon\u00e1n\u00ed \u010cSNS 2023 na 2 noci ve 3* hotelu.<\/p>\n<p>\u017d\u00e1dost o\u00a0cestovn\u00ed grant bude po\u00a0odborn\u00e9 str\u00e1nce posouzena organiza\u010dn\u00edm a\u00a0v\u011bdeck\u00fdm v\u00fdborem \u010cSNS.<\/p>\n<p><strong>Krit\u00e9ria pro p\u0159ijet\u00ed \u017e\u00e1dosti<\/strong><\/p>\n<ul>\n<li>rok narozen\u00ed 1988 nebo pozd\u011bji<\/li>\n<li>\u010dlen \u010cNS s\u00a0\u0159\u00e1dn\u011b uhrazen\u00fdmi \u010dlensk\u00fdmi poplatky<\/li>\n<li>p\u0159ihl\u00e1\u0161en\u00ed k\u00a0aktivn\u00ed \u00fa\u010dasti na \u010cSNS 2023 (p\u0159ihl\u00e1\u0161en\u00ed prost\u0159ednictv\u00edm\u00a0<a href=\"https:\/\/mhconsulting.cz\/kongres\/175-36-cesky-a-slovensky-neurologicky-sjezd-29-listopadu-1-prosince-2023\/aktivni-ucast\">webov\u00fdch str\u00e1nek sjezdu<\/a> do 15.&nbsp;9.&nbsp;2023)<\/li>\n<li>prvn\u00ed autor sd\u011blen\u00ed<\/li>\n<li>do 17.\u00a09.\u00a02023 zaslat na email sekretariat@czech-neuro.cz p\u00edsemnou p\u0159ihl\u00e1\u0161ku s\u00a0potvrzen\u00edm, \u017ee jsou spln\u011bna v\u00fd\u0161e uveden\u00e1 krit\u00e9ria. \u017dadatel dostane potvrzen\u00ed p\u0159ijet\u00ed p\u0159ihl\u00e1\u0161ky od sekretari\u00e1tu v\u00fdboru. Nestane-li se tak, je t\u0159eba potvrzen\u00ed urgovat. Bez obdr\u017een\u00ed tohoto potvrzen\u00ed je p\u0159ihl\u00e1\u0161ka neplatn\u00e1.<\/li>\n<\/ul>\n<p>\u017dadatel o\u00a0cestovn\u00ed grant obdr\u017e\u00ed vyj\u00e1d\u0159en\u00ed o\u00a0p\u0159id\u011blen\u00ed\/nep\u0159id\u011blen\u00ed cestovn\u00edho grantu od sekretari\u00e1tu \u010cNS do 1.\u00a010.\u00a02023.<\/p>\n<p>P\u0159ehled \u00fasp\u011b\u0161n\u00fdch \u017eadatel\u016f bude zve\u0159ejn\u011bn na webov\u00fdch str\u00e1nk\u00e1ch \u010cNS a&nbsp;v&nbsp;elektronick\u00e9m newsletteru \u010cNS.<\/p>\n<p>V\u00fdbor \u010cNS<\/p>\n","protected":false},"excerpt":{"rendered":"<p>\u010cesk\u00e1 neurologick\u00e1 spole\u010dnost \u010cLS JEP (\u010cNS) vypisuje pro rok 2023 cestovn\u00ed grant pro mlad\u00e9 l\u00e9ka\u0159e na podporu\u00a0\u00fa\u010dasti na\u00a036.\u00a0\u010desk\u00e9m a\u00a0slovensk\u00e9m neurologick\u00e9m&#8230;<\/p>\n","protected":false},"author":23,"featured_media":13401,"comment_status":"closed","ping_status":"closed","sticky":false,"template":"","format":"standard","meta":{"_acf_changed":false,"_searchwp_excluded":"","kia_subtitle":""},"categories":[1],"tags":[],"class_list":["post-13400","post","type-post","status-publish","has-post-thumbnail","hentry","category-nezarazene"],"acf":[],"yoast_head":"<!-- This site is optimized with the Yoast SEO Premium plugin v26.2 (Yoast SEO v26.2) - https:\/\/yoast.com\/wordpress\/plugins\/seo\/ -->\n<title>Cestovn\u00ed granty \u010cNS k \u00fa\u010dasti na 36. \u010desk\u00fd a slovensk\u00fd neurologick\u00fd sjezd - \u010cesk\u00e1 neurologick\u00e1 spole\u010dnost<\/title>\n<meta name=\"robots\" content=\"index, follow, max-snippet:-1, max-image-preview:large, max-video-preview:-1\" \/>\n<link rel=\"canonical\" href=\"https:\/\/www.czech-neuro.cz\/aktualita\/cestovni-granty-cns-k-ucasti-na-36-cesky-a-slovensky-neurologicky-sjezd\/\" \/>\n<meta property=\"og:locale\" content=\"cs_CZ\" \/>\n<meta property=\"og:type\" content=\"article\" \/>\n<meta property=\"og:title\" content=\"Cestovn\u00ed granty \u010cNS k \u00fa\u010dasti na 36. \u010desk\u00fd a slovensk\u00fd neurologick\u00fd sjezd\" \/>\n<meta property=\"og:description\" content=\"\u010cesk\u00e1 neurologick\u00e1 spole\u010dnost \u010cLS JEP (\u010cNS) vypisuje pro rok 2023 cestovn\u00ed grant pro mlad\u00e9 l\u00e9ka\u0159e na podporu\u00a0\u00fa\u010dasti na\u00a036.\u00a0\u010desk\u00e9m a\u00a0slovensk\u00e9m neurologick\u00e9m...\" \/>\n<meta property=\"og:url\" content=\"https:\/\/www.czech-neuro.cz\/aktualita\/cestovni-granty-cns-k-ucasti-na-36-cesky-a-slovensky-neurologicky-sjezd\/\" \/>\n<meta property=\"og:site_name\" content=\"\u010cesk\u00e1 neurologick\u00e1 spole\u010dnost\" \/>\n<meta property=\"article:published_time\" content=\"2023-07-14T13:30:46+00:00\" \/>\n<meta property=\"article:modified_time\" content=\"2023-07-27T13:44:24+00:00\" \/>\n<meta property=\"og:image\" content=\"https:\/\/www.czech-neuro.cz\/content\/uploads\/2023\/07\/piggy-bank-1595992_1280.jpg\" \/>\n\t<meta property=\"og:image:width\" content=\"1280\" \/>\n\t<meta property=\"og:image:height\" content=\"853\" \/>\n\t<meta property=\"og:image:type\" content=\"image\/jpeg\" \/>\n<meta name=\"author\" content=\"Sekretari\u00e1t \u010cNS\" \/>\n<meta name=\"twitter:card\" content=\"summary_large_image\" \/>\n<meta name=\"twitter:label1\" content=\"Napsal(a)\" \/>\n\t<meta name=\"twitter:data1\" content=\"Sekretari\u00e1t \u010cNS\" \/>\n\t<meta name=\"twitter:label2\" content=\"Odhadovan\u00e1 doba \u010dten\u00ed\" \/>\n\t<meta name=\"twitter:data2\" content=\"2 minuty\" \/>\n<script type=\"application\/ld+json\" class=\"yoast-schema-graph\">{\"@context\":\"https:\/\/schema.org\",\"@graph\":[{\"@type\":\"WebPage\",\"@id\":\"https:\/\/www.czech-neuro.cz\/aktualita\/cestovni-granty-cns-k-ucasti-na-36-cesky-a-slovensky-neurologicky-sjezd\/\",\"url\":\"https:\/\/www.czech-neuro.cz\/aktualita\/cestovni-granty-cns-k-ucasti-na-36-cesky-a-slovensky-neurologicky-sjezd\/\",\"name\":\"Cestovn\u00ed granty \u010cNS k \u00fa\u010dasti na 36. \u010desk\u00fd a slovensk\u00fd neurologick\u00fd sjezd - \u010cesk\u00e1 neurologick\u00e1 spole\u010dnost\",\"isPartOf\":{\"@id\":\"https:\/\/www.czech-neuro.cz\/#website\"},\"primaryImageOfPage\":{\"@id\":\"https:\/\/www.czech-neuro.cz\/aktualita\/cestovni-granty-cns-k-ucasti-na-36-cesky-a-slovensky-neurologicky-sjezd\/#primaryimage\"},\"image\":{\"@id\":\"https:\/\/www.czech-neuro.cz\/aktualita\/cestovni-granty-cns-k-ucasti-na-36-cesky-a-slovensky-neurologicky-sjezd\/#primaryimage\"},\"thumbnailUrl\":\"https:\/\/www.czech-neuro.cz\/content\/uploads\/2023\/07\/piggy-bank-1595992_1280.jpg\",\"datePublished\":\"2023-07-14T13:30:46+00:00\",\"dateModified\":\"2023-07-27T13:44:24+00:00\",\"author\":{\"@id\":\"https:\/\/www.czech-neuro.cz\/#\/schema\/person\/af981b1d7fc38899fa48fdecaeb95264\"},\"breadcrumb\":{\"@id\":\"https:\/\/www.czech-neuro.cz\/aktualita\/cestovni-granty-cns-k-ucasti-na-36-cesky-a-slovensky-neurologicky-sjezd\/#breadcrumb\"},\"inLanguage\":\"cs\",\"potentialAction\":[{\"@type\":\"ReadAction\",\"target\":[\"https:\/\/www.czech-neuro.cz\/aktualita\/cestovni-granty-cns-k-ucasti-na-36-cesky-a-slovensky-neurologicky-sjezd\/\"]}]},{\"@type\":\"ImageObject\",\"inLanguage\":\"cs\",\"@id\":\"https:\/\/www.czech-neuro.cz\/aktualita\/cestovni-granty-cns-k-ucasti-na-36-cesky-a-slovensky-neurologicky-sjezd\/#primaryimage\",\"url\":\"https:\/\/www.czech-neuro.cz\/content\/uploads\/2023\/07\/piggy-bank-1595992_1280.jpg\",\"contentUrl\":\"https:\/\/www.czech-neuro.cz\/content\/uploads\/2023\/07\/piggy-bank-1595992_1280.jpg\",\"width\":1280,\"height\":853},{\"@type\":\"BreadcrumbList\",\"@id\":\"https:\/\/www.czech-neuro.cz\/aktualita\/cestovni-granty-cns-k-ucasti-na-36-cesky-a-slovensky-neurologicky-sjezd\/#breadcrumb\",\"itemListElement\":[{\"@type\":\"ListItem\",\"position\":1,\"name\":\"Dom\u016f\",\"item\":\"https:\/\/www.czech-neuro.cz\/\"},{\"@type\":\"ListItem\",\"position\":2,\"name\":\"Cestovn\u00ed granty \u010cNS k&nbsp;\u00fa\u010dasti na 36.&nbsp;\u010desk\u00fd a&nbsp;slovensk\u00fd neurologick\u00fd sjezd\"}]},{\"@type\":\"WebSite\",\"@id\":\"https:\/\/www.czech-neuro.cz\/#website\",\"url\":\"https:\/\/www.czech-neuro.cz\/\",\"name\":\"\u010cesk\u00e1 neurologick\u00e1 spole\u010dnost\",\"description\":\"\u010cesk\u00e1 neurologick\u00e1 spole\u010dnost je odborn\u00e1 v\u011bdeck\u00e1 spole\u010dnost, jej\u00edm\u017e c\u00edlem je db\u00e1t o rozvoj neurologie jako v\u00fdznamn\u00e9 l\u00e9ka\u0159sk\u00e9 a v\u011bdeck\u00e9 discipliny v \u010cesk\u00e9 republice.\",\"potentialAction\":[{\"@type\":\"SearchAction\",\"target\":{\"@type\":\"EntryPoint\",\"urlTemplate\":\"https:\/\/www.czech-neuro.cz\/?s={search_term_string}\"},\"query-input\":{\"@type\":\"PropertyValueSpecification\",\"valueRequired\":true,\"valueName\":\"search_term_string\"}}],\"inLanguage\":\"cs\"},{\"@type\":\"Person\",\"@id\":\"https:\/\/www.czech-neuro.cz\/#\/schema\/person\/af981b1d7fc38899fa48fdecaeb95264\",\"name\":\"Sekretari\u00e1t \u010cNS\",\"image\":{\"@type\":\"ImageObject\",\"inLanguage\":\"cs\",\"@id\":\"https:\/\/www.czech-neuro.cz\/#\/schema\/person\/image\/\",\"url\":\"https:\/\/www.czech-neuro.cz\/content\/uploads\/ap_avatars\/edcaf9b0d68692e3915c31d046e10fb8.jpg\",\"contentUrl\":\"https:\/\/www.czech-neuro.cz\/content\/uploads\/ap_avatars\/edcaf9b0d68692e3915c31d046e10fb8.jpg\",\"caption\":\"Sekretari\u00e1t \u010cNS\"},\"url\":\"https:\/\/www.czech-neuro.cz\/aktualita\/autor\/janurkovaassociationhouse-cz\/\"}]}<\/script>\n<!-- \/ Yoast SEO Premium plugin. -->","yoast_head_json":{"title":"Cestovn\u00ed granty \u010cNS k \u00fa\u010dasti na 36. \u010desk\u00fd a slovensk\u00fd neurologick\u00fd sjezd - \u010cesk\u00e1 neurologick\u00e1 spole\u010dnost","robots":{"index":"index","follow":"follow","max-snippet":"max-snippet:-1","max-image-preview":"max-image-preview:large","max-video-preview":"max-video-preview:-1"},"canonical":"https:\/\/www.czech-neuro.cz\/aktualita\/cestovni-granty-cns-k-ucasti-na-36-cesky-a-slovensky-neurologicky-sjezd\/","og_locale":"cs_CZ","og_type":"article","og_title":"Cestovn\u00ed granty \u010cNS k \u00fa\u010dasti na 36. \u010desk\u00fd a slovensk\u00fd neurologick\u00fd sjezd","og_description":"\u010cesk\u00e1 neurologick\u00e1 spole\u010dnost \u010cLS JEP (\u010cNS) vypisuje pro rok 2023 cestovn\u00ed grant pro mlad\u00e9 l\u00e9ka\u0159e na podporu\u00a0\u00fa\u010dasti na\u00a036.\u00a0\u010desk\u00e9m a\u00a0slovensk\u00e9m neurologick\u00e9m...","og_url":"https:\/\/www.czech-neuro.cz\/aktualita\/cestovni-granty-cns-k-ucasti-na-36-cesky-a-slovensky-neurologicky-sjezd\/","og_site_name":"\u010cesk\u00e1 neurologick\u00e1 spole\u010dnost","article_published_time":"2023-07-14T13:30:46+00:00","article_modified_time":"2023-07-27T13:44:24+00:00","og_image":[{"width":1280,"height":853,"url":"https:\/\/www.czech-neuro.cz\/content\/uploads\/2023\/07\/piggy-bank-1595992_1280.jpg","type":"image\/jpeg"}],"author":"Sekretari\u00e1t \u010cNS","twitter_card":"summary_large_image","twitter_misc":{"Napsal(a)":"Sekretari\u00e1t \u010cNS","Odhadovan\u00e1 doba \u010dten\u00ed":"2 minuty"},"schema":{"@context":"https:\/\/schema.org","@graph":[{"@type":"WebPage","@id":"https:\/\/www.czech-neuro.cz\/aktualita\/cestovni-granty-cns-k-ucasti-na-36-cesky-a-slovensky-neurologicky-sjezd\/","url":"https:\/\/www.czech-neuro.cz\/aktualita\/cestovni-granty-cns-k-ucasti-na-36-cesky-a-slovensky-neurologicky-sjezd\/","name":"Cestovn\u00ed granty \u010cNS k \u00fa\u010dasti na 36. \u010desk\u00fd a slovensk\u00fd neurologick\u00fd sjezd - \u010cesk\u00e1 neurologick\u00e1 spole\u010dnost","isPartOf":{"@id":"https:\/\/www.czech-neuro.cz\/#website"},"primaryImageOfPage":{"@id":"https:\/\/www.czech-neuro.cz\/aktualita\/cestovni-granty-cns-k-ucasti-na-36-cesky-a-slovensky-neurologicky-sjezd\/#primaryimage"},"image":{"@id":"https:\/\/www.czech-neuro.cz\/aktualita\/cestovni-granty-cns-k-ucasti-na-36-cesky-a-slovensky-neurologicky-sjezd\/#primaryimage"},"thumbnailUrl":"https:\/\/www.czech-neuro.cz\/content\/uploads\/2023\/07\/piggy-bank-1595992_1280.jpg","datePublished":"2023-07-14T13:30:46+00:00","dateModified":"2023-07-27T13:44:24+00:00","author":{"@id":"https:\/\/www.czech-neuro.cz\/#\/schema\/person\/af981b1d7fc38899fa48fdecaeb95264"},"breadcrumb":{"@id":"https:\/\/www.czech-neuro.cz\/aktualita\/cestovni-granty-cns-k-ucasti-na-36-cesky-a-slovensky-neurologicky-sjezd\/#breadcrumb"},"inLanguage":"cs","potentialAction":[{"@type":"ReadAction","target":["https:\/\/www.czech-neuro.cz\/aktualita\/cestovni-granty-cns-k-ucasti-na-36-cesky-a-slovensky-neurologicky-sjezd\/"]}]},{"@type":"ImageObject","inLanguage":"cs","@id":"https:\/\/www.czech-neuro.cz\/aktualita\/cestovni-granty-cns-k-ucasti-na-36-cesky-a-slovensky-neurologicky-sjezd\/#primaryimage","url":"https:\/\/www.czech-neuro.cz\/content\/uploads\/2023\/07\/piggy-bank-1595992_1280.jpg","contentUrl":"https:\/\/www.czech-neuro.cz\/content\/uploads\/2023\/07\/piggy-bank-1595992_1280.jpg","width":1280,"height":853},{"@type":"BreadcrumbList","@id":"https:\/\/www.czech-neuro.cz\/aktualita\/cestovni-granty-cns-k-ucasti-na-36-cesky-a-slovensky-neurologicky-sjezd\/#breadcrumb","itemListElement":[{"@type":"ListItem","position":1,"name":"Dom\u016f","item":"https:\/\/www.czech-neuro.cz\/"},{"@type":"ListItem","position":2,"name":"Cestovn\u00ed granty \u010cNS k&nbsp;\u00fa\u010dasti na 36.&nbsp;\u010desk\u00fd a&nbsp;slovensk\u00fd neurologick\u00fd sjezd"}]},{"@type":"WebSite","@id":"https:\/\/www.czech-neuro.cz\/#website","url":"https:\/\/www.czech-neuro.cz\/","name":"\u010cesk\u00e1 neurologick\u00e1 spole\u010dnost","description":"\u010cesk\u00e1 neurologick\u00e1 spole\u010dnost je odborn\u00e1 v\u011bdeck\u00e1 spole\u010dnost, jej\u00edm\u017e c\u00edlem je db\u00e1t o rozvoj neurologie jako v\u00fdznamn\u00e9 l\u00e9ka\u0159sk\u00e9 a v\u011bdeck\u00e9 discipliny v \u010cesk\u00e9 republice.","potentialAction":[{"@type":"SearchAction","target":{"@type":"EntryPoint","urlTemplate":"https:\/\/www.czech-neuro.cz\/?s={search_term_string}"},"query-input":{"@type":"PropertyValueSpecification","valueRequired":true,"valueName":"search_term_string"}}],"inLanguage":"cs"},{"@type":"Person","@id":"https:\/\/www.czech-neuro.cz\/#\/schema\/person\/af981b1d7fc38899fa48fdecaeb95264","name":"Sekretari\u00e1t \u010cNS","image":{"@type":"ImageObject","inLanguage":"cs","@id":"https:\/\/www.czech-neuro.cz\/#\/schema\/person\/image\/","url":"https:\/\/www.czech-neuro.cz\/content\/uploads\/ap_avatars\/edcaf9b0d68692e3915c31d046e10fb8.jpg","contentUrl":"https:\/\/www.czech-neuro.cz\/content\/uploads\/ap_avatars\/edcaf9b0d68692e3915c31d046e10fb8.jpg","caption":"Sekretari\u00e1t \u010cNS"},"url":"https:\/\/www.czech-neuro.cz\/aktualita\/autor\/janurkovaassociationhouse-cz\/"}]}},"lang":"cs","translations":{"cs":13400},"_links":{"self":[{"href":"https:\/\/www.czech-neuro.cz\/api\/wp\/v2\/posts\/13400","targetHints":{"allow":["GET"]}}],"collection":[{"href":"https:\/\/www.czech-neuro.cz\/api\/wp\/v2\/posts"}],"about":[{"href":"https:\/\/www.czech-neuro.cz\/api\/wp\/v2\/types\/post"}],"author":[{"embeddable":true,"href":"https:\/\/www.czech-neuro.cz\/api\/wp\/v2\/users\/23"}],"replies":[{"embeddable":true,"href":"https:\/\/www.czech-neuro.cz\/api\/wp\/v2\/comments?post=13400"}],"version-history":[{"count":0,"href":"https:\/\/www.czech-neuro.cz\/api\/wp\/v2\/posts\/13400\/revisions"}],"wp:featuredmedia":[{"embeddable":true,"href":"https:\/\/www.czech-neuro.cz\/api\/wp\/v2\/media\/13401"}],"wp:attachment":[{"href":"https:\/\/www.czech-neuro.cz\/api\/wp\/v2\/media?parent=13400"}],"wp:term":[{"taxonomy":"category","embeddable":true,"href":"https:\/\/www.czech-neuro.cz\/api\/wp\/v2\/categories?post=13400"},{"taxonomy":"post_tag","embeddable":true,"href":"https:\/\/www.czech-neuro.cz\/api\/wp\/v2\/tags?post=13400"}],"curies":[{"name":"wp","href":"https:\/\/api.w.org\/{rel}","templated":true}]}}