{"id":13379,"date":"2023-07-12T09:38:14","date_gmt":"2023-07-12T07:38:14","guid":{"rendered":"https:\/\/www.czech-neuro.cz\/?p=13379"},"modified":"2023-07-12T09:38:14","modified_gmt":"2023-07-12T07:38:14","slug":"nemocnice-chomutov-prijme-lekare-lekarky-na-neurologicke-oddeleni","status":"publish","type":"post","link":"https:\/\/www.czech-neuro.cz\/aktualita\/nemocnice-chomutov-prijme-lekare-lekarky-na-neurologicke-oddeleni\/","title":{"rendered":"Nemocnice Chomutov p\u0159ijme l\u00e9ka\u0159e\/l\u00e9ka\u0159ky na neurologick\u00e9 odd\u011blen\u00ed"},"content":{"rendered":"<p><a href=\"https:\/\/www.czech-neuro.cz\/content\/uploads\/2023\/07\/chomutov.png\" data-size=\"2427x682\"><img loading=\"lazy\" decoding=\"async\" class=\"aligncenter size-medium wp-image-13376\" src=\"https:\/\/www.czech-neuro.cz\/content\/uploads\/2023\/07\/chomutov-300x84.png\" alt=\"\" width=\"300\" height=\"84\" srcset=\"https:\/\/www.czech-neuro.cz\/content\/uploads\/2023\/07\/chomutov-300x84.png 300w, https:\/\/www.czech-neuro.cz\/content\/uploads\/2023\/07\/chomutov-1024x288.png 1024w, https:\/\/www.czech-neuro.cz\/content\/uploads\/2023\/07\/chomutov-768x216.png 768w, https:\/\/www.czech-neuro.cz\/content\/uploads\/2023\/07\/chomutov-1536x432.png 1536w, https:\/\/www.czech-neuro.cz\/content\/uploads\/2023\/07\/chomutov-2048x575.png 2048w, https:\/\/www.czech-neuro.cz\/content\/uploads\/2023\/07\/chomutov-60x17.png 60w\" sizes=\"auto, (max-width: 300px) 100vw, 300px\" \/><\/a><\/p>\n<p style=\"box-shadow: rgba(255, 0, 105, 0.15) 0px 0px 0px 1px inset;\">A pro\u010d j\u00edt k&nbsp;n\u00e1m?<\/p>\n<p style=\"box-shadow: rgba(255, 0, 105, 0.15) 0px 0px 0px 1px inset;\">Proto\u017ee co nab\u00edz\u00edme, to tak\u00e9 dodr\u017e\u00edme. A&nbsp;co to je? Mimo jin\u00e9 skute\u010dn\u011b nadstandardn\u00ed mzdov\u00e9 ohodnocen\u00ed v\u010detn\u011b r\u016fzn\u00fdch bonus\u016f, pr\u00e1ce v&nbsp;prost\u0159ed\u00ed disponuj\u00edc\u00edm nejmodern\u011bj\u0161\u00ed technikou a&nbsp;pln\u011b kvalifikovan\u00fdm person\u00e1lem, v\u00fdb\u011br typu \u00favazku, a&nbsp;spoustu dal\u0161\u00edho \u2013 zaujalo V\u00e1s to? Tak \u010dt\u011bte d\u00e1l!<\/p>\n<p style=\"box-shadow: rgba(255, 0, 105, 0.15) 0px 0px 0px 1px inset;\"><b>\u00a0<\/b><b>Na co se na na\u0161\u00ed neurologii m\u016f\u017eete t\u011b\u0161it:<\/b><\/p>\n<ul style=\"box-shadow: rgba(255, 150, 0, 0.35) 0px 0px 0px 1px inset;\">\n<li style=\"box-shadow: rgba(205, 255, 0, 0.4) 0px 0px 0px 1px inset;\">nejvy\u0161\u0161\u00ed typ akreditace s&nbsp;kompletn\u00edm specializa\u010dn\u00edm vzd\u011bl\u00e1v\u00e1n\u00edm v\u00a0oboru neurologie<\/li>\n<li style=\"box-shadow: rgba(205, 255, 0, 0.4) 0px 0px 0px 1px inset;\">odborn\u00e9 poradny a&nbsp;specializovan\u00e1 centra:\u00a0iktov\u00e9\u00a0centrum, centrum poruch sp\u00e1nku, centrum pro diagnostiku a&nbsp;l\u00e9\u010dbu bolest\u00ed hlavy a&nbsp;centrum pro diagnostiku a&nbsp;l\u00e9\u010dbu\u00a0spasticity<\/li>\n<li style=\"box-shadow: rgba(205, 255, 0, 0.4) 0px 0px 0px 1px inset;\">modern\u011b vybaven\u00e9\u00a0elektrofyziologick\u00e9\u00a0laborato\u0159e (EEG,\u00a0EMG, evokovan\u00e9 potenci\u00e1ly) a\u00a0neurosonologick\u00e9\u00a0pracovi\u0161t\u011b<\/li>\n<li style=\"box-shadow: rgba(205, 255, 0, 0.4) 0px 0px 0px 1px inset;\">progresivn\u00ed neurologick\u00e9 odd\u011blen\u00ed a&nbsp;t\u00fdm zku\u0161en\u00fdch profesion\u00e1l\u016f<\/li>\n<li style=\"box-shadow: rgba(205, 255, 0, 0.4) 0px 0px 0px 1px inset;\">nadstandardn\u00ed mzdov\u00e9 podm\u00ednky v\u010detn\u011b n\u00e1borov\u00e9ho p\u0159\u00edsp\u011bvku v\u00a0\u0159\u00e1dech statis\u00edc\u016f<\/li>\n<li style=\"box-shadow: rgba(205, 255, 0, 0.4) 0px 0px 0px 1px inset;\">v\u00fdb\u011br typu \u00favazku (0,1 \u2013 1,0)<\/li>\n<li style=\"box-shadow: rgba(205, 255, 0, 0.4) 0px 0px 0px 1px inset;\">podporu a&nbsp;podm\u00ednky pro dal\u0161\u00ed vzd\u011bl\u00e1v\u00e1n\u00ed financovan\u00e9ho zam\u011bstnavatelem v\u010detn\u011b dal\u0161\u00edho profesn\u00edho rozvoje<\/li>\n<li style=\"box-shadow: rgba(205, 255, 0, 0.4) 0px 0px 0px 1px inset;\">volbu subspecializace dle vlastn\u00ed preference<\/li>\n<li style=\"box-shadow: rgba(205, 255, 0, 0.4) 0px 0px 0px 1px inset;\">pomoc s&nbsp;bydlen\u00edm v\u010detn\u011b p\u0159\u00edsp\u011bvku na n\u00e1jem a&nbsp;dal\u0161\u00ed zam\u011bstnaneck\u00e9 benefity<\/li>\n<li style=\"box-shadow: rgba(205, 255, 0, 0.4) 0px 0px 0px 1px inset;\">!pro mlad\u00e9 l\u00e9ka\u0159e\/l\u00e9ka\u0159ky odborn\u00e9 veden\u00ed zku\u0161en\u00fdmi \u0161koliteli a&nbsp;jistota, \u017ee ve slu\u017eb\u011b nebudou sami (v\u017edy je fyzicky p\u0159\u00edtomen l\u00e9ka\u0159 se specializovanou zp\u016fsobilost\u00ed)!<\/li>\n<\/ul>\n<ul style=\"box-shadow: rgba(255, 150, 0, 0.35) 0px 0px 0px 1px inset;\"><\/ul>\n<p style=\"box-shadow: rgba(255, 0, 105, 0.15) 0px 0px 0px 1px inset;\"><b>\u00a0<\/b><b>Bez \u010deho to nep\u016fjde:<\/b><\/p>\n<ul style=\"box-shadow: rgba(255, 150, 0, 0.35) 0px 0px 0px 1px inset;\">\n<li style=\"box-shadow: rgba(205, 255, 0, 0.4) 0px 0px 0px 1px inset;\">vysoko\u0161kolsk\u00e9ho vzd\u011bl\u00e1n\u00ed \u2013 l\u00e9ka\u0159sk\u00e1 fakulta<\/li>\n<li style=\"box-shadow: rgba(205, 255, 0, 0.4) 0px 0px 0px 1px inset;\">chuti se d\u00e1le vzd\u011bl\u00e1vat v\u00a0oboru<\/li>\n<li style=\"box-shadow: rgba(205, 255, 0, 0.4) 0px 0px 0px 1px inset;\">bez\u00fahonnosti a&nbsp;zdravotn\u00ed zp\u016fsobilosti<\/li>\n<li style=\"box-shadow: rgba(205, 255, 0, 0.4) 0px 0px 0px 1px inset;\">schopnosti samostatn\u00e9 i&nbsp;t\u00fdmov\u00e9 pr\u00e1ce<\/li>\n<li style=\"box-shadow: rgba(205, 255, 0, 0.4) 0px 0px 0px 1px inset;\">specializovan\u00e1 zp\u016fsobilost v\u00a0oboru je v\u00fdhodou<\/li>\n<\/ul>\n<p style=\"box-shadow: rgba(255, 0, 105, 0.15) 0px 0px 0px 1px inset;\"><b>Kontakt:<br \/>\n<\/b>Krajsk\u00e1 zdravotn\u00ed, a.s. \u2013 Nemocnice Chomutov, o.z.<br \/>\nKochova 1185, 430&nbsp;12 Chomutov<br \/>\nprim. MUDr. Ji\u0159\u00ed Neumann,\u00a0FESO<br \/>\nTel.: 474&nbsp;447&nbsp;486<br \/>\nEmail: jiri.neumann@kzcr.eu<\/p>\n","protected":false},"excerpt":{"rendered":"<p>A pro\u010d j\u00edt k&nbsp;n\u00e1m? Proto\u017ee co nab\u00edz\u00edme, to tak\u00e9 dodr\u017e\u00edme. A&nbsp;co to je? Mimo jin\u00e9 skute\u010dn\u011b nadstandardn\u00ed mzdov\u00e9 ohodnocen\u00ed v\u010detn\u011b&#8230;<\/p>\n","protected":false},"author":23,"featured_media":7593,"comment_status":"closed","ping_status":"closed","sticky":false,"template":"","format":"standard","meta":{"_acf_changed":false,"_searchwp_excluded":"","kia_subtitle":""},"categories":[1],"tags":[],"class_list":["post-13379","post","type-post","status-publish","has-post-thumbnail","hentry","category-nezarazene"],"acf":[],"yoast_head":"<!-- This site is optimized with the Yoast SEO Premium plugin v26.2 (Yoast SEO v26.2) - https:\/\/yoast.com\/wordpress\/plugins\/seo\/ -->\n<title>Nemocnice Chomutov p\u0159ijme l\u00e9ka\u0159e\/l\u00e9ka\u0159ky na neurologick\u00e9 odd\u011blen\u00ed - \u010cesk\u00e1 neurologick\u00e1 spole\u010dnost<\/title>\n<meta name=\"robots\" content=\"index, follow, max-snippet:-1, max-image-preview:large, max-video-preview:-1\" \/>\n<link rel=\"canonical\" href=\"https:\/\/www.czech-neuro.cz\/aktualita\/nemocnice-chomutov-prijme-lekare-lekarky-na-neurologicke-oddeleni\/\" \/>\n<meta property=\"og:locale\" content=\"cs_CZ\" \/>\n<meta property=\"og:type\" content=\"article\" \/>\n<meta property=\"og:title\" content=\"Nemocnice Chomutov p\u0159ijme l\u00e9ka\u0159e\/l\u00e9ka\u0159ky na neurologick\u00e9 odd\u011blen\u00ed\" \/>\n<meta property=\"og:description\" content=\"A pro\u010d j\u00edt k&nbsp;n\u00e1m? Proto\u017ee co nab\u00edz\u00edme, to tak\u00e9 dodr\u017e\u00edme. A&nbsp;co to je? Mimo jin\u00e9 skute\u010dn\u011b nadstandardn\u00ed mzdov\u00e9 ohodnocen\u00ed v\u010detn\u011b...\" \/>\n<meta property=\"og:url\" content=\"https:\/\/www.czech-neuro.cz\/aktualita\/nemocnice-chomutov-prijme-lekare-lekarky-na-neurologicke-oddeleni\/\" \/>\n<meta property=\"og:site_name\" content=\"\u010cesk\u00e1 neurologick\u00e1 spole\u010dnost\" \/>\n<meta property=\"article:published_time\" content=\"2023-07-12T07:38:14+00:00\" \/>\n<meta property=\"og:image\" content=\"https:\/\/www.czech-neuro.cz\/content\/uploads\/2019\/04\/jobs-2999575_1280.jpg\" \/>\n\t<meta property=\"og:image:width\" content=\"1280\" \/>\n\t<meta property=\"og:image:height\" content=\"1280\" \/>\n\t<meta property=\"og:image:type\" content=\"image\/jpeg\" \/>\n<meta name=\"author\" content=\"Sekretari\u00e1t \u010cNS\" \/>\n<meta name=\"twitter:card\" content=\"summary_large_image\" \/>\n<meta name=\"twitter:label1\" content=\"Napsal(a)\" \/>\n\t<meta name=\"twitter:data1\" content=\"Sekretari\u00e1t \u010cNS\" \/>\n\t<meta name=\"twitter:label2\" content=\"Odhadovan\u00e1 doba \u010dten\u00ed\" \/>\n\t<meta name=\"twitter:data2\" content=\"2 minuty\" \/>\n<script type=\"application\/ld+json\" class=\"yoast-schema-graph\">{\"@context\":\"https:\/\/schema.org\",\"@graph\":[{\"@type\":\"WebPage\",\"@id\":\"https:\/\/www.czech-neuro.cz\/aktualita\/nemocnice-chomutov-prijme-lekare-lekarky-na-neurologicke-oddeleni\/\",\"url\":\"https:\/\/www.czech-neuro.cz\/aktualita\/nemocnice-chomutov-prijme-lekare-lekarky-na-neurologicke-oddeleni\/\",\"name\":\"Nemocnice Chomutov p\u0159ijme l\u00e9ka\u0159e\/l\u00e9ka\u0159ky na neurologick\u00e9 odd\u011blen\u00ed - \u010cesk\u00e1 neurologick\u00e1 spole\u010dnost\",\"isPartOf\":{\"@id\":\"https:\/\/www.czech-neuro.cz\/#website\"},\"primaryImageOfPage\":{\"@id\":\"https:\/\/www.czech-neuro.cz\/aktualita\/nemocnice-chomutov-prijme-lekare-lekarky-na-neurologicke-oddeleni\/#primaryimage\"},\"image\":{\"@id\":\"https:\/\/www.czech-neuro.cz\/aktualita\/nemocnice-chomutov-prijme-lekare-lekarky-na-neurologicke-oddeleni\/#primaryimage\"},\"thumbnailUrl\":\"https:\/\/www.czech-neuro.cz\/content\/uploads\/2019\/04\/jobs-2999575_1280.jpg\",\"datePublished\":\"2023-07-12T07:38:14+00:00\",\"author\":{\"@id\":\"https:\/\/www.czech-neuro.cz\/#\/schema\/person\/af981b1d7fc38899fa48fdecaeb95264\"},\"breadcrumb\":{\"@id\":\"https:\/\/www.czech-neuro.cz\/aktualita\/nemocnice-chomutov-prijme-lekare-lekarky-na-neurologicke-oddeleni\/#breadcrumb\"},\"inLanguage\":\"cs\",\"potentialAction\":[{\"@type\":\"ReadAction\",\"target\":[\"https:\/\/www.czech-neuro.cz\/aktualita\/nemocnice-chomutov-prijme-lekare-lekarky-na-neurologicke-oddeleni\/\"]}]},{\"@type\":\"ImageObject\",\"inLanguage\":\"cs\",\"@id\":\"https:\/\/www.czech-neuro.cz\/aktualita\/nemocnice-chomutov-prijme-lekare-lekarky-na-neurologicke-oddeleni\/#primaryimage\",\"url\":\"https:\/\/www.czech-neuro.cz\/content\/uploads\/2019\/04\/jobs-2999575_1280.jpg\",\"contentUrl\":\"https:\/\/www.czech-neuro.cz\/content\/uploads\/2019\/04\/jobs-2999575_1280.jpg\",\"width\":1280,\"height\":1280},{\"@type\":\"BreadcrumbList\",\"@id\":\"https:\/\/www.czech-neuro.cz\/aktualita\/nemocnice-chomutov-prijme-lekare-lekarky-na-neurologicke-oddeleni\/#breadcrumb\",\"itemListElement\":[{\"@type\":\"ListItem\",\"position\":1,\"name\":\"Dom\u016f\",\"item\":\"https:\/\/www.czech-neuro.cz\/\"},{\"@type\":\"ListItem\",\"position\":2,\"name\":\"Nemocnice Chomutov p\u0159ijme l\u00e9ka\u0159e\/l\u00e9ka\u0159ky na neurologick\u00e9 odd\u011blen\u00ed\"}]},{\"@type\":\"WebSite\",\"@id\":\"https:\/\/www.czech-neuro.cz\/#website\",\"url\":\"https:\/\/www.czech-neuro.cz\/\",\"name\":\"\u010cesk\u00e1 neurologick\u00e1 spole\u010dnost\",\"description\":\"\u010cesk\u00e1 neurologick\u00e1 spole\u010dnost je odborn\u00e1 v\u011bdeck\u00e1 spole\u010dnost, jej\u00edm\u017e c\u00edlem je db\u00e1t o rozvoj neurologie jako v\u00fdznamn\u00e9 l\u00e9ka\u0159sk\u00e9 a v\u011bdeck\u00e9 discipliny v \u010cesk\u00e9 republice.\",\"potentialAction\":[{\"@type\":\"SearchAction\",\"target\":{\"@type\":\"EntryPoint\",\"urlTemplate\":\"https:\/\/www.czech-neuro.cz\/?s={search_term_string}\"},\"query-input\":{\"@type\":\"PropertyValueSpecification\",\"valueRequired\":true,\"valueName\":\"search_term_string\"}}],\"inLanguage\":\"cs\"},{\"@type\":\"Person\",\"@id\":\"https:\/\/www.czech-neuro.cz\/#\/schema\/person\/af981b1d7fc38899fa48fdecaeb95264\",\"name\":\"Sekretari\u00e1t \u010cNS\",\"image\":{\"@type\":\"ImageObject\",\"inLanguage\":\"cs\",\"@id\":\"https:\/\/www.czech-neuro.cz\/#\/schema\/person\/image\/\",\"url\":\"https:\/\/www.czech-neuro.cz\/content\/uploads\/ap_avatars\/edcaf9b0d68692e3915c31d046e10fb8.jpg\",\"contentUrl\":\"https:\/\/www.czech-neuro.cz\/content\/uploads\/ap_avatars\/edcaf9b0d68692e3915c31d046e10fb8.jpg\",\"caption\":\"Sekretari\u00e1t \u010cNS\"},\"url\":\"https:\/\/www.czech-neuro.cz\/aktualita\/autor\/janurkovaassociationhouse-cz\/\"}]}<\/script>\n<!-- \/ Yoast SEO Premium plugin. -->","yoast_head_json":{"title":"Nemocnice Chomutov p\u0159ijme l\u00e9ka\u0159e\/l\u00e9ka\u0159ky na neurologick\u00e9 odd\u011blen\u00ed - \u010cesk\u00e1 neurologick\u00e1 spole\u010dnost","robots":{"index":"index","follow":"follow","max-snippet":"max-snippet:-1","max-image-preview":"max-image-preview:large","max-video-preview":"max-video-preview:-1"},"canonical":"https:\/\/www.czech-neuro.cz\/aktualita\/nemocnice-chomutov-prijme-lekare-lekarky-na-neurologicke-oddeleni\/","og_locale":"cs_CZ","og_type":"article","og_title":"Nemocnice Chomutov p\u0159ijme l\u00e9ka\u0159e\/l\u00e9ka\u0159ky na neurologick\u00e9 odd\u011blen\u00ed","og_description":"A pro\u010d j\u00edt k&nbsp;n\u00e1m? Proto\u017ee co nab\u00edz\u00edme, to tak\u00e9 dodr\u017e\u00edme. A&nbsp;co to je? Mimo jin\u00e9 skute\u010dn\u011b nadstandardn\u00ed mzdov\u00e9 ohodnocen\u00ed v\u010detn\u011b...","og_url":"https:\/\/www.czech-neuro.cz\/aktualita\/nemocnice-chomutov-prijme-lekare-lekarky-na-neurologicke-oddeleni\/","og_site_name":"\u010cesk\u00e1 neurologick\u00e1 spole\u010dnost","article_published_time":"2023-07-12T07:38:14+00:00","og_image":[{"width":1280,"height":1280,"url":"https:\/\/www.czech-neuro.cz\/content\/uploads\/2019\/04\/jobs-2999575_1280.jpg","type":"image\/jpeg"}],"author":"Sekretari\u00e1t \u010cNS","twitter_card":"summary_large_image","twitter_misc":{"Napsal(a)":"Sekretari\u00e1t \u010cNS","Odhadovan\u00e1 doba \u010dten\u00ed":"2 minuty"},"schema":{"@context":"https:\/\/schema.org","@graph":[{"@type":"WebPage","@id":"https:\/\/www.czech-neuro.cz\/aktualita\/nemocnice-chomutov-prijme-lekare-lekarky-na-neurologicke-oddeleni\/","url":"https:\/\/www.czech-neuro.cz\/aktualita\/nemocnice-chomutov-prijme-lekare-lekarky-na-neurologicke-oddeleni\/","name":"Nemocnice Chomutov p\u0159ijme l\u00e9ka\u0159e\/l\u00e9ka\u0159ky na neurologick\u00e9 odd\u011blen\u00ed - \u010cesk\u00e1 neurologick\u00e1 spole\u010dnost","isPartOf":{"@id":"https:\/\/www.czech-neuro.cz\/#website"},"primaryImageOfPage":{"@id":"https:\/\/www.czech-neuro.cz\/aktualita\/nemocnice-chomutov-prijme-lekare-lekarky-na-neurologicke-oddeleni\/#primaryimage"},"image":{"@id":"https:\/\/www.czech-neuro.cz\/aktualita\/nemocnice-chomutov-prijme-lekare-lekarky-na-neurologicke-oddeleni\/#primaryimage"},"thumbnailUrl":"https:\/\/www.czech-neuro.cz\/content\/uploads\/2019\/04\/jobs-2999575_1280.jpg","datePublished":"2023-07-12T07:38:14+00:00","author":{"@id":"https:\/\/www.czech-neuro.cz\/#\/schema\/person\/af981b1d7fc38899fa48fdecaeb95264"},"breadcrumb":{"@id":"https:\/\/www.czech-neuro.cz\/aktualita\/nemocnice-chomutov-prijme-lekare-lekarky-na-neurologicke-oddeleni\/#breadcrumb"},"inLanguage":"cs","potentialAction":[{"@type":"ReadAction","target":["https:\/\/www.czech-neuro.cz\/aktualita\/nemocnice-chomutov-prijme-lekare-lekarky-na-neurologicke-oddeleni\/"]}]},{"@type":"ImageObject","inLanguage":"cs","@id":"https:\/\/www.czech-neuro.cz\/aktualita\/nemocnice-chomutov-prijme-lekare-lekarky-na-neurologicke-oddeleni\/#primaryimage","url":"https:\/\/www.czech-neuro.cz\/content\/uploads\/2019\/04\/jobs-2999575_1280.jpg","contentUrl":"https:\/\/www.czech-neuro.cz\/content\/uploads\/2019\/04\/jobs-2999575_1280.jpg","width":1280,"height":1280},{"@type":"BreadcrumbList","@id":"https:\/\/www.czech-neuro.cz\/aktualita\/nemocnice-chomutov-prijme-lekare-lekarky-na-neurologicke-oddeleni\/#breadcrumb","itemListElement":[{"@type":"ListItem","position":1,"name":"Dom\u016f","item":"https:\/\/www.czech-neuro.cz\/"},{"@type":"ListItem","position":2,"name":"Nemocnice Chomutov p\u0159ijme l\u00e9ka\u0159e\/l\u00e9ka\u0159ky na neurologick\u00e9 odd\u011blen\u00ed"}]},{"@type":"WebSite","@id":"https:\/\/www.czech-neuro.cz\/#website","url":"https:\/\/www.czech-neuro.cz\/","name":"\u010cesk\u00e1 neurologick\u00e1 spole\u010dnost","description":"\u010cesk\u00e1 neurologick\u00e1 spole\u010dnost je odborn\u00e1 v\u011bdeck\u00e1 spole\u010dnost, jej\u00edm\u017e c\u00edlem je db\u00e1t o rozvoj neurologie jako v\u00fdznamn\u00e9 l\u00e9ka\u0159sk\u00e9 a v\u011bdeck\u00e9 discipliny v \u010cesk\u00e9 republice.","potentialAction":[{"@type":"SearchAction","target":{"@type":"EntryPoint","urlTemplate":"https:\/\/www.czech-neuro.cz\/?s={search_term_string}"},"query-input":{"@type":"PropertyValueSpecification","valueRequired":true,"valueName":"search_term_string"}}],"inLanguage":"cs"},{"@type":"Person","@id":"https:\/\/www.czech-neuro.cz\/#\/schema\/person\/af981b1d7fc38899fa48fdecaeb95264","name":"Sekretari\u00e1t \u010cNS","image":{"@type":"ImageObject","inLanguage":"cs","@id":"https:\/\/www.czech-neuro.cz\/#\/schema\/person\/image\/","url":"https:\/\/www.czech-neuro.cz\/content\/uploads\/ap_avatars\/edcaf9b0d68692e3915c31d046e10fb8.jpg","contentUrl":"https:\/\/www.czech-neuro.cz\/content\/uploads\/ap_avatars\/edcaf9b0d68692e3915c31d046e10fb8.jpg","caption":"Sekretari\u00e1t \u010cNS"},"url":"https:\/\/www.czech-neuro.cz\/aktualita\/autor\/janurkovaassociationhouse-cz\/"}]}},"lang":"cs","translations":{"cs":13379},"_links":{"self":[{"href":"https:\/\/www.czech-neuro.cz\/api\/wp\/v2\/posts\/13379","targetHints":{"allow":["GET"]}}],"collection":[{"href":"https:\/\/www.czech-neuro.cz\/api\/wp\/v2\/posts"}],"about":[{"href":"https:\/\/www.czech-neuro.cz\/api\/wp\/v2\/types\/post"}],"author":[{"embeddable":true,"href":"https:\/\/www.czech-neuro.cz\/api\/wp\/v2\/users\/23"}],"replies":[{"embeddable":true,"href":"https:\/\/www.czech-neuro.cz\/api\/wp\/v2\/comments?post=13379"}],"version-history":[{"count":0,"href":"https:\/\/www.czech-neuro.cz\/api\/wp\/v2\/posts\/13379\/revisions"}],"wp:featuredmedia":[{"embeddable":true,"href":"https:\/\/www.czech-neuro.cz\/api\/wp\/v2\/media\/7593"}],"wp:attachment":[{"href":"https:\/\/www.czech-neuro.cz\/api\/wp\/v2\/media?parent=13379"}],"wp:term":[{"taxonomy":"category","embeddable":true,"href":"https:\/\/www.czech-neuro.cz\/api\/wp\/v2\/categories?post=13379"},{"taxonomy":"post_tag","embeddable":true,"href":"https:\/\/www.czech-neuro.cz\/api\/wp\/v2\/tags?post=13379"}],"curies":[{"name":"wp","href":"https:\/\/api.w.org\/{rel}","templated":true}]}}