{"id":13348,"date":"2023-06-22T12:13:46","date_gmt":"2023-06-22T10:13:46","guid":{"rendered":"https:\/\/www.czech-neuro.cz\/?p=13348"},"modified":"2023-06-22T12:15:17","modified_gmt":"2023-06-22T10:15:17","slug":"13348","status":"publish","type":"post","link":"https:\/\/www.czech-neuro.cz\/aktualita\/13348\/","title":{"rendered":"Nemocnice Pelh\u0159imov p\u0159ijme na neurologick\u00e9 odd\u011blen\u00ed l\u00e9ka\u0159e"},"content":{"rendered":"<p>Nemocnice Pelh\u0159imov, p\u0159\u00edsp\u011bvkov\u00e1 organizace, p\u0159ijme na\u00a0neurologick\u00e9 odd\u011blen\u00ed\u00a0l\u00e9ka\u0159e se specializovanou zp\u016fsobilost\u00ed s\u00a0term\u00ednem n\u00e1stupu ihned, p\u0159\u00edpadn\u011b dle dohody.<\/p>\n<p><strong>Kvalifika\u010dn\u00ed p\u0159edpoklady:<\/strong><\/p>\n<ul>\n<li>\u00a0odborn\u00e1 zp\u016fsobilost podle z\u00e1kona \u010d.\u00a095\/2004 Sb. \u2013 dokon\u010den\u00e9 odborn\u00e9 vzd\u011bl\u00e1n\u00ed,<\/li>\n<li>\u00a0specializovan\u00e1 zp\u016fsobilost v\u00a0oboru\u00a0neurologie\u00a0nebo\u00a0d\u011btsk\u00e1 neurologie<\/li>\n<\/ul>\n<p><strong>O\u010dek\u00e1v\u00e1me:<\/strong><\/p>\n<ul>\n<li>z\u00e1jem o\u00a0obor a\u00a0dal\u0161\u00ed odborn\u00fd r\u016fst,<\/li>\n<li>spolehlivost a\u00a0odpov\u011bdnost,<\/li>\n<li>smysl pro t\u00fdmovou pr\u00e1ci,<\/li>\n<li>flexibilitu,<\/li>\n<li>ob\u010danskou a\u00a0mor\u00e1ln\u00ed bez\u00fahonnost.<\/li>\n<\/ul>\n<p><strong>Nab\u00edz\u00edme:<\/strong><\/p>\n<ul>\n<li>perspektivu dlouhodob\u00e9ho uplatn\u011bn\u00ed v\u00a0oboru,<\/li>\n<li>podporu specializa\u010dn\u00edmu i\u00a0celo\u017eivotn\u00edmu vzd\u011bl\u00e1v\u00e1n\u00ed,<\/li>\n<li>prostor pro pracovn\u00ed seberealizaci a\u00a0dal\u0161\u00ed osobn\u00ed rozvoj,<\/li>\n<li>pr\u00e1ci v\u00a0akreditovan\u00e9 nemocnici,<\/li>\n<li>nadstandardn\u00ed \u00a0platov\u00e9 ohodnocen\u00ed,<\/li>\n<li>n\u00e1borov\u00fd\u00a0p\u0159\u00edsp\u011bvek p\u0159i\u00a0p\u0159ijet\u00ed ve v\u00fd\u0161i 500\u00a0000,- K\u010d,<\/li>\n<li>p\u0159id\u011blen\u00ed m\u011bstsk\u00e9ho bytu,<\/li>\n<li>pracovi\u0161t\u011b v\u00a0nov\u011b otev\u0159en\u00e9m Pavilonu p\u00e9\u010de o\u00a0rodinu<\/li>\n<li>zam\u011bstnaneck\u00e9 benefity (5 t\u00fddn\u016f dovolen\u00e9, p\u0159\u00edsp\u011bvky na stravov\u00e1n\u00ed, FKSP, vlastn\u00ed rekrea\u010dn\u00ed\u00a0 \u00a0st\u0159edisko Trn\u00e1vka, atd.).<\/li>\n<\/ul>\n<p>Bli\u017e\u0161\u00ed informace a\u00a0p\u0159\u00edjem \u017e\u00e1dost\u00ed:<br \/>\nIng. Jan Ml\u010d\u00e1k, MBA, \u0159editel, tel. 565\u00a0355\u00a0102, mobil: 731\u00a0619\u00a0100, e-mail:\u00a0<a href=\"mailto:jmlcak@nempe.cz\">jmlcak@nempe.cz<\/a><br \/>\nMUDr. Ji\u0159\u00ed B\u011bhounek st., n\u00e1m\u011bstek pro rozvojov\u00e9 aktivity, tel.: 565\u00a0355\u00a0102, mobil: 602\u00a0481\u00a0434, e-mail:\u00a0<a href=\"mailto:jbehounek@nempe.cz\">jbehounek@nempe.cz<\/a><br \/>\nMgr. Vladislava Nov\u00e1\u010dkov\u00e1, person\u00e1ln\u00ed odd\u011blen\u00ed, telefon 565\u00a0355\u00a0122, e-mail:\u00a0<a href=\"mailto:vnovackova@nempe.cz\">vnovackova@nempe.cz<\/a><\/p>\n","protected":false},"excerpt":{"rendered":"<p>Nemocnice Pelh\u0159imov, p\u0159\u00edsp\u011bvkov\u00e1 organizace, p\u0159ijme na\u00a0neurologick\u00e9 odd\u011blen\u00ed\u00a0l\u00e9ka\u0159e se specializovanou zp\u016fsobilost\u00ed s\u00a0term\u00ednem n\u00e1stupu ihned, p\u0159\u00edpadn\u011b dle dohody. Kvalifika\u010dn\u00ed p\u0159edpoklady: \u00a0odborn\u00e1 zp\u016fsobilost&#8230;<\/p>\n","protected":false},"author":23,"featured_media":12793,"comment_status":"closed","ping_status":"closed","sticky":false,"template":"","format":"standard","meta":{"_acf_changed":false,"_searchwp_excluded":"","kia_subtitle":""},"categories":[1],"tags":[],"class_list":["post-13348","post","type-post","status-publish","has-post-thumbnail","hentry","category-nezarazene"],"acf":[],"yoast_head":"<!-- This site is optimized with the Yoast SEO Premium plugin v26.2 (Yoast SEO v26.2) - https:\/\/yoast.com\/wordpress\/plugins\/seo\/ -->\n<title>Nemocnice Pelh\u0159imov p\u0159ijme na neurologick\u00e9 odd\u011blen\u00ed l\u00e9ka\u0159e - \u010cesk\u00e1 neurologick\u00e1 spole\u010dnost<\/title>\n<meta name=\"robots\" content=\"index, follow, max-snippet:-1, max-image-preview:large, max-video-preview:-1\" \/>\n<link rel=\"canonical\" href=\"https:\/\/www.czech-neuro.cz\/aktualita\/13348\/\" \/>\n<meta property=\"og:locale\" content=\"cs_CZ\" \/>\n<meta property=\"og:type\" content=\"article\" \/>\n<meta property=\"og:title\" content=\"Nemocnice Pelh\u0159imov p\u0159ijme na neurologick\u00e9 odd\u011blen\u00ed l\u00e9ka\u0159e\" \/>\n<meta property=\"og:description\" content=\"Nemocnice Pelh\u0159imov, p\u0159\u00edsp\u011bvkov\u00e1 organizace, p\u0159ijme na\u00a0neurologick\u00e9 odd\u011blen\u00ed\u00a0l\u00e9ka\u0159e se specializovanou zp\u016fsobilost\u00ed s\u00a0term\u00ednem n\u00e1stupu ihned, p\u0159\u00edpadn\u011b dle dohody. Kvalifika\u010dn\u00ed p\u0159edpoklady: \u00a0odborn\u00e1 zp\u016fsobilost...\" \/>\n<meta property=\"og:url\" content=\"https:\/\/www.czech-neuro.cz\/aktualita\/13348\/\" \/>\n<meta property=\"og:site_name\" content=\"\u010cesk\u00e1 neurologick\u00e1 spole\u010dnost\" \/>\n<meta property=\"article:published_time\" content=\"2023-06-22T10:13:46+00:00\" \/>\n<meta property=\"article:modified_time\" content=\"2023-06-22T10:15:17+00:00\" \/>\n<meta property=\"og:image\" content=\"https:\/\/www.czech-neuro.cz\/content\/uploads\/2022\/09\/pelhrimov.jpg\" \/>\n\t<meta property=\"og:image:width\" content=\"271\" \/>\n\t<meta property=\"og:image:height\" content=\"97\" \/>\n\t<meta property=\"og:image:type\" content=\"image\/jpeg\" \/>\n<meta name=\"author\" content=\"Sekretari\u00e1t \u010cNS\" \/>\n<meta name=\"twitter:card\" content=\"summary_large_image\" \/>\n<meta name=\"twitter:label1\" content=\"Napsal(a)\" \/>\n\t<meta name=\"twitter:data1\" content=\"Sekretari\u00e1t \u010cNS\" \/>\n\t<meta name=\"twitter:label2\" content=\"Odhadovan\u00e1 doba \u010dten\u00ed\" \/>\n\t<meta name=\"twitter:data2\" content=\"1 minuta\" \/>\n<script type=\"application\/ld+json\" class=\"yoast-schema-graph\">{\"@context\":\"https:\/\/schema.org\",\"@graph\":[{\"@type\":\"WebPage\",\"@id\":\"https:\/\/www.czech-neuro.cz\/aktualita\/13348\/\",\"url\":\"https:\/\/www.czech-neuro.cz\/aktualita\/13348\/\",\"name\":\"Nemocnice Pelh\u0159imov p\u0159ijme na neurologick\u00e9 odd\u011blen\u00ed l\u00e9ka\u0159e - \u010cesk\u00e1 neurologick\u00e1 spole\u010dnost\",\"isPartOf\":{\"@id\":\"https:\/\/www.czech-neuro.cz\/#website\"},\"primaryImageOfPage\":{\"@id\":\"https:\/\/www.czech-neuro.cz\/aktualita\/13348\/#primaryimage\"},\"image\":{\"@id\":\"https:\/\/www.czech-neuro.cz\/aktualita\/13348\/#primaryimage\"},\"thumbnailUrl\":\"https:\/\/www.czech-neuro.cz\/content\/uploads\/2022\/09\/pelhrimov.jpg\",\"datePublished\":\"2023-06-22T10:13:46+00:00\",\"dateModified\":\"2023-06-22T10:15:17+00:00\",\"author\":{\"@id\":\"https:\/\/www.czech-neuro.cz\/#\/schema\/person\/af981b1d7fc38899fa48fdecaeb95264\"},\"breadcrumb\":{\"@id\":\"https:\/\/www.czech-neuro.cz\/aktualita\/13348\/#breadcrumb\"},\"inLanguage\":\"cs\",\"potentialAction\":[{\"@type\":\"ReadAction\",\"target\":[\"https:\/\/www.czech-neuro.cz\/aktualita\/13348\/\"]}]},{\"@type\":\"ImageObject\",\"inLanguage\":\"cs\",\"@id\":\"https:\/\/www.czech-neuro.cz\/aktualita\/13348\/#primaryimage\",\"url\":\"https:\/\/www.czech-neuro.cz\/content\/uploads\/2022\/09\/pelhrimov.jpg\",\"contentUrl\":\"https:\/\/www.czech-neuro.cz\/content\/uploads\/2022\/09\/pelhrimov.jpg\",\"width\":271,\"height\":97},{\"@type\":\"BreadcrumbList\",\"@id\":\"https:\/\/www.czech-neuro.cz\/aktualita\/13348\/#breadcrumb\",\"itemListElement\":[{\"@type\":\"ListItem\",\"position\":1,\"name\":\"Dom\u016f\",\"item\":\"https:\/\/www.czech-neuro.cz\/\"},{\"@type\":\"ListItem\",\"position\":2,\"name\":\"Nemocnice Pelh\u0159imov p\u0159ijme na neurologick\u00e9 odd\u011blen\u00ed l\u00e9ka\u0159e\"}]},{\"@type\":\"WebSite\",\"@id\":\"https:\/\/www.czech-neuro.cz\/#website\",\"url\":\"https:\/\/www.czech-neuro.cz\/\",\"name\":\"\u010cesk\u00e1 neurologick\u00e1 spole\u010dnost\",\"description\":\"\u010cesk\u00e1 neurologick\u00e1 spole\u010dnost je odborn\u00e1 v\u011bdeck\u00e1 spole\u010dnost, jej\u00edm\u017e c\u00edlem je db\u00e1t o rozvoj neurologie jako v\u00fdznamn\u00e9 l\u00e9ka\u0159sk\u00e9 a v\u011bdeck\u00e9 discipliny v \u010cesk\u00e9 republice.\",\"potentialAction\":[{\"@type\":\"SearchAction\",\"target\":{\"@type\":\"EntryPoint\",\"urlTemplate\":\"https:\/\/www.czech-neuro.cz\/?s={search_term_string}\"},\"query-input\":{\"@type\":\"PropertyValueSpecification\",\"valueRequired\":true,\"valueName\":\"search_term_string\"}}],\"inLanguage\":\"cs\"},{\"@type\":\"Person\",\"@id\":\"https:\/\/www.czech-neuro.cz\/#\/schema\/person\/af981b1d7fc38899fa48fdecaeb95264\",\"name\":\"Sekretari\u00e1t \u010cNS\",\"image\":{\"@type\":\"ImageObject\",\"inLanguage\":\"cs\",\"@id\":\"https:\/\/www.czech-neuro.cz\/#\/schema\/person\/image\/\",\"url\":\"https:\/\/www.czech-neuro.cz\/content\/uploads\/ap_avatars\/edcaf9b0d68692e3915c31d046e10fb8.jpg\",\"contentUrl\":\"https:\/\/www.czech-neuro.cz\/content\/uploads\/ap_avatars\/edcaf9b0d68692e3915c31d046e10fb8.jpg\",\"caption\":\"Sekretari\u00e1t \u010cNS\"},\"url\":\"https:\/\/www.czech-neuro.cz\/aktualita\/autor\/janurkovaassociationhouse-cz\/\"}]}<\/script>\n<!-- \/ Yoast SEO Premium plugin. -->","yoast_head_json":{"title":"Nemocnice Pelh\u0159imov p\u0159ijme na neurologick\u00e9 odd\u011blen\u00ed l\u00e9ka\u0159e - \u010cesk\u00e1 neurologick\u00e1 spole\u010dnost","robots":{"index":"index","follow":"follow","max-snippet":"max-snippet:-1","max-image-preview":"max-image-preview:large","max-video-preview":"max-video-preview:-1"},"canonical":"https:\/\/www.czech-neuro.cz\/aktualita\/13348\/","og_locale":"cs_CZ","og_type":"article","og_title":"Nemocnice Pelh\u0159imov p\u0159ijme na neurologick\u00e9 odd\u011blen\u00ed l\u00e9ka\u0159e","og_description":"Nemocnice Pelh\u0159imov, p\u0159\u00edsp\u011bvkov\u00e1 organizace, p\u0159ijme na\u00a0neurologick\u00e9 odd\u011blen\u00ed\u00a0l\u00e9ka\u0159e se specializovanou zp\u016fsobilost\u00ed s\u00a0term\u00ednem n\u00e1stupu ihned, p\u0159\u00edpadn\u011b dle dohody. Kvalifika\u010dn\u00ed p\u0159edpoklady: \u00a0odborn\u00e1 zp\u016fsobilost...","og_url":"https:\/\/www.czech-neuro.cz\/aktualita\/13348\/","og_site_name":"\u010cesk\u00e1 neurologick\u00e1 spole\u010dnost","article_published_time":"2023-06-22T10:13:46+00:00","article_modified_time":"2023-06-22T10:15:17+00:00","og_image":[{"width":271,"height":97,"url":"https:\/\/www.czech-neuro.cz\/content\/uploads\/2022\/09\/pelhrimov.jpg","type":"image\/jpeg"}],"author":"Sekretari\u00e1t \u010cNS","twitter_card":"summary_large_image","twitter_misc":{"Napsal(a)":"Sekretari\u00e1t \u010cNS","Odhadovan\u00e1 doba \u010dten\u00ed":"1 minuta"},"schema":{"@context":"https:\/\/schema.org","@graph":[{"@type":"WebPage","@id":"https:\/\/www.czech-neuro.cz\/aktualita\/13348\/","url":"https:\/\/www.czech-neuro.cz\/aktualita\/13348\/","name":"Nemocnice Pelh\u0159imov p\u0159ijme na neurologick\u00e9 odd\u011blen\u00ed l\u00e9ka\u0159e - \u010cesk\u00e1 neurologick\u00e1 spole\u010dnost","isPartOf":{"@id":"https:\/\/www.czech-neuro.cz\/#website"},"primaryImageOfPage":{"@id":"https:\/\/www.czech-neuro.cz\/aktualita\/13348\/#primaryimage"},"image":{"@id":"https:\/\/www.czech-neuro.cz\/aktualita\/13348\/#primaryimage"},"thumbnailUrl":"https:\/\/www.czech-neuro.cz\/content\/uploads\/2022\/09\/pelhrimov.jpg","datePublished":"2023-06-22T10:13:46+00:00","dateModified":"2023-06-22T10:15:17+00:00","author":{"@id":"https:\/\/www.czech-neuro.cz\/#\/schema\/person\/af981b1d7fc38899fa48fdecaeb95264"},"breadcrumb":{"@id":"https:\/\/www.czech-neuro.cz\/aktualita\/13348\/#breadcrumb"},"inLanguage":"cs","potentialAction":[{"@type":"ReadAction","target":["https:\/\/www.czech-neuro.cz\/aktualita\/13348\/"]}]},{"@type":"ImageObject","inLanguage":"cs","@id":"https:\/\/www.czech-neuro.cz\/aktualita\/13348\/#primaryimage","url":"https:\/\/www.czech-neuro.cz\/content\/uploads\/2022\/09\/pelhrimov.jpg","contentUrl":"https:\/\/www.czech-neuro.cz\/content\/uploads\/2022\/09\/pelhrimov.jpg","width":271,"height":97},{"@type":"BreadcrumbList","@id":"https:\/\/www.czech-neuro.cz\/aktualita\/13348\/#breadcrumb","itemListElement":[{"@type":"ListItem","position":1,"name":"Dom\u016f","item":"https:\/\/www.czech-neuro.cz\/"},{"@type":"ListItem","position":2,"name":"Nemocnice Pelh\u0159imov p\u0159ijme na neurologick\u00e9 odd\u011blen\u00ed l\u00e9ka\u0159e"}]},{"@type":"WebSite","@id":"https:\/\/www.czech-neuro.cz\/#website","url":"https:\/\/www.czech-neuro.cz\/","name":"\u010cesk\u00e1 neurologick\u00e1 spole\u010dnost","description":"\u010cesk\u00e1 neurologick\u00e1 spole\u010dnost je odborn\u00e1 v\u011bdeck\u00e1 spole\u010dnost, jej\u00edm\u017e c\u00edlem je db\u00e1t o rozvoj neurologie jako v\u00fdznamn\u00e9 l\u00e9ka\u0159sk\u00e9 a v\u011bdeck\u00e9 discipliny v \u010cesk\u00e9 republice.","potentialAction":[{"@type":"SearchAction","target":{"@type":"EntryPoint","urlTemplate":"https:\/\/www.czech-neuro.cz\/?s={search_term_string}"},"query-input":{"@type":"PropertyValueSpecification","valueRequired":true,"valueName":"search_term_string"}}],"inLanguage":"cs"},{"@type":"Person","@id":"https:\/\/www.czech-neuro.cz\/#\/schema\/person\/af981b1d7fc38899fa48fdecaeb95264","name":"Sekretari\u00e1t \u010cNS","image":{"@type":"ImageObject","inLanguage":"cs","@id":"https:\/\/www.czech-neuro.cz\/#\/schema\/person\/image\/","url":"https:\/\/www.czech-neuro.cz\/content\/uploads\/ap_avatars\/edcaf9b0d68692e3915c31d046e10fb8.jpg","contentUrl":"https:\/\/www.czech-neuro.cz\/content\/uploads\/ap_avatars\/edcaf9b0d68692e3915c31d046e10fb8.jpg","caption":"Sekretari\u00e1t \u010cNS"},"url":"https:\/\/www.czech-neuro.cz\/aktualita\/autor\/janurkovaassociationhouse-cz\/"}]}},"lang":"cs","translations":{"cs":13348},"_links":{"self":[{"href":"https:\/\/www.czech-neuro.cz\/api\/wp\/v2\/posts\/13348","targetHints":{"allow":["GET"]}}],"collection":[{"href":"https:\/\/www.czech-neuro.cz\/api\/wp\/v2\/posts"}],"about":[{"href":"https:\/\/www.czech-neuro.cz\/api\/wp\/v2\/types\/post"}],"author":[{"embeddable":true,"href":"https:\/\/www.czech-neuro.cz\/api\/wp\/v2\/users\/23"}],"replies":[{"embeddable":true,"href":"https:\/\/www.czech-neuro.cz\/api\/wp\/v2\/comments?post=13348"}],"version-history":[{"count":0,"href":"https:\/\/www.czech-neuro.cz\/api\/wp\/v2\/posts\/13348\/revisions"}],"wp:featuredmedia":[{"embeddable":true,"href":"https:\/\/www.czech-neuro.cz\/api\/wp\/v2\/media\/12793"}],"wp:attachment":[{"href":"https:\/\/www.czech-neuro.cz\/api\/wp\/v2\/media?parent=13348"}],"wp:term":[{"taxonomy":"category","embeddable":true,"href":"https:\/\/www.czech-neuro.cz\/api\/wp\/v2\/categories?post=13348"},{"taxonomy":"post_tag","embeddable":true,"href":"https:\/\/www.czech-neuro.cz\/api\/wp\/v2\/tags?post=13348"}],"curies":[{"name":"wp","href":"https:\/\/api.w.org\/{rel}","templated":true}]}}