{"id":13275,"date":"2023-04-24T08:48:26","date_gmt":"2023-04-24T06:48:26","guid":{"rendered":"https:\/\/www.czech-neuro.cz\/?p=13275"},"modified":"2023-04-24T08:49:15","modified_gmt":"2023-04-24T06:49:15","slug":"nemocnice-decin-prijme-klinickeho-logopeda","status":"publish","type":"post","link":"https:\/\/www.czech-neuro.cz\/aktualita\/nemocnice-decin-prijme-klinickeho-logopeda\/","title":{"rendered":"Nemocnice D\u011b\u010d\u00edn p\u0159ijme klinick\u00e9ho logopeda"},"content":{"rendered":"<p style=\"margin: 0px 0px 24px; padding: 0px; border: 0px; overflow-wrap: break-word; text-align: justify; color: #010101; font-family: 'Open Sans', sans-serif; font-size: 14px;\"><span style=\"font-weight: bold; margin: 0px; padding: 0px; border: 0px;\"> <a href=\"https:\/\/www.czech-neuro.cz\/content\/uploads\/2023\/04\/obrazek1.jpg\" data-size=\"1386x462\"><img loading=\"lazy\" decoding=\"async\" class=\"aligncenter size-medium wp-image-13273\" src=\"https:\/\/www.czech-neuro.cz\/content\/uploads\/2023\/04\/obrazek1-300x100.jpg\" alt=\"\" width=\"300\" height=\"100\" srcset=\"https:\/\/www.czech-neuro.cz\/content\/uploads\/2023\/04\/obrazek1-300x100.jpg 300w, https:\/\/www.czech-neuro.cz\/content\/uploads\/2023\/04\/obrazek1-1024x341.jpg 1024w, https:\/\/www.czech-neuro.cz\/content\/uploads\/2023\/04\/obrazek1-768x256.jpg 768w, https:\/\/www.czech-neuro.cz\/content\/uploads\/2023\/04\/obrazek1-60x20.jpg 60w, https:\/\/www.czech-neuro.cz\/content\/uploads\/2023\/04\/obrazek1.jpg 1386w\" sizes=\"auto, (max-width: 300px) 100vw, 300px\" \/><\/a><\/span><\/p>\n<p style=\"margin: 0px 0px 24px; padding: 0px; border: 0px; overflow-wrap: break-word; text-align: justify; color: #010101; font-family: 'Open Sans', sans-serif; font-size: 14px;\"><span style=\"font-weight: bold; margin: 0px; padding: 0px; border: 0px;\">p\u0159ijme logopeda (klinick\u00e9ho)<\/span><\/p>\n<p style=\"margin: 0px 0px 24px; padding: 0px; border: 0px; overflow-wrap: break-word; text-align: justify; color: #010101; font-family: 'Open Sans', sans-serif; font-size: 14px;\"><span style=\"font-weight: 600; margin: 0px; padding: 0px; border: 0px;\">Bez \u010deho to nep\u016fjde:<br \/>\n<\/span>V\u0160 vzd\u011bl\u00e1n\u00ed \u2013 obor logopedie<br \/>\nodborn\u00e1 zp\u016fsobilost dle z\u00e1kona \u010d.\u00a096\/2004 Sb.<br \/>\nz\u00e1jem o\u00a0neust\u00e1le vzd\u011bl\u00e1v\u00e1n\u00ed v\u00a0oboru<\/p>\n<p style=\"margin: 0px 0px 24px; padding: 0px; border: 0px; overflow-wrap: break-word; text-align: justify; color: #010101; font-family: 'Open Sans', sans-serif; font-size: 14px;\"><span style=\"font-weight: 600; margin: 0px; padding: 0px; border: 0px;\">atestace v\u00a0oboru\u00a0klinick\u00fd logoped v\u00fdhodou<br \/>\n<\/span>bez\u00fahonnosti a\u00a0zdravotn\u00ed zp\u016fsobilosti<br \/>\nspolehlivosti<br \/>\nvelmi dobr\u00fdch komunika\u010dn\u00edch schopnost\u00ed<br \/>\nsamostatn\u00e9 a\u00a0t\u00fdmov\u00e9 pr\u00e1ce<\/p>\n<p style=\"margin: 0px 0px 24px; padding: 0px; border: 0px; overflow-wrap: break-word; text-align: justify; color: #010101; font-family: 'Open Sans', sans-serif; font-size: 14px;\"><span style=\"font-weight: 600; margin: 0px; padding: 0px; border: 0px;\">Na co se u\u00a0n\u00e1s m\u016f\u017eete t\u011b\u0161it:<br \/>\n<\/span><span style=\"font-weight: 600; margin: 0px; padding: 0px; border: 0px;\">Velmi zaj\u00edmav\u00e9 finan\u010dn\u00ed ohodnocen\u00ed<br \/>\n<\/span>flexibiln\u00ed \u00favazek (0,1 \u2013 1,0)<br \/>\n<span style=\"font-weight: 600; margin: 0px; padding: 0px; border: 0px;\">mo\u017enost okam\u017eit\u00e9ho n\u00e1stupu<br \/>\n<\/span>podporu pro dal\u0161\u00ed profesn\u00ed rozvoj a\u00a0vzd\u011bl\u00e1v\u00e1n\u00ed financovan\u00e9 zam\u011bstnavatelem<br \/>\n\u0159adu obor\u016f s\u00a0nejvy\u0161\u0161\u00edm stupn\u011bm akreditace a\u00a0specializovan\u00e1 centra<br \/>\nmodern\u00ed a\u00a0p\u0159\u00edjemn\u00e9 pracovn\u00ed prost\u0159ed\u00ed, kde t\u00e1hneme za jeden provaz \u00fa\u010dast na konferenc\u00edch<br \/>\n<span style=\"font-weight: 600; margin: 0px; padding: 0px; border: 0px;\">dopomoc s\u00a0bydlen\u00edm<br \/>\n<\/span>zam\u011bstnaneck\u00e9 benefity (nadstandartn\u00ed pokoje v\u00a0p\u0159\u00edpad\u011b hospitalizace, 5 t\u00fddn\u016f dovolen\u00e9, zv\u00fdhodn\u011bn\u00e1 ro\u010dn\u00ed s\u00ed\u0165ov\u00e1 zam\u011bstnaneck\u00e1 j\u00edzdenka Dopravy \u00dasteck\u00e9ho kraje p\u0159\u00edsp\u011bvek na dovolenou, z\u00e1vodn\u00ed stravov\u00e1n\u00ed, slevy na slu\u017eby \u010di\u00a0produkty u\u00a0vybran\u00fdch partner\u016f)<\/p>\n<p style=\"margin: 0px 0px 24px; padding: 0px; border: 0px; overflow-wrap: break-word; text-align: justify; color: #010101; font-family: 'Open Sans', sans-serif; font-size: 14px;\"><span style=\"font-weight: 600; margin: 0px; padding: 0px; border: 0px;\">Kontakt:<br \/>\n<\/span><span style=\"font-weight: 600; margin: 0px; padding: 0px; border: 0px;\">Krajsk\u00e1 zdravotn\u00ed a.s. \u2013 Nemocnice D\u011b\u010d\u00edn, o.z.<br \/>\n<\/span><span style=\"margin: 0px; padding: 0px; border: 0px;\">U Nemocnice 1, 405\u00a099 D\u011b\u010d\u00edn II<br \/>\n<\/span><span style=\"margin: 0px; padding: 0px; border: 0px;\">prim. MUDr. Iva\u00a0<\/span>Onde\u010dkov\u00e1<br \/>\n<span style=\"margin: 0px; padding: 0px; border: 0px;\">Tel. 412\u00a0705\u00a0396<br \/>\n<\/span><span style=\"margin: 0px; padding: 0px; border: 0px;\">Email:\u00a0<\/span><a style=\"background-color: transparent; margin: 0px; padding: 0px; border: 0px; color: #126da3;\" href=\"mailto:iva.ondeckova@kzcr.eu\">iva.ondeckova@kzcr.eu<\/a><\/p>\n","protected":false},"excerpt":{"rendered":"<p>p\u0159ijme logopeda (klinick\u00e9ho) Bez \u010deho to nep\u016fjde: V\u0160 vzd\u011bl\u00e1n\u00ed \u2013 obor logopedie odborn\u00e1 zp\u016fsobilost dle z\u00e1kona \u010d.\u00a096\/2004 Sb. z\u00e1jem o\u00a0neust\u00e1le&#8230;<\/p>\n","protected":false},"author":23,"featured_media":7593,"comment_status":"closed","ping_status":"closed","sticky":false,"template":"","format":"standard","meta":{"_acf_changed":false,"_searchwp_excluded":"","kia_subtitle":""},"categories":[1],"tags":[],"class_list":["post-13275","post","type-post","status-publish","has-post-thumbnail","hentry","category-nezarazene"],"acf":[],"yoast_head":"<!-- This site is optimized with the Yoast SEO Premium plugin v26.2 (Yoast SEO v26.2) - https:\/\/yoast.com\/wordpress\/plugins\/seo\/ -->\n<title>Nemocnice D\u011b\u010d\u00edn p\u0159ijme klinick\u00e9ho logopeda - \u010cesk\u00e1 neurologick\u00e1 spole\u010dnost<\/title>\n<meta name=\"robots\" content=\"index, follow, max-snippet:-1, max-image-preview:large, max-video-preview:-1\" \/>\n<link rel=\"canonical\" href=\"https:\/\/www.czech-neuro.cz\/aktualita\/nemocnice-decin-prijme-klinickeho-logopeda\/\" \/>\n<meta property=\"og:locale\" content=\"cs_CZ\" \/>\n<meta property=\"og:type\" content=\"article\" \/>\n<meta property=\"og:title\" content=\"Nemocnice D\u011b\u010d\u00edn p\u0159ijme klinick\u00e9ho logopeda\" \/>\n<meta property=\"og:description\" content=\"p\u0159ijme logopeda (klinick\u00e9ho) Bez \u010deho to nep\u016fjde: V\u0160 vzd\u011bl\u00e1n\u00ed \u2013 obor logopedie odborn\u00e1 zp\u016fsobilost dle z\u00e1kona \u010d.\u00a096\/2004 Sb. z\u00e1jem o\u00a0neust\u00e1le...\" \/>\n<meta property=\"og:url\" content=\"https:\/\/www.czech-neuro.cz\/aktualita\/nemocnice-decin-prijme-klinickeho-logopeda\/\" \/>\n<meta property=\"og:site_name\" content=\"\u010cesk\u00e1 neurologick\u00e1 spole\u010dnost\" \/>\n<meta property=\"article:published_time\" content=\"2023-04-24T06:48:26+00:00\" \/>\n<meta property=\"article:modified_time\" content=\"2023-04-24T06:49:15+00:00\" \/>\n<meta property=\"og:image\" content=\"https:\/\/www.czech-neuro.cz\/content\/uploads\/2019\/04\/jobs-2999575_1280.jpg\" \/>\n\t<meta property=\"og:image:width\" content=\"1280\" \/>\n\t<meta property=\"og:image:height\" content=\"1280\" \/>\n\t<meta property=\"og:image:type\" content=\"image\/jpeg\" \/>\n<meta name=\"author\" content=\"Sekretari\u00e1t \u010cNS\" \/>\n<meta name=\"twitter:card\" content=\"summary_large_image\" \/>\n<meta name=\"twitter:label1\" content=\"Napsal(a)\" \/>\n\t<meta name=\"twitter:data1\" content=\"Sekretari\u00e1t \u010cNS\" \/>\n\t<meta name=\"twitter:label2\" content=\"Odhadovan\u00e1 doba \u010dten\u00ed\" \/>\n\t<meta name=\"twitter:data2\" content=\"1 minuta\" \/>\n<script type=\"application\/ld+json\" class=\"yoast-schema-graph\">{\"@context\":\"https:\/\/schema.org\",\"@graph\":[{\"@type\":\"WebPage\",\"@id\":\"https:\/\/www.czech-neuro.cz\/aktualita\/nemocnice-decin-prijme-klinickeho-logopeda\/\",\"url\":\"https:\/\/www.czech-neuro.cz\/aktualita\/nemocnice-decin-prijme-klinickeho-logopeda\/\",\"name\":\"Nemocnice D\u011b\u010d\u00edn p\u0159ijme klinick\u00e9ho logopeda - \u010cesk\u00e1 neurologick\u00e1 spole\u010dnost\",\"isPartOf\":{\"@id\":\"https:\/\/www.czech-neuro.cz\/#website\"},\"primaryImageOfPage\":{\"@id\":\"https:\/\/www.czech-neuro.cz\/aktualita\/nemocnice-decin-prijme-klinickeho-logopeda\/#primaryimage\"},\"image\":{\"@id\":\"https:\/\/www.czech-neuro.cz\/aktualita\/nemocnice-decin-prijme-klinickeho-logopeda\/#primaryimage\"},\"thumbnailUrl\":\"https:\/\/www.czech-neuro.cz\/content\/uploads\/2019\/04\/jobs-2999575_1280.jpg\",\"datePublished\":\"2023-04-24T06:48:26+00:00\",\"dateModified\":\"2023-04-24T06:49:15+00:00\",\"author\":{\"@id\":\"https:\/\/www.czech-neuro.cz\/#\/schema\/person\/af981b1d7fc38899fa48fdecaeb95264\"},\"breadcrumb\":{\"@id\":\"https:\/\/www.czech-neuro.cz\/aktualita\/nemocnice-decin-prijme-klinickeho-logopeda\/#breadcrumb\"},\"inLanguage\":\"cs\",\"potentialAction\":[{\"@type\":\"ReadAction\",\"target\":[\"https:\/\/www.czech-neuro.cz\/aktualita\/nemocnice-decin-prijme-klinickeho-logopeda\/\"]}]},{\"@type\":\"ImageObject\",\"inLanguage\":\"cs\",\"@id\":\"https:\/\/www.czech-neuro.cz\/aktualita\/nemocnice-decin-prijme-klinickeho-logopeda\/#primaryimage\",\"url\":\"https:\/\/www.czech-neuro.cz\/content\/uploads\/2019\/04\/jobs-2999575_1280.jpg\",\"contentUrl\":\"https:\/\/www.czech-neuro.cz\/content\/uploads\/2019\/04\/jobs-2999575_1280.jpg\",\"width\":1280,\"height\":1280},{\"@type\":\"BreadcrumbList\",\"@id\":\"https:\/\/www.czech-neuro.cz\/aktualita\/nemocnice-decin-prijme-klinickeho-logopeda\/#breadcrumb\",\"itemListElement\":[{\"@type\":\"ListItem\",\"position\":1,\"name\":\"Dom\u016f\",\"item\":\"https:\/\/www.czech-neuro.cz\/\"},{\"@type\":\"ListItem\",\"position\":2,\"name\":\"Nemocnice D\u011b\u010d\u00edn p\u0159ijme klinick\u00e9ho logopeda\"}]},{\"@type\":\"WebSite\",\"@id\":\"https:\/\/www.czech-neuro.cz\/#website\",\"url\":\"https:\/\/www.czech-neuro.cz\/\",\"name\":\"\u010cesk\u00e1 neurologick\u00e1 spole\u010dnost\",\"description\":\"\u010cesk\u00e1 neurologick\u00e1 spole\u010dnost je odborn\u00e1 v\u011bdeck\u00e1 spole\u010dnost, jej\u00edm\u017e c\u00edlem je db\u00e1t o rozvoj neurologie jako v\u00fdznamn\u00e9 l\u00e9ka\u0159sk\u00e9 a v\u011bdeck\u00e9 discipliny v \u010cesk\u00e9 republice.\",\"potentialAction\":[{\"@type\":\"SearchAction\",\"target\":{\"@type\":\"EntryPoint\",\"urlTemplate\":\"https:\/\/www.czech-neuro.cz\/?s={search_term_string}\"},\"query-input\":{\"@type\":\"PropertyValueSpecification\",\"valueRequired\":true,\"valueName\":\"search_term_string\"}}],\"inLanguage\":\"cs\"},{\"@type\":\"Person\",\"@id\":\"https:\/\/www.czech-neuro.cz\/#\/schema\/person\/af981b1d7fc38899fa48fdecaeb95264\",\"name\":\"Sekretari\u00e1t \u010cNS\",\"image\":{\"@type\":\"ImageObject\",\"inLanguage\":\"cs\",\"@id\":\"https:\/\/www.czech-neuro.cz\/#\/schema\/person\/image\/\",\"url\":\"https:\/\/www.czech-neuro.cz\/content\/uploads\/ap_avatars\/edcaf9b0d68692e3915c31d046e10fb8.jpg\",\"contentUrl\":\"https:\/\/www.czech-neuro.cz\/content\/uploads\/ap_avatars\/edcaf9b0d68692e3915c31d046e10fb8.jpg\",\"caption\":\"Sekretari\u00e1t \u010cNS\"},\"url\":\"https:\/\/www.czech-neuro.cz\/aktualita\/autor\/janurkovaassociationhouse-cz\/\"}]}<\/script>\n<!-- \/ Yoast SEO Premium plugin. -->","yoast_head_json":{"title":"Nemocnice D\u011b\u010d\u00edn p\u0159ijme klinick\u00e9ho logopeda - \u010cesk\u00e1 neurologick\u00e1 spole\u010dnost","robots":{"index":"index","follow":"follow","max-snippet":"max-snippet:-1","max-image-preview":"max-image-preview:large","max-video-preview":"max-video-preview:-1"},"canonical":"https:\/\/www.czech-neuro.cz\/aktualita\/nemocnice-decin-prijme-klinickeho-logopeda\/","og_locale":"cs_CZ","og_type":"article","og_title":"Nemocnice D\u011b\u010d\u00edn p\u0159ijme klinick\u00e9ho logopeda","og_description":"p\u0159ijme logopeda (klinick\u00e9ho) Bez \u010deho to nep\u016fjde: V\u0160 vzd\u011bl\u00e1n\u00ed \u2013 obor logopedie odborn\u00e1 zp\u016fsobilost dle z\u00e1kona \u010d.\u00a096\/2004 Sb. z\u00e1jem o\u00a0neust\u00e1le...","og_url":"https:\/\/www.czech-neuro.cz\/aktualita\/nemocnice-decin-prijme-klinickeho-logopeda\/","og_site_name":"\u010cesk\u00e1 neurologick\u00e1 spole\u010dnost","article_published_time":"2023-04-24T06:48:26+00:00","article_modified_time":"2023-04-24T06:49:15+00:00","og_image":[{"width":1280,"height":1280,"url":"https:\/\/www.czech-neuro.cz\/content\/uploads\/2019\/04\/jobs-2999575_1280.jpg","type":"image\/jpeg"}],"author":"Sekretari\u00e1t \u010cNS","twitter_card":"summary_large_image","twitter_misc":{"Napsal(a)":"Sekretari\u00e1t \u010cNS","Odhadovan\u00e1 doba \u010dten\u00ed":"1 minuta"},"schema":{"@context":"https:\/\/schema.org","@graph":[{"@type":"WebPage","@id":"https:\/\/www.czech-neuro.cz\/aktualita\/nemocnice-decin-prijme-klinickeho-logopeda\/","url":"https:\/\/www.czech-neuro.cz\/aktualita\/nemocnice-decin-prijme-klinickeho-logopeda\/","name":"Nemocnice D\u011b\u010d\u00edn p\u0159ijme klinick\u00e9ho logopeda - \u010cesk\u00e1 neurologick\u00e1 spole\u010dnost","isPartOf":{"@id":"https:\/\/www.czech-neuro.cz\/#website"},"primaryImageOfPage":{"@id":"https:\/\/www.czech-neuro.cz\/aktualita\/nemocnice-decin-prijme-klinickeho-logopeda\/#primaryimage"},"image":{"@id":"https:\/\/www.czech-neuro.cz\/aktualita\/nemocnice-decin-prijme-klinickeho-logopeda\/#primaryimage"},"thumbnailUrl":"https:\/\/www.czech-neuro.cz\/content\/uploads\/2019\/04\/jobs-2999575_1280.jpg","datePublished":"2023-04-24T06:48:26+00:00","dateModified":"2023-04-24T06:49:15+00:00","author":{"@id":"https:\/\/www.czech-neuro.cz\/#\/schema\/person\/af981b1d7fc38899fa48fdecaeb95264"},"breadcrumb":{"@id":"https:\/\/www.czech-neuro.cz\/aktualita\/nemocnice-decin-prijme-klinickeho-logopeda\/#breadcrumb"},"inLanguage":"cs","potentialAction":[{"@type":"ReadAction","target":["https:\/\/www.czech-neuro.cz\/aktualita\/nemocnice-decin-prijme-klinickeho-logopeda\/"]}]},{"@type":"ImageObject","inLanguage":"cs","@id":"https:\/\/www.czech-neuro.cz\/aktualita\/nemocnice-decin-prijme-klinickeho-logopeda\/#primaryimage","url":"https:\/\/www.czech-neuro.cz\/content\/uploads\/2019\/04\/jobs-2999575_1280.jpg","contentUrl":"https:\/\/www.czech-neuro.cz\/content\/uploads\/2019\/04\/jobs-2999575_1280.jpg","width":1280,"height":1280},{"@type":"BreadcrumbList","@id":"https:\/\/www.czech-neuro.cz\/aktualita\/nemocnice-decin-prijme-klinickeho-logopeda\/#breadcrumb","itemListElement":[{"@type":"ListItem","position":1,"name":"Dom\u016f","item":"https:\/\/www.czech-neuro.cz\/"},{"@type":"ListItem","position":2,"name":"Nemocnice D\u011b\u010d\u00edn p\u0159ijme klinick\u00e9ho logopeda"}]},{"@type":"WebSite","@id":"https:\/\/www.czech-neuro.cz\/#website","url":"https:\/\/www.czech-neuro.cz\/","name":"\u010cesk\u00e1 neurologick\u00e1 spole\u010dnost","description":"\u010cesk\u00e1 neurologick\u00e1 spole\u010dnost je odborn\u00e1 v\u011bdeck\u00e1 spole\u010dnost, jej\u00edm\u017e c\u00edlem je db\u00e1t o rozvoj neurologie jako v\u00fdznamn\u00e9 l\u00e9ka\u0159sk\u00e9 a v\u011bdeck\u00e9 discipliny v \u010cesk\u00e9 republice.","potentialAction":[{"@type":"SearchAction","target":{"@type":"EntryPoint","urlTemplate":"https:\/\/www.czech-neuro.cz\/?s={search_term_string}"},"query-input":{"@type":"PropertyValueSpecification","valueRequired":true,"valueName":"search_term_string"}}],"inLanguage":"cs"},{"@type":"Person","@id":"https:\/\/www.czech-neuro.cz\/#\/schema\/person\/af981b1d7fc38899fa48fdecaeb95264","name":"Sekretari\u00e1t \u010cNS","image":{"@type":"ImageObject","inLanguage":"cs","@id":"https:\/\/www.czech-neuro.cz\/#\/schema\/person\/image\/","url":"https:\/\/www.czech-neuro.cz\/content\/uploads\/ap_avatars\/edcaf9b0d68692e3915c31d046e10fb8.jpg","contentUrl":"https:\/\/www.czech-neuro.cz\/content\/uploads\/ap_avatars\/edcaf9b0d68692e3915c31d046e10fb8.jpg","caption":"Sekretari\u00e1t \u010cNS"},"url":"https:\/\/www.czech-neuro.cz\/aktualita\/autor\/janurkovaassociationhouse-cz\/"}]}},"lang":"cs","translations":{"cs":13275},"_links":{"self":[{"href":"https:\/\/www.czech-neuro.cz\/api\/wp\/v2\/posts\/13275","targetHints":{"allow":["GET"]}}],"collection":[{"href":"https:\/\/www.czech-neuro.cz\/api\/wp\/v2\/posts"}],"about":[{"href":"https:\/\/www.czech-neuro.cz\/api\/wp\/v2\/types\/post"}],"author":[{"embeddable":true,"href":"https:\/\/www.czech-neuro.cz\/api\/wp\/v2\/users\/23"}],"replies":[{"embeddable":true,"href":"https:\/\/www.czech-neuro.cz\/api\/wp\/v2\/comments?post=13275"}],"version-history":[{"count":0,"href":"https:\/\/www.czech-neuro.cz\/api\/wp\/v2\/posts\/13275\/revisions"}],"wp:featuredmedia":[{"embeddable":true,"href":"https:\/\/www.czech-neuro.cz\/api\/wp\/v2\/media\/7593"}],"wp:attachment":[{"href":"https:\/\/www.czech-neuro.cz\/api\/wp\/v2\/media?parent=13275"}],"wp:term":[{"taxonomy":"category","embeddable":true,"href":"https:\/\/www.czech-neuro.cz\/api\/wp\/v2\/categories?post=13275"},{"taxonomy":"post_tag","embeddable":true,"href":"https:\/\/www.czech-neuro.cz\/api\/wp\/v2\/tags?post=13275"}],"curies":[{"name":"wp","href":"https:\/\/api.w.org\/{rel}","templated":true}]}}