{"id":12322,"date":"2022-02-28T14:12:08","date_gmt":"2022-02-28T13:12:08","guid":{"rendered":"https:\/\/www.czech-neuro.cz\/?p=12322"},"modified":"2022-02-28T14:19:42","modified_gmt":"2022-02-28T13:19:42","slug":"statement-from-ean-president-on-situation-in-ukraine","status":"publish","type":"post","link":"https:\/\/www.czech-neuro.cz\/aktualita\/statement-from-ean-president-on-situation-in-ukraine\/","title":{"rendered":"Statement from EAN President on Situation in Ukraine"},"content":{"rendered":"<p>V\u00e1\u017een\u00e9 kolegyn\u011b, v\u00e1\u017een\u00ed kolegov\u00e9,<\/p>\n<p><span style=\"background-color: #ffffff;\">p\u0159ipojujeme se k&nbsp;n\u00ed\u017ee uveden\u00e9mu prohl\u00e1\u0161en\u00ed prezidenta EAN, se kter\u00fdm se pln\u011b ztoto\u017e\u0148ujeme.\u00a0<\/span><\/p>\n<p>S pozdravem<br \/>\n<span style=\"background-color: #ffffff;\">V\u00fdbor <\/span>\u010cNS<\/p>\n<p><a href=\"https:\/\/www.czech-neuro.cz\/content\/uploads\/2019\/10\/ean_logo_home_2017-300x128.png\" data-size=\"300x128\"><img loading=\"lazy\" decoding=\"async\" class=\"wp-image-8503 aligncenter\" src=\"https:\/\/www.czech-neuro.cz\/content\/uploads\/2019\/10\/ean_logo_home_2017-300x128-300x128.png\" alt=\"\" width=\"157\" height=\"67\" srcset=\"https:\/\/www.czech-neuro.cz\/content\/uploads\/2019\/10\/ean_logo_home_2017-300x128.png 300w, https:\/\/www.czech-neuro.cz\/content\/uploads\/2019\/10\/ean_logo_home_2017-300x128-60x26.png 60w\" sizes=\"auto, (max-width: 157px) 100vw, 157px\" \/><\/a><\/p>\n<p style=\"text-align: center;\">STATEMENT FROM EAN PRESIDENT ON SITUATION IN UKRAINE<\/p>\n<p>It is with great sadness and concern that we at the European Academy of Neurology (EAN) learn of the situation rapidly unfolding in Ukraine. While we remain an apolitical, neutral organisation representing healthcare professionals across Europe, including both Ukraine and Russia, we abhor the use of violence or war and see no place for either in settling disputes of any kind. We hope and plead for a&nbsp;rapid and peaceful resolution to this conflict, so that as many lives as possible may be spared.<\/p>\n<p>We call for all agencies and organisations providing humanitarian support in the region to receive the support and resources they need to respond to the crisis, and that they are not obstructed or prevented from providing humanitarian or medical assistance to those in need.<\/p>\n<p>On behalf of the EAN, we ask you to consider contributing to organisations which are setting up relief efforts to help civilian casualties and refugees in the region.<\/p>\n<p><strong>United Nations High Commissioner for Refugees- The UN Refugee Agency\u00a0 &#8211; <a href=\"https:\/\/donate.unhcr.org\/int\/en\/ukraine-emergency?gclid=CjwKCAiAgvKQBhBbEiwAaPQw3FNxv3BpTS-ouCv67E0lpDnx_mDvW-05XaAyQetFXynUbQGcq5M9JxoC3vAQAvD_BwE&amp;gclsrc=aw.ds\" target=\"_blank\" rel=\"noopener\">DONATE NOW<\/a><\/strong><\/p>\n<p><strong>International Committee of the Red Cross &#8211; <a href=\"https:\/\/www.icrc.org\/en\/donate\/ukraine\" target=\"_blank\" rel=\"noopener\">DONATE NOW<\/a><\/strong><\/p>\n<p>EAN is also committed to supporting neurological work forces affected by the current situation. We continue to monitor the situation closely.<\/p>\n<p>We remain hopeful for a&nbsp;peaceful conclusion to this crisis soon and in the meantime implore both sides to ensure humanitarian and medical aid can reach those who need it, regardless of allegiance.<\/p>\n<p>Claudio L.A.\u00a0Bassetti<br \/>\nPresident of the European Academy of Neurology<\/p>\n<p>&nbsp;<\/p>\n<p><strong>Odkaz na prohl\u00e1\u0161en\u00ed <a href=\"http:\/\/view.news.ean.org\/?qs=b2cfa1e063684f6519a80c4f6b65c557b3272c4959d3e5d56707a56fe2b5daa1a7488472281e5aaf359ad6d17572af73ed5a83a067b633cc45bf254bf2f5fb9f6699bfcf6183185fcec3706a92a37744\" target=\"_blank\" rel=\"noopener\">ZDE<\/a><\/strong><\/p>\n","protected":false},"excerpt":{"rendered":"<p>V\u00e1\u017een\u00e9 kolegyn\u011b, v\u00e1\u017een\u00ed kolegov\u00e9, p\u0159ipojujeme se k&nbsp;n\u00ed\u017ee uveden\u00e9mu prohl\u00e1\u0161en\u00ed prezidenta EAN, se kter\u00fdm se pln\u011b ztoto\u017e\u0148ujeme.\u00a0 S&nbsp;pozdravem V\u00fdbor \u010cNS&#8230;<\/p>\n","protected":false},"author":23,"featured_media":12324,"comment_status":"closed","ping_status":"closed","sticky":false,"template":"","format":"standard","meta":{"_acf_changed":false,"_searchwp_excluded":"","kia_subtitle":""},"categories":[1],"tags":[],"class_list":["post-12322","post","type-post","status-publish","has-post-thumbnail","hentry","category-nezarazene"],"acf":[],"yoast_head":"<!-- This site is optimized with the Yoast SEO Premium plugin v26.2 (Yoast SEO v26.2) - https:\/\/yoast.com\/wordpress\/plugins\/seo\/ -->\n<title>Statement from EAN President on Situation in Ukraine - \u010cesk\u00e1 neurologick\u00e1 spole\u010dnost<\/title>\n<meta name=\"robots\" content=\"index, follow, max-snippet:-1, max-image-preview:large, max-video-preview:-1\" \/>\n<link rel=\"canonical\" href=\"https:\/\/www.czech-neuro.cz\/aktualita\/statement-from-ean-president-on-situation-in-ukraine\/\" \/>\n<meta property=\"og:locale\" content=\"cs_CZ\" \/>\n<meta property=\"og:type\" content=\"article\" \/>\n<meta property=\"og:title\" content=\"Statement from EAN President on Situation in Ukraine\" \/>\n<meta property=\"og:description\" content=\"V\u00e1\u017een\u00e9 kolegyn\u011b, v\u00e1\u017een\u00ed kolegov\u00e9, p\u0159ipojujeme se k&nbsp;n\u00ed\u017ee uveden\u00e9mu prohl\u00e1\u0161en\u00ed prezidenta EAN, se kter\u00fdm se pln\u011b ztoto\u017e\u0148ujeme.\u00a0 S pozdravem V\u00fdbor \u010cNS...\" \/>\n<meta property=\"og:url\" content=\"https:\/\/www.czech-neuro.cz\/aktualita\/statement-from-ean-president-on-situation-in-ukraine\/\" \/>\n<meta property=\"og:site_name\" content=\"\u010cesk\u00e1 neurologick\u00e1 spole\u010dnost\" \/>\n<meta property=\"article:published_time\" content=\"2022-02-28T13:12:08+00:00\" \/>\n<meta property=\"article:modified_time\" content=\"2022-02-28T13:19:42+00:00\" \/>\n<meta property=\"og:image\" content=\"https:\/\/www.czech-neuro.cz\/content\/uploads\/2022\/02\/ukraine-g0ffa2a7f4_1280.png\" \/>\n\t<meta property=\"og:image:width\" content=\"1280\" \/>\n\t<meta property=\"og:image:height\" content=\"853\" \/>\n\t<meta property=\"og:image:type\" content=\"image\/png\" \/>\n<meta name=\"author\" content=\"Sekretari\u00e1t \u010cNS\" \/>\n<meta name=\"twitter:card\" content=\"summary_large_image\" \/>\n<meta name=\"twitter:label1\" content=\"Napsal(a)\" \/>\n\t<meta name=\"twitter:data1\" content=\"Sekretari\u00e1t \u010cNS\" \/>\n\t<meta name=\"twitter:label2\" content=\"Odhadovan\u00e1 doba \u010dten\u00ed\" \/>\n\t<meta name=\"twitter:data2\" content=\"1 minuta\" \/>\n<script type=\"application\/ld+json\" class=\"yoast-schema-graph\">{\"@context\":\"https:\/\/schema.org\",\"@graph\":[{\"@type\":\"WebPage\",\"@id\":\"https:\/\/www.czech-neuro.cz\/aktualita\/statement-from-ean-president-on-situation-in-ukraine\/\",\"url\":\"https:\/\/www.czech-neuro.cz\/aktualita\/statement-from-ean-president-on-situation-in-ukraine\/\",\"name\":\"Statement from EAN President on Situation in Ukraine - \u010cesk\u00e1 neurologick\u00e1 spole\u010dnost\",\"isPartOf\":{\"@id\":\"https:\/\/www.czech-neuro.cz\/#website\"},\"primaryImageOfPage\":{\"@id\":\"https:\/\/www.czech-neuro.cz\/aktualita\/statement-from-ean-president-on-situation-in-ukraine\/#primaryimage\"},\"image\":{\"@id\":\"https:\/\/www.czech-neuro.cz\/aktualita\/statement-from-ean-president-on-situation-in-ukraine\/#primaryimage\"},\"thumbnailUrl\":\"https:\/\/www.czech-neuro.cz\/content\/uploads\/2022\/02\/ukraine-g0ffa2a7f4_1280.png\",\"datePublished\":\"2022-02-28T13:12:08+00:00\",\"dateModified\":\"2022-02-28T13:19:42+00:00\",\"author\":{\"@id\":\"https:\/\/www.czech-neuro.cz\/#\/schema\/person\/af981b1d7fc38899fa48fdecaeb95264\"},\"breadcrumb\":{\"@id\":\"https:\/\/www.czech-neuro.cz\/aktualita\/statement-from-ean-president-on-situation-in-ukraine\/#breadcrumb\"},\"inLanguage\":\"cs\",\"potentialAction\":[{\"@type\":\"ReadAction\",\"target\":[\"https:\/\/www.czech-neuro.cz\/aktualita\/statement-from-ean-president-on-situation-in-ukraine\/\"]}]},{\"@type\":\"ImageObject\",\"inLanguage\":\"cs\",\"@id\":\"https:\/\/www.czech-neuro.cz\/aktualita\/statement-from-ean-president-on-situation-in-ukraine\/#primaryimage\",\"url\":\"https:\/\/www.czech-neuro.cz\/content\/uploads\/2022\/02\/ukraine-g0ffa2a7f4_1280.png\",\"contentUrl\":\"https:\/\/www.czech-neuro.cz\/content\/uploads\/2022\/02\/ukraine-g0ffa2a7f4_1280.png\",\"width\":1280,\"height\":853},{\"@type\":\"BreadcrumbList\",\"@id\":\"https:\/\/www.czech-neuro.cz\/aktualita\/statement-from-ean-president-on-situation-in-ukraine\/#breadcrumb\",\"itemListElement\":[{\"@type\":\"ListItem\",\"position\":1,\"name\":\"Dom\u016f\",\"item\":\"https:\/\/www.czech-neuro.cz\/\"},{\"@type\":\"ListItem\",\"position\":2,\"name\":\"Statement from EAN President on Situation in Ukraine\"}]},{\"@type\":\"WebSite\",\"@id\":\"https:\/\/www.czech-neuro.cz\/#website\",\"url\":\"https:\/\/www.czech-neuro.cz\/\",\"name\":\"\u010cesk\u00e1 neurologick\u00e1 spole\u010dnost\",\"description\":\"\u010cesk\u00e1 neurologick\u00e1 spole\u010dnost je odborn\u00e1 v\u011bdeck\u00e1 spole\u010dnost, jej\u00edm\u017e c\u00edlem je db\u00e1t o rozvoj neurologie jako v\u00fdznamn\u00e9 l\u00e9ka\u0159sk\u00e9 a v\u011bdeck\u00e9 discipliny v \u010cesk\u00e9 republice.\",\"potentialAction\":[{\"@type\":\"SearchAction\",\"target\":{\"@type\":\"EntryPoint\",\"urlTemplate\":\"https:\/\/www.czech-neuro.cz\/?s={search_term_string}\"},\"query-input\":{\"@type\":\"PropertyValueSpecification\",\"valueRequired\":true,\"valueName\":\"search_term_string\"}}],\"inLanguage\":\"cs\"},{\"@type\":\"Person\",\"@id\":\"https:\/\/www.czech-neuro.cz\/#\/schema\/person\/af981b1d7fc38899fa48fdecaeb95264\",\"name\":\"Sekretari\u00e1t \u010cNS\",\"image\":{\"@type\":\"ImageObject\",\"inLanguage\":\"cs\",\"@id\":\"https:\/\/www.czech-neuro.cz\/#\/schema\/person\/image\/\",\"url\":\"https:\/\/www.czech-neuro.cz\/content\/uploads\/ap_avatars\/edcaf9b0d68692e3915c31d046e10fb8.jpg\",\"contentUrl\":\"https:\/\/www.czech-neuro.cz\/content\/uploads\/ap_avatars\/edcaf9b0d68692e3915c31d046e10fb8.jpg\",\"caption\":\"Sekretari\u00e1t \u010cNS\"},\"url\":\"https:\/\/www.czech-neuro.cz\/aktualita\/autor\/janurkovaassociationhouse-cz\/\"}]}<\/script>\n<!-- \/ Yoast SEO Premium plugin. -->","yoast_head_json":{"title":"Statement from EAN President on Situation in Ukraine - \u010cesk\u00e1 neurologick\u00e1 spole\u010dnost","robots":{"index":"index","follow":"follow","max-snippet":"max-snippet:-1","max-image-preview":"max-image-preview:large","max-video-preview":"max-video-preview:-1"},"canonical":"https:\/\/www.czech-neuro.cz\/aktualita\/statement-from-ean-president-on-situation-in-ukraine\/","og_locale":"cs_CZ","og_type":"article","og_title":"Statement from EAN President on Situation in Ukraine","og_description":"V\u00e1\u017een\u00e9 kolegyn\u011b, v\u00e1\u017een\u00ed kolegov\u00e9, p\u0159ipojujeme se k&nbsp;n\u00ed\u017ee uveden\u00e9mu prohl\u00e1\u0161en\u00ed prezidenta EAN, se kter\u00fdm se pln\u011b ztoto\u017e\u0148ujeme.\u00a0 S pozdravem V\u00fdbor \u010cNS...","og_url":"https:\/\/www.czech-neuro.cz\/aktualita\/statement-from-ean-president-on-situation-in-ukraine\/","og_site_name":"\u010cesk\u00e1 neurologick\u00e1 spole\u010dnost","article_published_time":"2022-02-28T13:12:08+00:00","article_modified_time":"2022-02-28T13:19:42+00:00","og_image":[{"width":1280,"height":853,"url":"https:\/\/www.czech-neuro.cz\/content\/uploads\/2022\/02\/ukraine-g0ffa2a7f4_1280.png","type":"image\/png"}],"author":"Sekretari\u00e1t \u010cNS","twitter_card":"summary_large_image","twitter_misc":{"Napsal(a)":"Sekretari\u00e1t \u010cNS","Odhadovan\u00e1 doba \u010dten\u00ed":"1 minuta"},"schema":{"@context":"https:\/\/schema.org","@graph":[{"@type":"WebPage","@id":"https:\/\/www.czech-neuro.cz\/aktualita\/statement-from-ean-president-on-situation-in-ukraine\/","url":"https:\/\/www.czech-neuro.cz\/aktualita\/statement-from-ean-president-on-situation-in-ukraine\/","name":"Statement from EAN President on Situation in Ukraine - \u010cesk\u00e1 neurologick\u00e1 spole\u010dnost","isPartOf":{"@id":"https:\/\/www.czech-neuro.cz\/#website"},"primaryImageOfPage":{"@id":"https:\/\/www.czech-neuro.cz\/aktualita\/statement-from-ean-president-on-situation-in-ukraine\/#primaryimage"},"image":{"@id":"https:\/\/www.czech-neuro.cz\/aktualita\/statement-from-ean-president-on-situation-in-ukraine\/#primaryimage"},"thumbnailUrl":"https:\/\/www.czech-neuro.cz\/content\/uploads\/2022\/02\/ukraine-g0ffa2a7f4_1280.png","datePublished":"2022-02-28T13:12:08+00:00","dateModified":"2022-02-28T13:19:42+00:00","author":{"@id":"https:\/\/www.czech-neuro.cz\/#\/schema\/person\/af981b1d7fc38899fa48fdecaeb95264"},"breadcrumb":{"@id":"https:\/\/www.czech-neuro.cz\/aktualita\/statement-from-ean-president-on-situation-in-ukraine\/#breadcrumb"},"inLanguage":"cs","potentialAction":[{"@type":"ReadAction","target":["https:\/\/www.czech-neuro.cz\/aktualita\/statement-from-ean-president-on-situation-in-ukraine\/"]}]},{"@type":"ImageObject","inLanguage":"cs","@id":"https:\/\/www.czech-neuro.cz\/aktualita\/statement-from-ean-president-on-situation-in-ukraine\/#primaryimage","url":"https:\/\/www.czech-neuro.cz\/content\/uploads\/2022\/02\/ukraine-g0ffa2a7f4_1280.png","contentUrl":"https:\/\/www.czech-neuro.cz\/content\/uploads\/2022\/02\/ukraine-g0ffa2a7f4_1280.png","width":1280,"height":853},{"@type":"BreadcrumbList","@id":"https:\/\/www.czech-neuro.cz\/aktualita\/statement-from-ean-president-on-situation-in-ukraine\/#breadcrumb","itemListElement":[{"@type":"ListItem","position":1,"name":"Dom\u016f","item":"https:\/\/www.czech-neuro.cz\/"},{"@type":"ListItem","position":2,"name":"Statement from EAN President on Situation in Ukraine"}]},{"@type":"WebSite","@id":"https:\/\/www.czech-neuro.cz\/#website","url":"https:\/\/www.czech-neuro.cz\/","name":"\u010cesk\u00e1 neurologick\u00e1 spole\u010dnost","description":"\u010cesk\u00e1 neurologick\u00e1 spole\u010dnost je odborn\u00e1 v\u011bdeck\u00e1 spole\u010dnost, jej\u00edm\u017e c\u00edlem je db\u00e1t o rozvoj neurologie jako v\u00fdznamn\u00e9 l\u00e9ka\u0159sk\u00e9 a v\u011bdeck\u00e9 discipliny v \u010cesk\u00e9 republice.","potentialAction":[{"@type":"SearchAction","target":{"@type":"EntryPoint","urlTemplate":"https:\/\/www.czech-neuro.cz\/?s={search_term_string}"},"query-input":{"@type":"PropertyValueSpecification","valueRequired":true,"valueName":"search_term_string"}}],"inLanguage":"cs"},{"@type":"Person","@id":"https:\/\/www.czech-neuro.cz\/#\/schema\/person\/af981b1d7fc38899fa48fdecaeb95264","name":"Sekretari\u00e1t \u010cNS","image":{"@type":"ImageObject","inLanguage":"cs","@id":"https:\/\/www.czech-neuro.cz\/#\/schema\/person\/image\/","url":"https:\/\/www.czech-neuro.cz\/content\/uploads\/ap_avatars\/edcaf9b0d68692e3915c31d046e10fb8.jpg","contentUrl":"https:\/\/www.czech-neuro.cz\/content\/uploads\/ap_avatars\/edcaf9b0d68692e3915c31d046e10fb8.jpg","caption":"Sekretari\u00e1t \u010cNS"},"url":"https:\/\/www.czech-neuro.cz\/aktualita\/autor\/janurkovaassociationhouse-cz\/"}]}},"lang":"cs","translations":{"cs":12322},"_links":{"self":[{"href":"https:\/\/www.czech-neuro.cz\/api\/wp\/v2\/posts\/12322","targetHints":{"allow":["GET"]}}],"collection":[{"href":"https:\/\/www.czech-neuro.cz\/api\/wp\/v2\/posts"}],"about":[{"href":"https:\/\/www.czech-neuro.cz\/api\/wp\/v2\/types\/post"}],"author":[{"embeddable":true,"href":"https:\/\/www.czech-neuro.cz\/api\/wp\/v2\/users\/23"}],"replies":[{"embeddable":true,"href":"https:\/\/www.czech-neuro.cz\/api\/wp\/v2\/comments?post=12322"}],"version-history":[{"count":0,"href":"https:\/\/www.czech-neuro.cz\/api\/wp\/v2\/posts\/12322\/revisions"}],"wp:featuredmedia":[{"embeddable":true,"href":"https:\/\/www.czech-neuro.cz\/api\/wp\/v2\/media\/12324"}],"wp:attachment":[{"href":"https:\/\/www.czech-neuro.cz\/api\/wp\/v2\/media?parent=12322"}],"wp:term":[{"taxonomy":"category","embeddable":true,"href":"https:\/\/www.czech-neuro.cz\/api\/wp\/v2\/categories?post=12322"},{"taxonomy":"post_tag","embeddable":true,"href":"https:\/\/www.czech-neuro.cz\/api\/wp\/v2\/tags?post=12322"}],"curies":[{"name":"wp","href":"https:\/\/api.w.org\/{rel}","templated":true}]}}