{"id":12259,"date":"2022-02-28T15:23:51","date_gmt":"2022-02-28T14:23:51","guid":{"rendered":"https:\/\/www.czech-neuro.cz\/?p=12259"},"modified":"2022-03-01T13:48:43","modified_gmt":"2022-03-01T12:48:43","slug":"functional-neurological-disorder-society","status":"publish","type":"post","link":"https:\/\/www.czech-neuro.cz\/aktualita\/functional-neurological-disorder-society\/","title":{"rendered":"Functional Neurological Disorder Society"},"content":{"rendered":"<p>V\u00e1\u017een\u00e9 kolegyn\u011b, v\u00e1\u017een\u00ed kolegov\u00e9,<span><\/span><span><\/span><\/p>\n<p>Funk\u010dn\u00ed neurologick\u00e9 poruchy (FNP), tak\u00e9 ozna\u010dovan\u00e9 jako disociativn\u00ed (konverzn\u00ed) poruchy, p\u0159edstavuj\u00ed a\u017e 15% n\u00e1v\u0161t\u011bv neurologick\u00fdch ambulanc\u00ed a&nbsp;a\u017e 10% akutn\u00edch p\u0159\u00edjm\u016f iktov\u00fdch center.\u00a0 FNP jsou obvykle pova\u017eovan\u00e9 za obt\u00ed\u017en\u011b diagnostikovateln\u00e9 i&nbsp;l\u00e9\u010diteln\u00e9. Dostupnost specializovan\u00e9 p\u00e9\u010de je nedostate\u010dn\u00e1 a&nbsp;pacienti se \u010dasto ocitaj\u00ed se v&nbsp;\u0161ed\u00e9 z\u00f3n\u011b mezi psychiatri\u00ed a&nbsp;neurologi\u00ed. V\u00fdznamnou p\u0159ek\u00e1\u017ekou zlep\u0161en\u00ed p\u00e9\u010de o&nbsp;pacienty s&nbsp;FNP je i&nbsp;nedostate\u010dn\u00e9 pov\u011bdom\u00ed o&nbsp;pokroc\u00edch v&nbsp;porozum\u011bn\u00ed patofyziologii, stanoven\u00ed diagn\u00f3zy a&nbsp;l\u00e9\u010db\u011b zalo\u017een\u00e9 na v\u00fdsledc\u00edch randomizovan\u00fdch studi\u00ed.<\/p>\n<p><strong>Functional Neurological Disorder Society (FNDS)\u00a0<\/strong><a href=\"https:\/\/www.fndsociety.org\/\" target=\"_blank\" rel=\"noopener\">https:\/\/www.fndsociety.org\/ <\/a>\u00a0 je mezin\u00e1rodn\u00ed spole\u010dnost, sdru\u017euje odborn\u00edky r\u016fzn\u00fdch obor\u016f se z\u00e1jmem o&nbsp;FNP.\u00a0 C\u00edlem FNDS je \u0161\u00ed\u0159it informace o&nbsp;FNP prost\u0159ednictv\u00edm vlastn\u00edch akc\u00ed i&nbsp;spolupr\u00e1ce s&nbsp;ostatn\u00edmi odborn\u00fdmi organizacemi.\u00a0\u00a0<span><\/span><\/p>\n<p>\u010clenstv\u00ed zahrnuje voln\u00fd p\u0159\u00edstup k&nbsp;rozs\u00e1hl\u00e9mu archivu vysoce kvalitn\u00edch webin\u00e1\u0159\u016f p\u0159edn\u00edch odborn\u00edk\u016f v\u011bnovan\u00fdch zejm\u00e9na klinick\u00fdm t\u00e9mat\u016fm ve vztahu k&nbsp;FNP (<a href=\"https:\/\/www.fndsociety.org\/fnd-education\/past-webinar-topics).\" target=\"_blank\" rel=\"noopener\">https:\/\/www.fndsociety.org\/fnd-education\/past-webinar-topics).<\/a>\u00a0 \u00a0<span><\/span>Pro l\u00e9ka\u0159e ve specializa\u010dn\u00edm programu (trainees) je \u010dlenstv\u00ed na dobu jednoho roku <strong>zadarmo.<\/strong><\/p>\n<p><strong>MUDr. Tereza Serranov\u00e1, Ph.D.<br \/>\n<\/strong>\u010dlen Membership a&nbsp;Liaison Committee FNDS<br \/>\n<a href=\"mailto:tereza.serranova@vfn.cz\">tereza.serranova@vfn.cz<\/a><\/p>\n<p><a href=\"https:\/\/www.fndsociety.org\/membership\" target=\"_blank\" rel=\"noopener\" data-size=\"1978x2560\"><img loading=\"lazy\" decoding=\"async\" class=\"aligncenter wp-image-12326\" src=\"https:\/\/www.czech-neuro.cz\/content\/uploads\/2022\/02\/2a7b3575fa674d01a7a3375afd17c0b7-0001-232x300.jpg\" alt=\"\" width=\"521\" height=\"675\" srcset=\"https:\/\/www.czech-neuro.cz\/content\/uploads\/2022\/02\/2a7b3575fa674d01a7a3375afd17c0b7-0001-232x300.jpg 232w, https:\/\/www.czech-neuro.cz\/content\/uploads\/2022\/02\/2a7b3575fa674d01a7a3375afd17c0b7-0001-791x1024.jpg 791w, https:\/\/www.czech-neuro.cz\/content\/uploads\/2022\/02\/2a7b3575fa674d01a7a3375afd17c0b7-0001-768x994.jpg 768w, https:\/\/www.czech-neuro.cz\/content\/uploads\/2022\/02\/2a7b3575fa674d01a7a3375afd17c0b7-0001-1187x1536.jpg 1187w, https:\/\/www.czech-neuro.cz\/content\/uploads\/2022\/02\/2a7b3575fa674d01a7a3375afd17c0b7-0001-1583x2048.jpg 1583w, https:\/\/www.czech-neuro.cz\/content\/uploads\/2022\/02\/2a7b3575fa674d01a7a3375afd17c0b7-0001-60x78.jpg 60w, https:\/\/www.czech-neuro.cz\/content\/uploads\/2022\/02\/2a7b3575fa674d01a7a3375afd17c0b7-0001-scaled.jpg 1978w\" sizes=\"auto, (max-width: 521px) 100vw, 521px\" \/><\/a><\/p>\n<p>&nbsp;<\/p>\n<p>&nbsp;<\/p>\n","protected":false},"excerpt":{"rendered":"<p>V\u00e1\u017een\u00e9 kolegyn\u011b, v\u00e1\u017een\u00ed kolegov\u00e9, Funk\u010dn\u00ed neurologick\u00e9 poruchy (FNP), tak\u00e9 ozna\u010dovan\u00e9 jako disociativn\u00ed (konverzn\u00ed) poruchy, p\u0159edstavuj\u00ed a\u017e 15% n\u00e1v\u0161t\u011bv neurologick\u00fdch ambulanc\u00ed&#8230;<\/p>\n","protected":false},"author":23,"featured_media":12336,"comment_status":"closed","ping_status":"closed","sticky":false,"template":"","format":"standard","meta":{"_acf_changed":false,"_searchwp_excluded":"","kia_subtitle":""},"categories":[1],"tags":[],"class_list":["post-12259","post","type-post","status-publish","has-post-thumbnail","hentry","category-nezarazene"],"acf":[],"yoast_head":"<!-- This site is optimized with the Yoast SEO Premium plugin v26.2 (Yoast SEO v26.2) - https:\/\/yoast.com\/wordpress\/plugins\/seo\/ -->\n<title>Functional Neurological Disorder Society - \u010cesk\u00e1 neurologick\u00e1 spole\u010dnost<\/title>\n<meta name=\"robots\" content=\"index, follow, max-snippet:-1, max-image-preview:large, max-video-preview:-1\" \/>\n<link rel=\"canonical\" href=\"https:\/\/www.czech-neuro.cz\/aktualita\/functional-neurological-disorder-society\/\" \/>\n<meta property=\"og:locale\" content=\"cs_CZ\" \/>\n<meta property=\"og:type\" content=\"article\" \/>\n<meta property=\"og:title\" content=\"Functional Neurological Disorder Society\" \/>\n<meta property=\"og:description\" content=\"V\u00e1\u017een\u00e9 kolegyn\u011b, v\u00e1\u017een\u00ed kolegov\u00e9, Funk\u010dn\u00ed neurologick\u00e9 poruchy (FNP), tak\u00e9 ozna\u010dovan\u00e9 jako disociativn\u00ed (konverzn\u00ed) poruchy, p\u0159edstavuj\u00ed a\u017e 15% n\u00e1v\u0161t\u011bv neurologick\u00fdch ambulanc\u00ed...\" \/>\n<meta property=\"og:url\" content=\"https:\/\/www.czech-neuro.cz\/aktualita\/functional-neurological-disorder-society\/\" \/>\n<meta property=\"og:site_name\" content=\"\u010cesk\u00e1 neurologick\u00e1 spole\u010dnost\" \/>\n<meta property=\"article:published_time\" content=\"2022-02-28T14:23:51+00:00\" \/>\n<meta property=\"article:modified_time\" content=\"2022-03-01T12:48:43+00:00\" \/>\n<meta property=\"og:image\" content=\"https:\/\/www.czech-neuro.cz\/content\/uploads\/2022\/02\/fnds-logo.jpg\" \/>\n\t<meta property=\"og:image:width\" content=\"646\" \/>\n\t<meta property=\"og:image:height\" content=\"338\" \/>\n\t<meta property=\"og:image:type\" content=\"image\/jpeg\" \/>\n<meta name=\"author\" content=\"Sekretari\u00e1t \u010cNS\" \/>\n<meta name=\"twitter:card\" content=\"summary_large_image\" \/>\n<meta name=\"twitter:label1\" content=\"Napsal(a)\" \/>\n\t<meta name=\"twitter:data1\" content=\"Sekretari\u00e1t \u010cNS\" \/>\n\t<meta name=\"twitter:label2\" content=\"Odhadovan\u00e1 doba \u010dten\u00ed\" \/>\n\t<meta name=\"twitter:data2\" content=\"1 minuta\" \/>\n<script type=\"application\/ld+json\" class=\"yoast-schema-graph\">{\"@context\":\"https:\/\/schema.org\",\"@graph\":[{\"@type\":\"WebPage\",\"@id\":\"https:\/\/www.czech-neuro.cz\/aktualita\/functional-neurological-disorder-society\/\",\"url\":\"https:\/\/www.czech-neuro.cz\/aktualita\/functional-neurological-disorder-society\/\",\"name\":\"Functional Neurological Disorder Society - \u010cesk\u00e1 neurologick\u00e1 spole\u010dnost\",\"isPartOf\":{\"@id\":\"https:\/\/www.czech-neuro.cz\/#website\"},\"primaryImageOfPage\":{\"@id\":\"https:\/\/www.czech-neuro.cz\/aktualita\/functional-neurological-disorder-society\/#primaryimage\"},\"image\":{\"@id\":\"https:\/\/www.czech-neuro.cz\/aktualita\/functional-neurological-disorder-society\/#primaryimage\"},\"thumbnailUrl\":\"https:\/\/www.czech-neuro.cz\/content\/uploads\/2022\/02\/fnds-logo.jpg\",\"datePublished\":\"2022-02-28T14:23:51+00:00\",\"dateModified\":\"2022-03-01T12:48:43+00:00\",\"author\":{\"@id\":\"https:\/\/www.czech-neuro.cz\/#\/schema\/person\/af981b1d7fc38899fa48fdecaeb95264\"},\"breadcrumb\":{\"@id\":\"https:\/\/www.czech-neuro.cz\/aktualita\/functional-neurological-disorder-society\/#breadcrumb\"},\"inLanguage\":\"cs\",\"potentialAction\":[{\"@type\":\"ReadAction\",\"target\":[\"https:\/\/www.czech-neuro.cz\/aktualita\/functional-neurological-disorder-society\/\"]}]},{\"@type\":\"ImageObject\",\"inLanguage\":\"cs\",\"@id\":\"https:\/\/www.czech-neuro.cz\/aktualita\/functional-neurological-disorder-society\/#primaryimage\",\"url\":\"https:\/\/www.czech-neuro.cz\/content\/uploads\/2022\/02\/fnds-logo.jpg\",\"contentUrl\":\"https:\/\/www.czech-neuro.cz\/content\/uploads\/2022\/02\/fnds-logo.jpg\",\"width\":646,\"height\":338},{\"@type\":\"BreadcrumbList\",\"@id\":\"https:\/\/www.czech-neuro.cz\/aktualita\/functional-neurological-disorder-society\/#breadcrumb\",\"itemListElement\":[{\"@type\":\"ListItem\",\"position\":1,\"name\":\"Dom\u016f\",\"item\":\"https:\/\/www.czech-neuro.cz\/\"},{\"@type\":\"ListItem\",\"position\":2,\"name\":\"Functional Neurological Disorder Society\"}]},{\"@type\":\"WebSite\",\"@id\":\"https:\/\/www.czech-neuro.cz\/#website\",\"url\":\"https:\/\/www.czech-neuro.cz\/\",\"name\":\"\u010cesk\u00e1 neurologick\u00e1 spole\u010dnost\",\"description\":\"\u010cesk\u00e1 neurologick\u00e1 spole\u010dnost je odborn\u00e1 v\u011bdeck\u00e1 spole\u010dnost, jej\u00edm\u017e c\u00edlem je db\u00e1t o rozvoj neurologie jako v\u00fdznamn\u00e9 l\u00e9ka\u0159sk\u00e9 a v\u011bdeck\u00e9 discipliny v \u010cesk\u00e9 republice.\",\"potentialAction\":[{\"@type\":\"SearchAction\",\"target\":{\"@type\":\"EntryPoint\",\"urlTemplate\":\"https:\/\/www.czech-neuro.cz\/?s={search_term_string}\"},\"query-input\":{\"@type\":\"PropertyValueSpecification\",\"valueRequired\":true,\"valueName\":\"search_term_string\"}}],\"inLanguage\":\"cs\"},{\"@type\":\"Person\",\"@id\":\"https:\/\/www.czech-neuro.cz\/#\/schema\/person\/af981b1d7fc38899fa48fdecaeb95264\",\"name\":\"Sekretari\u00e1t \u010cNS\",\"image\":{\"@type\":\"ImageObject\",\"inLanguage\":\"cs\",\"@id\":\"https:\/\/www.czech-neuro.cz\/#\/schema\/person\/image\/\",\"url\":\"https:\/\/www.czech-neuro.cz\/content\/uploads\/ap_avatars\/edcaf9b0d68692e3915c31d046e10fb8.jpg\",\"contentUrl\":\"https:\/\/www.czech-neuro.cz\/content\/uploads\/ap_avatars\/edcaf9b0d68692e3915c31d046e10fb8.jpg\",\"caption\":\"Sekretari\u00e1t \u010cNS\"},\"url\":\"https:\/\/www.czech-neuro.cz\/aktualita\/autor\/janurkovaassociationhouse-cz\/\"}]}<\/script>\n<!-- \/ Yoast SEO Premium plugin. -->","yoast_head_json":{"title":"Functional Neurological Disorder Society - \u010cesk\u00e1 neurologick\u00e1 spole\u010dnost","robots":{"index":"index","follow":"follow","max-snippet":"max-snippet:-1","max-image-preview":"max-image-preview:large","max-video-preview":"max-video-preview:-1"},"canonical":"https:\/\/www.czech-neuro.cz\/aktualita\/functional-neurological-disorder-society\/","og_locale":"cs_CZ","og_type":"article","og_title":"Functional Neurological Disorder Society","og_description":"V\u00e1\u017een\u00e9 kolegyn\u011b, v\u00e1\u017een\u00ed kolegov\u00e9, Funk\u010dn\u00ed neurologick\u00e9 poruchy (FNP), tak\u00e9 ozna\u010dovan\u00e9 jako disociativn\u00ed (konverzn\u00ed) poruchy, p\u0159edstavuj\u00ed a\u017e 15% n\u00e1v\u0161t\u011bv neurologick\u00fdch ambulanc\u00ed...","og_url":"https:\/\/www.czech-neuro.cz\/aktualita\/functional-neurological-disorder-society\/","og_site_name":"\u010cesk\u00e1 neurologick\u00e1 spole\u010dnost","article_published_time":"2022-02-28T14:23:51+00:00","article_modified_time":"2022-03-01T12:48:43+00:00","og_image":[{"width":646,"height":338,"url":"https:\/\/www.czech-neuro.cz\/content\/uploads\/2022\/02\/fnds-logo.jpg","type":"image\/jpeg"}],"author":"Sekretari\u00e1t \u010cNS","twitter_card":"summary_large_image","twitter_misc":{"Napsal(a)":"Sekretari\u00e1t \u010cNS","Odhadovan\u00e1 doba \u010dten\u00ed":"1 minuta"},"schema":{"@context":"https:\/\/schema.org","@graph":[{"@type":"WebPage","@id":"https:\/\/www.czech-neuro.cz\/aktualita\/functional-neurological-disorder-society\/","url":"https:\/\/www.czech-neuro.cz\/aktualita\/functional-neurological-disorder-society\/","name":"Functional Neurological Disorder Society - \u010cesk\u00e1 neurologick\u00e1 spole\u010dnost","isPartOf":{"@id":"https:\/\/www.czech-neuro.cz\/#website"},"primaryImageOfPage":{"@id":"https:\/\/www.czech-neuro.cz\/aktualita\/functional-neurological-disorder-society\/#primaryimage"},"image":{"@id":"https:\/\/www.czech-neuro.cz\/aktualita\/functional-neurological-disorder-society\/#primaryimage"},"thumbnailUrl":"https:\/\/www.czech-neuro.cz\/content\/uploads\/2022\/02\/fnds-logo.jpg","datePublished":"2022-02-28T14:23:51+00:00","dateModified":"2022-03-01T12:48:43+00:00","author":{"@id":"https:\/\/www.czech-neuro.cz\/#\/schema\/person\/af981b1d7fc38899fa48fdecaeb95264"},"breadcrumb":{"@id":"https:\/\/www.czech-neuro.cz\/aktualita\/functional-neurological-disorder-society\/#breadcrumb"},"inLanguage":"cs","potentialAction":[{"@type":"ReadAction","target":["https:\/\/www.czech-neuro.cz\/aktualita\/functional-neurological-disorder-society\/"]}]},{"@type":"ImageObject","inLanguage":"cs","@id":"https:\/\/www.czech-neuro.cz\/aktualita\/functional-neurological-disorder-society\/#primaryimage","url":"https:\/\/www.czech-neuro.cz\/content\/uploads\/2022\/02\/fnds-logo.jpg","contentUrl":"https:\/\/www.czech-neuro.cz\/content\/uploads\/2022\/02\/fnds-logo.jpg","width":646,"height":338},{"@type":"BreadcrumbList","@id":"https:\/\/www.czech-neuro.cz\/aktualita\/functional-neurological-disorder-society\/#breadcrumb","itemListElement":[{"@type":"ListItem","position":1,"name":"Dom\u016f","item":"https:\/\/www.czech-neuro.cz\/"},{"@type":"ListItem","position":2,"name":"Functional Neurological Disorder Society"}]},{"@type":"WebSite","@id":"https:\/\/www.czech-neuro.cz\/#website","url":"https:\/\/www.czech-neuro.cz\/","name":"\u010cesk\u00e1 neurologick\u00e1 spole\u010dnost","description":"\u010cesk\u00e1 neurologick\u00e1 spole\u010dnost je odborn\u00e1 v\u011bdeck\u00e1 spole\u010dnost, jej\u00edm\u017e c\u00edlem je db\u00e1t o rozvoj neurologie jako v\u00fdznamn\u00e9 l\u00e9ka\u0159sk\u00e9 a v\u011bdeck\u00e9 discipliny v \u010cesk\u00e9 republice.","potentialAction":[{"@type":"SearchAction","target":{"@type":"EntryPoint","urlTemplate":"https:\/\/www.czech-neuro.cz\/?s={search_term_string}"},"query-input":{"@type":"PropertyValueSpecification","valueRequired":true,"valueName":"search_term_string"}}],"inLanguage":"cs"},{"@type":"Person","@id":"https:\/\/www.czech-neuro.cz\/#\/schema\/person\/af981b1d7fc38899fa48fdecaeb95264","name":"Sekretari\u00e1t \u010cNS","image":{"@type":"ImageObject","inLanguage":"cs","@id":"https:\/\/www.czech-neuro.cz\/#\/schema\/person\/image\/","url":"https:\/\/www.czech-neuro.cz\/content\/uploads\/ap_avatars\/edcaf9b0d68692e3915c31d046e10fb8.jpg","contentUrl":"https:\/\/www.czech-neuro.cz\/content\/uploads\/ap_avatars\/edcaf9b0d68692e3915c31d046e10fb8.jpg","caption":"Sekretari\u00e1t \u010cNS"},"url":"https:\/\/www.czech-neuro.cz\/aktualita\/autor\/janurkovaassociationhouse-cz\/"}]}},"lang":"cs","translations":{"cs":12259},"_links":{"self":[{"href":"https:\/\/www.czech-neuro.cz\/api\/wp\/v2\/posts\/12259","targetHints":{"allow":["GET"]}}],"collection":[{"href":"https:\/\/www.czech-neuro.cz\/api\/wp\/v2\/posts"}],"about":[{"href":"https:\/\/www.czech-neuro.cz\/api\/wp\/v2\/types\/post"}],"author":[{"embeddable":true,"href":"https:\/\/www.czech-neuro.cz\/api\/wp\/v2\/users\/23"}],"replies":[{"embeddable":true,"href":"https:\/\/www.czech-neuro.cz\/api\/wp\/v2\/comments?post=12259"}],"version-history":[{"count":0,"href":"https:\/\/www.czech-neuro.cz\/api\/wp\/v2\/posts\/12259\/revisions"}],"wp:featuredmedia":[{"embeddable":true,"href":"https:\/\/www.czech-neuro.cz\/api\/wp\/v2\/media\/12336"}],"wp:attachment":[{"href":"https:\/\/www.czech-neuro.cz\/api\/wp\/v2\/media?parent=12259"}],"wp:term":[{"taxonomy":"category","embeddable":true,"href":"https:\/\/www.czech-neuro.cz\/api\/wp\/v2\/categories?post=12259"},{"taxonomy":"post_tag","embeddable":true,"href":"https:\/\/www.czech-neuro.cz\/api\/wp\/v2\/tags?post=12259"}],"curies":[{"name":"wp","href":"https:\/\/api.w.org\/{rel}","templated":true}]}}