{"id":10943,"date":"2021-05-04T14:26:28","date_gmt":"2021-05-04T12:26:28","guid":{"rendered":"https:\/\/www.czech-neuro.cz\/?p=10943"},"modified":"2021-05-04T14:26:28","modified_gmt":"2021-05-04T12:26:28","slug":"grant-cns-cls-jep-ean-2021","status":"publish","type":"post","link":"https:\/\/www.czech-neuro.cz\/aktualita\/grant-cns-cls-jep-ean-2021\/","title":{"rendered":"Grant \u010cNS \u010cLS JEP &#8211; EAN 2021"},"content":{"rendered":"<h3>Grant \u010cNS\u00a0\u010cLS\u00a0JEP \u2013\u00a0 EAN 2021<\/h3>\n<p>\u010cesk\u00e9\u00a0neurologick\u00e1 spole\u010dnost\u00a0\u010cLS\u00a0JEP\u00a0vypisuje mo\u017enost z\u00edsk\u00e1n\u00ed grantu na podporu \u00fa\u010dasti mlad\u00fdch l\u00e9ka\u0159\u016f na\u00a07th Congress of the European Academy of Neurology,\u00a0kter\u00fd se kon\u00e1\u00a0virtu\u00e1ln\u011b 19.\u00a0\u2013 22.\u00a0\u010dervna 2021\u00a0<a href=\"https:\/\/www.ean.org\/congress2021\">https:\/\/www.ean.org\/congress2021<\/a>.<\/p>\n<p>V\u00fd\u0161e grantu\u00a05.000,-K\u010d<br \/>\nTerm\u00edn pro pod\u00e1n\u00ed\u00a0 \u017e\u00e1dost\u00ed\u00a031.\u00a05.\u00a02021.<\/p>\n<p>Tento grant bude poskytnut mlad\u00fdm l\u00e9ka\u0159\u016fm do 35 let, kte\u0159\u00ed se zaregistrovali a\u00a0zaslali sv\u016fj abstrakt na EAN 2021.<\/p>\n<p><span style=\"margin: 0px; padding: 0px; border-style: initial; border-color: initial; border-image-source: initial; border-image-slice: initial; border-image-outset: initial; border-image-repeat: initial; text-decoration: underline;\">Podm\u00ednkou pro \u017e\u00e1dost o\u00a0tento grant je:<\/span><\/p>\n<ul style=\"list-style-type: none;\">\n<li style=\"list-style-type: none;\">\u0158\u00e1dn\u00e9\u00a0\u010dlenstv\u00ed v\u00a0\u010cNS\u00a0\u010cLS\u00a0JEP\u00a0minim\u00e1ln\u011b od 1.\u00a01.\u00a02021<\/li>\n<li style=\"list-style-type: none;\">V\u011bk do 35 let v\u010detn\u011b<\/li>\n<li style=\"list-style-type: none;\">Akceptace abstraktu ze strany EAN<\/li>\n<\/ul>\n<p><span style=\"margin: 0px; padding: 0px; border-style: initial; border-color: initial; border-image-source: initial; border-image-slice: initial; border-image-outset: initial; border-image-repeat: initial; text-decoration: underline;\">A d\u00e1le zasl\u00e1n\u00ed t\u011bchto podklad\u016f:<\/span><\/p>\n<ul style=\"list-style-type: none;\">\n<li style=\"list-style-type: none;\">\u017d\u00e1dost\u00a0o\u00a0poskytnut\u00ed grantu\u00a0\u010cNS\u00a0v\u00a0\u010desk\u00e9m jazyce adresovan\u00e1 na v\u00fdbor\u00a0\u010cNS\u00a0do\u00a031.\u00a05.\u00a02021\u00a0na adresu sekretari\u00e1tu:\u00a0<a href=\"mailto:sekretariat@czech-neuro.cz\">sekretariat@czech-neuro.cz<\/a>\u00a0\u00a0s potvrzen\u00edm, \u017ee jsou spln\u011bna v\u00fd\u0161e uveden\u00e1 krit\u00e9ria.<\/li>\n<li style=\"list-style-type: none;\">Kopie abstraktu a\u00a0potvrzen\u00ed o\u00a0jeho akceptaci ze strany EAN.<\/li>\n<li style=\"list-style-type: none;\">\u010cestn\u00e9\u00a0prohl\u00e1\u0161en\u00ed \u017eadatele, \u017ee n\u00e1klady, kter\u00e9 jsou hrazeny z\u00a0grantu\u00a0\u010cNS, nejsou duplicitn\u011b hrazeny z\u00a0jin\u00fdch zdroj\u016f.<\/li>\n<\/ul>\n<p>\u017dadatel dostane potvrzen\u00ed p\u0159ijet\u00ed p\u0159ihl\u00e1\u0161ky od sekretari\u00e1tu v\u00fdboru. \u00a0Nestane-li se tak, je t\u0159eba potvrzen\u00ed urgovat. Bez obdr\u017een\u00ed tohoto potvrzen\u00ed je \u017e\u00e1dost neplatn\u00e1.<\/p>\n","protected":false},"excerpt":{"rendered":"<p>Grant \u010cNS\u00a0\u010cLS\u00a0JEP \u2013\u00a0 EAN 2021 \u010cesk\u00e9\u00a0neurologick\u00e1 spole\u010dnost\u00a0\u010cLS\u00a0JEP\u00a0vypisuje mo\u017enost z\u00edsk\u00e1n\u00ed grantu na podporu \u00fa\u010dasti mlad\u00fdch l\u00e9ka\u0159\u016f na\u00a07th Congress of the European&#8230;<\/p>\n","protected":false},"author":23,"featured_media":8174,"comment_status":"closed","ping_status":"closed","sticky":false,"template":"","format":"standard","meta":{"_acf_changed":false,"_searchwp_excluded":"","kia_subtitle":""},"categories":[1],"tags":[],"class_list":["post-10943","post","type-post","status-publish","has-post-thumbnail","hentry","category-nezarazene"],"acf":[],"yoast_head":"<!-- This site is optimized with the Yoast SEO Premium plugin v26.2 (Yoast SEO v26.2) - https:\/\/yoast.com\/wordpress\/plugins\/seo\/ -->\n<title>Grant \u010cNS \u010cLS JEP - EAN 2021 - \u010cesk\u00e1 neurologick\u00e1 spole\u010dnost<\/title>\n<meta name=\"robots\" content=\"index, follow, max-snippet:-1, max-image-preview:large, max-video-preview:-1\" \/>\n<link rel=\"canonical\" href=\"https:\/\/www.czech-neuro.cz\/aktualita\/grant-cns-cls-jep-ean-2021\/\" \/>\n<meta property=\"og:locale\" content=\"cs_CZ\" \/>\n<meta property=\"og:type\" content=\"article\" \/>\n<meta property=\"og:title\" content=\"Grant \u010cNS \u010cLS JEP - EAN 2021\" \/>\n<meta property=\"og:description\" content=\"Grant \u010cNS\u00a0\u010cLS\u00a0JEP \u2013\u00a0 EAN 2021 \u010cesk\u00e9\u00a0neurologick\u00e1 spole\u010dnost\u00a0\u010cLS\u00a0JEP\u00a0vypisuje mo\u017enost z\u00edsk\u00e1n\u00ed grantu na podporu \u00fa\u010dasti mlad\u00fdch l\u00e9ka\u0159\u016f na\u00a07th Congress of the European...\" \/>\n<meta property=\"og:url\" content=\"https:\/\/www.czech-neuro.cz\/aktualita\/grant-cns-cls-jep-ean-2021\/\" \/>\n<meta property=\"og:site_name\" content=\"\u010cesk\u00e1 neurologick\u00e1 spole\u010dnost\" \/>\n<meta property=\"article:published_time\" content=\"2021-05-04T12:26:28+00:00\" \/>\n<meta property=\"og:image\" content=\"https:\/\/www.czech-neuro.cz\/content\/uploads\/2019\/07\/cestovni-grant.jpg\" \/>\n\t<meta property=\"og:image:width\" content=\"3600\" \/>\n\t<meta property=\"og:image:height\" content=\"3000\" \/>\n\t<meta property=\"og:image:type\" content=\"image\/jpeg\" \/>\n<meta name=\"author\" content=\"Sekretari\u00e1t \u010cNS\" \/>\n<meta name=\"twitter:card\" content=\"summary_large_image\" \/>\n<meta name=\"twitter:label1\" content=\"Napsal(a)\" \/>\n\t<meta name=\"twitter:data1\" content=\"Sekretari\u00e1t \u010cNS\" \/>\n\t<meta name=\"twitter:label2\" content=\"Odhadovan\u00e1 doba \u010dten\u00ed\" \/>\n\t<meta name=\"twitter:data2\" content=\"1 minuta\" \/>\n<script type=\"application\/ld+json\" class=\"yoast-schema-graph\">{\"@context\":\"https:\/\/schema.org\",\"@graph\":[{\"@type\":\"WebPage\",\"@id\":\"https:\/\/www.czech-neuro.cz\/aktualita\/grant-cns-cls-jep-ean-2021\/\",\"url\":\"https:\/\/www.czech-neuro.cz\/aktualita\/grant-cns-cls-jep-ean-2021\/\",\"name\":\"Grant \u010cNS \u010cLS JEP - EAN 2021 - \u010cesk\u00e1 neurologick\u00e1 spole\u010dnost\",\"isPartOf\":{\"@id\":\"https:\/\/www.czech-neuro.cz\/#website\"},\"primaryImageOfPage\":{\"@id\":\"https:\/\/www.czech-neuro.cz\/aktualita\/grant-cns-cls-jep-ean-2021\/#primaryimage\"},\"image\":{\"@id\":\"https:\/\/www.czech-neuro.cz\/aktualita\/grant-cns-cls-jep-ean-2021\/#primaryimage\"},\"thumbnailUrl\":\"https:\/\/www.czech-neuro.cz\/content\/uploads\/2019\/07\/cestovni-grant.jpg\",\"datePublished\":\"2021-05-04T12:26:28+00:00\",\"author\":{\"@id\":\"https:\/\/www.czech-neuro.cz\/#\/schema\/person\/af981b1d7fc38899fa48fdecaeb95264\"},\"breadcrumb\":{\"@id\":\"https:\/\/www.czech-neuro.cz\/aktualita\/grant-cns-cls-jep-ean-2021\/#breadcrumb\"},\"inLanguage\":\"cs\",\"potentialAction\":[{\"@type\":\"ReadAction\",\"target\":[\"https:\/\/www.czech-neuro.cz\/aktualita\/grant-cns-cls-jep-ean-2021\/\"]}]},{\"@type\":\"ImageObject\",\"inLanguage\":\"cs\",\"@id\":\"https:\/\/www.czech-neuro.cz\/aktualita\/grant-cns-cls-jep-ean-2021\/#primaryimage\",\"url\":\"https:\/\/www.czech-neuro.cz\/content\/uploads\/2019\/07\/cestovni-grant.jpg\",\"contentUrl\":\"https:\/\/www.czech-neuro.cz\/content\/uploads\/2019\/07\/cestovni-grant.jpg\",\"width\":3600,\"height\":3000},{\"@type\":\"BreadcrumbList\",\"@id\":\"https:\/\/www.czech-neuro.cz\/aktualita\/grant-cns-cls-jep-ean-2021\/#breadcrumb\",\"itemListElement\":[{\"@type\":\"ListItem\",\"position\":1,\"name\":\"Dom\u016f\",\"item\":\"https:\/\/www.czech-neuro.cz\/\"},{\"@type\":\"ListItem\",\"position\":2,\"name\":\"Grant \u010cNS \u010cLS JEP &#8211; EAN 2021\"}]},{\"@type\":\"WebSite\",\"@id\":\"https:\/\/www.czech-neuro.cz\/#website\",\"url\":\"https:\/\/www.czech-neuro.cz\/\",\"name\":\"\u010cesk\u00e1 neurologick\u00e1 spole\u010dnost\",\"description\":\"\u010cesk\u00e1 neurologick\u00e1 spole\u010dnost je odborn\u00e1 v\u011bdeck\u00e1 spole\u010dnost, jej\u00edm\u017e c\u00edlem je db\u00e1t o rozvoj neurologie jako v\u00fdznamn\u00e9 l\u00e9ka\u0159sk\u00e9 a v\u011bdeck\u00e9 discipliny v \u010cesk\u00e9 republice.\",\"potentialAction\":[{\"@type\":\"SearchAction\",\"target\":{\"@type\":\"EntryPoint\",\"urlTemplate\":\"https:\/\/www.czech-neuro.cz\/?s={search_term_string}\"},\"query-input\":{\"@type\":\"PropertyValueSpecification\",\"valueRequired\":true,\"valueName\":\"search_term_string\"}}],\"inLanguage\":\"cs\"},{\"@type\":\"Person\",\"@id\":\"https:\/\/www.czech-neuro.cz\/#\/schema\/person\/af981b1d7fc38899fa48fdecaeb95264\",\"name\":\"Sekretari\u00e1t \u010cNS\",\"image\":{\"@type\":\"ImageObject\",\"inLanguage\":\"cs\",\"@id\":\"https:\/\/www.czech-neuro.cz\/#\/schema\/person\/image\/\",\"url\":\"https:\/\/www.czech-neuro.cz\/content\/uploads\/ap_avatars\/edcaf9b0d68692e3915c31d046e10fb8.jpg\",\"contentUrl\":\"https:\/\/www.czech-neuro.cz\/content\/uploads\/ap_avatars\/edcaf9b0d68692e3915c31d046e10fb8.jpg\",\"caption\":\"Sekretari\u00e1t \u010cNS\"},\"url\":\"https:\/\/www.czech-neuro.cz\/aktualita\/autor\/janurkovaassociationhouse-cz\/\"}]}<\/script>\n<!-- \/ Yoast SEO Premium plugin. -->","yoast_head_json":{"title":"Grant \u010cNS \u010cLS JEP - EAN 2021 - \u010cesk\u00e1 neurologick\u00e1 spole\u010dnost","robots":{"index":"index","follow":"follow","max-snippet":"max-snippet:-1","max-image-preview":"max-image-preview:large","max-video-preview":"max-video-preview:-1"},"canonical":"https:\/\/www.czech-neuro.cz\/aktualita\/grant-cns-cls-jep-ean-2021\/","og_locale":"cs_CZ","og_type":"article","og_title":"Grant \u010cNS \u010cLS JEP - EAN 2021","og_description":"Grant \u010cNS\u00a0\u010cLS\u00a0JEP \u2013\u00a0 EAN 2021 \u010cesk\u00e9\u00a0neurologick\u00e1 spole\u010dnost\u00a0\u010cLS\u00a0JEP\u00a0vypisuje mo\u017enost z\u00edsk\u00e1n\u00ed grantu na podporu \u00fa\u010dasti mlad\u00fdch l\u00e9ka\u0159\u016f na\u00a07th Congress of the European...","og_url":"https:\/\/www.czech-neuro.cz\/aktualita\/grant-cns-cls-jep-ean-2021\/","og_site_name":"\u010cesk\u00e1 neurologick\u00e1 spole\u010dnost","article_published_time":"2021-05-04T12:26:28+00:00","og_image":[{"width":3600,"height":3000,"url":"https:\/\/www.czech-neuro.cz\/content\/uploads\/2019\/07\/cestovni-grant.jpg","type":"image\/jpeg"}],"author":"Sekretari\u00e1t \u010cNS","twitter_card":"summary_large_image","twitter_misc":{"Napsal(a)":"Sekretari\u00e1t \u010cNS","Odhadovan\u00e1 doba \u010dten\u00ed":"1 minuta"},"schema":{"@context":"https:\/\/schema.org","@graph":[{"@type":"WebPage","@id":"https:\/\/www.czech-neuro.cz\/aktualita\/grant-cns-cls-jep-ean-2021\/","url":"https:\/\/www.czech-neuro.cz\/aktualita\/grant-cns-cls-jep-ean-2021\/","name":"Grant \u010cNS \u010cLS JEP - EAN 2021 - \u010cesk\u00e1 neurologick\u00e1 spole\u010dnost","isPartOf":{"@id":"https:\/\/www.czech-neuro.cz\/#website"},"primaryImageOfPage":{"@id":"https:\/\/www.czech-neuro.cz\/aktualita\/grant-cns-cls-jep-ean-2021\/#primaryimage"},"image":{"@id":"https:\/\/www.czech-neuro.cz\/aktualita\/grant-cns-cls-jep-ean-2021\/#primaryimage"},"thumbnailUrl":"https:\/\/www.czech-neuro.cz\/content\/uploads\/2019\/07\/cestovni-grant.jpg","datePublished":"2021-05-04T12:26:28+00:00","author":{"@id":"https:\/\/www.czech-neuro.cz\/#\/schema\/person\/af981b1d7fc38899fa48fdecaeb95264"},"breadcrumb":{"@id":"https:\/\/www.czech-neuro.cz\/aktualita\/grant-cns-cls-jep-ean-2021\/#breadcrumb"},"inLanguage":"cs","potentialAction":[{"@type":"ReadAction","target":["https:\/\/www.czech-neuro.cz\/aktualita\/grant-cns-cls-jep-ean-2021\/"]}]},{"@type":"ImageObject","inLanguage":"cs","@id":"https:\/\/www.czech-neuro.cz\/aktualita\/grant-cns-cls-jep-ean-2021\/#primaryimage","url":"https:\/\/www.czech-neuro.cz\/content\/uploads\/2019\/07\/cestovni-grant.jpg","contentUrl":"https:\/\/www.czech-neuro.cz\/content\/uploads\/2019\/07\/cestovni-grant.jpg","width":3600,"height":3000},{"@type":"BreadcrumbList","@id":"https:\/\/www.czech-neuro.cz\/aktualita\/grant-cns-cls-jep-ean-2021\/#breadcrumb","itemListElement":[{"@type":"ListItem","position":1,"name":"Dom\u016f","item":"https:\/\/www.czech-neuro.cz\/"},{"@type":"ListItem","position":2,"name":"Grant \u010cNS \u010cLS JEP &#8211; EAN 2021"}]},{"@type":"WebSite","@id":"https:\/\/www.czech-neuro.cz\/#website","url":"https:\/\/www.czech-neuro.cz\/","name":"\u010cesk\u00e1 neurologick\u00e1 spole\u010dnost","description":"\u010cesk\u00e1 neurologick\u00e1 spole\u010dnost je odborn\u00e1 v\u011bdeck\u00e1 spole\u010dnost, jej\u00edm\u017e c\u00edlem je db\u00e1t o rozvoj neurologie jako v\u00fdznamn\u00e9 l\u00e9ka\u0159sk\u00e9 a v\u011bdeck\u00e9 discipliny v \u010cesk\u00e9 republice.","potentialAction":[{"@type":"SearchAction","target":{"@type":"EntryPoint","urlTemplate":"https:\/\/www.czech-neuro.cz\/?s={search_term_string}"},"query-input":{"@type":"PropertyValueSpecification","valueRequired":true,"valueName":"search_term_string"}}],"inLanguage":"cs"},{"@type":"Person","@id":"https:\/\/www.czech-neuro.cz\/#\/schema\/person\/af981b1d7fc38899fa48fdecaeb95264","name":"Sekretari\u00e1t \u010cNS","image":{"@type":"ImageObject","inLanguage":"cs","@id":"https:\/\/www.czech-neuro.cz\/#\/schema\/person\/image\/","url":"https:\/\/www.czech-neuro.cz\/content\/uploads\/ap_avatars\/edcaf9b0d68692e3915c31d046e10fb8.jpg","contentUrl":"https:\/\/www.czech-neuro.cz\/content\/uploads\/ap_avatars\/edcaf9b0d68692e3915c31d046e10fb8.jpg","caption":"Sekretari\u00e1t \u010cNS"},"url":"https:\/\/www.czech-neuro.cz\/aktualita\/autor\/janurkovaassociationhouse-cz\/"}]}},"lang":"cs","translations":{"cs":10943},"_links":{"self":[{"href":"https:\/\/www.czech-neuro.cz\/api\/wp\/v2\/posts\/10943","targetHints":{"allow":["GET"]}}],"collection":[{"href":"https:\/\/www.czech-neuro.cz\/api\/wp\/v2\/posts"}],"about":[{"href":"https:\/\/www.czech-neuro.cz\/api\/wp\/v2\/types\/post"}],"author":[{"embeddable":true,"href":"https:\/\/www.czech-neuro.cz\/api\/wp\/v2\/users\/23"}],"replies":[{"embeddable":true,"href":"https:\/\/www.czech-neuro.cz\/api\/wp\/v2\/comments?post=10943"}],"version-history":[{"count":0,"href":"https:\/\/www.czech-neuro.cz\/api\/wp\/v2\/posts\/10943\/revisions"}],"wp:featuredmedia":[{"embeddable":true,"href":"https:\/\/www.czech-neuro.cz\/api\/wp\/v2\/media\/8174"}],"wp:attachment":[{"href":"https:\/\/www.czech-neuro.cz\/api\/wp\/v2\/media?parent=10943"}],"wp:term":[{"taxonomy":"category","embeddable":true,"href":"https:\/\/www.czech-neuro.cz\/api\/wp\/v2\/categories?post=10943"},{"taxonomy":"post_tag","embeddable":true,"href":"https:\/\/www.czech-neuro.cz\/api\/wp\/v2\/tags?post=10943"}],"curies":[{"name":"wp","href":"https:\/\/api.w.org\/{rel}","templated":true}]}}