{"id":10854,"date":"2021-03-12T16:45:49","date_gmt":"2021-03-12T15:45:49","guid":{"rendered":"https:\/\/www.czech-neuro.cz\/?p=10854"},"modified":"2021-03-29T16:47:09","modified_gmt":"2021-03-29T14:47:09","slug":"preskripce-quetiapinu-neurologem","status":"publish","type":"post","link":"https:\/\/www.czech-neuro.cz\/aktualita\/preskripce-quetiapinu-neurologem\/","title":{"rendered":"Preskripce quetiapinu neurologem"},"content":{"rendered":"<p>Upozor\u0148ujeme, \u017ee quetiapin m\u016f\u017ee p\u0159edepisovat neurolog pouze v&nbsp;p\u0159\u00edpad\u011b psychotick\u00fdch komplikac\u00ed v\u00fdhradn\u011b u&nbsp;Parkinsonovy nemoci. V&nbsp;takov\u00e9m p\u0159\u00edpad\u011b je nutn\u00e9 p\u0159i&nbsp;preskripci uv\u00e9st spr\u00e1vn\u011b \u010d\u00edslo diagn\u00f3zy (G20) a&nbsp;za\u0161krtnout \u201ezv\u00fd\u0161en\u00e1 \u00fahrada\u201c. V&nbsp;takov\u00e9m p\u0159\u00edpad\u011b lze p\u0159edepisovat nejen tablety po&nbsp;25 mg jako v&nbsp;minulosti, ale tak\u00e9 tablety po&nbsp;100 mg. U&nbsp;jin\u00fdch diagn\u00f3z neurolog m\u016f\u017ee quetiapin p\u0159edepisovat pouze v&nbsp;p\u0159\u00edpad\u011b delegovan\u00e9 preskripce, tzn.&nbsp;\u017ee o&nbsp;jeho nasazen\u00ed u&nbsp;konkr\u00e9tn\u00edho pacienta rozhodl psychiatr, kter\u00fd to v\u00fdslovn\u011b uvedl do zpr\u00e1vy. V&nbsp;takov\u00e9m p\u0159\u00edpad\u011b se \u010d\u00edslo diagn\u00f3zy ani zv\u00fd\u0161en\u00e1 \u00fahrada neuv\u00e1d\u00ed. Tato praxe byla dohodnuta na jedn\u00e1n\u00ed mezi \u010cNS a&nbsp;S\u00daKL dne 20.1.2021 a&nbsp;plat\u00ed do p\u0159\u00ed\u0161t\u00ed revize \u00fahrad quetiapinu. V&nbsp;p\u0159\u00edpad\u011b koliz\u00ed s&nbsp;poji\u0161\u0165ovnami informujte v\u00fdbor \u010cNS.<\/p>\n<p>&nbsp;<\/p>\n","protected":false},"excerpt":{"rendered":"<p>Upozor\u0148ujeme, \u017ee quetiapin m\u016f\u017ee p\u0159edepisovat neurolog pouze v&nbsp;p\u0159\u00edpad\u011b psychotick\u00fdch komplikac\u00ed v\u00fdhradn\u011b u&nbsp;Parkinsonovy nemoci. V&nbsp;takov\u00e9m p\u0159\u00edpad\u011b je nutn\u00e9 p\u0159i&nbsp;preskripci uv\u00e9st spr\u00e1vn\u011b&#8230;<\/p>\n","protected":false},"author":23,"featured_media":9453,"comment_status":"closed","ping_status":"closed","sticky":false,"template":"","format":"standard","meta":{"_acf_changed":false,"_searchwp_excluded":"","kia_subtitle":""},"categories":[1],"tags":[],"class_list":["post-10854","post","type-post","status-publish","has-post-thumbnail","hentry","category-nezarazene"],"acf":[],"yoast_head":"<!-- This site is optimized with the Yoast SEO Premium plugin v26.2 (Yoast SEO v26.2) - https:\/\/yoast.com\/wordpress\/plugins\/seo\/ -->\n<title>Preskripce quetiapinu neurologem - \u010cesk\u00e1 neurologick\u00e1 spole\u010dnost<\/title>\n<meta name=\"robots\" content=\"index, follow, max-snippet:-1, max-image-preview:large, max-video-preview:-1\" \/>\n<link rel=\"canonical\" href=\"https:\/\/www.czech-neuro.cz\/aktualita\/preskripce-quetiapinu-neurologem\/\" \/>\n<meta property=\"og:locale\" content=\"cs_CZ\" \/>\n<meta property=\"og:type\" content=\"article\" \/>\n<meta property=\"og:title\" content=\"Preskripce quetiapinu neurologem\" \/>\n<meta property=\"og:description\" content=\"Upozor\u0148ujeme, \u017ee quetiapin m\u016f\u017ee p\u0159edepisovat neurolog pouze v&nbsp;p\u0159\u00edpad\u011b psychotick\u00fdch komplikac\u00ed v\u00fdhradn\u011b u&nbsp;Parkinsonovy nemoci. V&nbsp;takov\u00e9m p\u0159\u00edpad\u011b je nutn\u00e9 p\u0159i&nbsp;preskripci uv\u00e9st spr\u00e1vn\u011b...\" \/>\n<meta property=\"og:url\" content=\"https:\/\/www.czech-neuro.cz\/aktualita\/preskripce-quetiapinu-neurologem\/\" \/>\n<meta property=\"og:site_name\" content=\"\u010cesk\u00e1 neurologick\u00e1 spole\u010dnost\" \/>\n<meta property=\"article:published_time\" content=\"2021-03-12T15:45:49+00:00\" \/>\n<meta property=\"article:modified_time\" content=\"2021-03-29T14:47:09+00:00\" \/>\n<meta property=\"og:image\" content=\"https:\/\/www.czech-neuro.cz\/content\/uploads\/2020\/06\/exclamation-point-507768_1920.png\" \/>\n\t<meta property=\"og:image:width\" content=\"1920\" \/>\n\t<meta property=\"og:image:height\" content=\"1920\" \/>\n\t<meta property=\"og:image:type\" content=\"image\/png\" \/>\n<meta name=\"author\" content=\"Sekretari\u00e1t \u010cNS\" \/>\n<meta name=\"twitter:card\" content=\"summary_large_image\" \/>\n<meta name=\"twitter:label1\" content=\"Napsal(a)\" \/>\n\t<meta name=\"twitter:data1\" content=\"Sekretari\u00e1t \u010cNS\" \/>\n\t<meta name=\"twitter:label2\" content=\"Odhadovan\u00e1 doba \u010dten\u00ed\" \/>\n\t<meta name=\"twitter:data2\" content=\"1 minuta\" \/>\n<script type=\"application\/ld+json\" class=\"yoast-schema-graph\">{\"@context\":\"https:\/\/schema.org\",\"@graph\":[{\"@type\":\"WebPage\",\"@id\":\"https:\/\/www.czech-neuro.cz\/aktualita\/preskripce-quetiapinu-neurologem\/\",\"url\":\"https:\/\/www.czech-neuro.cz\/aktualita\/preskripce-quetiapinu-neurologem\/\",\"name\":\"Preskripce quetiapinu neurologem - \u010cesk\u00e1 neurologick\u00e1 spole\u010dnost\",\"isPartOf\":{\"@id\":\"https:\/\/www.czech-neuro.cz\/#website\"},\"primaryImageOfPage\":{\"@id\":\"https:\/\/www.czech-neuro.cz\/aktualita\/preskripce-quetiapinu-neurologem\/#primaryimage\"},\"image\":{\"@id\":\"https:\/\/www.czech-neuro.cz\/aktualita\/preskripce-quetiapinu-neurologem\/#primaryimage\"},\"thumbnailUrl\":\"https:\/\/www.czech-neuro.cz\/content\/uploads\/2020\/06\/exclamation-point-507768_1920.png\",\"datePublished\":\"2021-03-12T15:45:49+00:00\",\"dateModified\":\"2021-03-29T14:47:09+00:00\",\"author\":{\"@id\":\"https:\/\/www.czech-neuro.cz\/#\/schema\/person\/af981b1d7fc38899fa48fdecaeb95264\"},\"breadcrumb\":{\"@id\":\"https:\/\/www.czech-neuro.cz\/aktualita\/preskripce-quetiapinu-neurologem\/#breadcrumb\"},\"inLanguage\":\"cs\",\"potentialAction\":[{\"@type\":\"ReadAction\",\"target\":[\"https:\/\/www.czech-neuro.cz\/aktualita\/preskripce-quetiapinu-neurologem\/\"]}]},{\"@type\":\"ImageObject\",\"inLanguage\":\"cs\",\"@id\":\"https:\/\/www.czech-neuro.cz\/aktualita\/preskripce-quetiapinu-neurologem\/#primaryimage\",\"url\":\"https:\/\/www.czech-neuro.cz\/content\/uploads\/2020\/06\/exclamation-point-507768_1920.png\",\"contentUrl\":\"https:\/\/www.czech-neuro.cz\/content\/uploads\/2020\/06\/exclamation-point-507768_1920.png\",\"width\":1920,\"height\":1920},{\"@type\":\"BreadcrumbList\",\"@id\":\"https:\/\/www.czech-neuro.cz\/aktualita\/preskripce-quetiapinu-neurologem\/#breadcrumb\",\"itemListElement\":[{\"@type\":\"ListItem\",\"position\":1,\"name\":\"Dom\u016f\",\"item\":\"https:\/\/www.czech-neuro.cz\/\"},{\"@type\":\"ListItem\",\"position\":2,\"name\":\"Preskripce quetiapinu neurologem\"}]},{\"@type\":\"WebSite\",\"@id\":\"https:\/\/www.czech-neuro.cz\/#website\",\"url\":\"https:\/\/www.czech-neuro.cz\/\",\"name\":\"\u010cesk\u00e1 neurologick\u00e1 spole\u010dnost\",\"description\":\"\u010cesk\u00e1 neurologick\u00e1 spole\u010dnost je odborn\u00e1 v\u011bdeck\u00e1 spole\u010dnost, jej\u00edm\u017e c\u00edlem je db\u00e1t o rozvoj neurologie jako v\u00fdznamn\u00e9 l\u00e9ka\u0159sk\u00e9 a v\u011bdeck\u00e9 discipliny v \u010cesk\u00e9 republice.\",\"potentialAction\":[{\"@type\":\"SearchAction\",\"target\":{\"@type\":\"EntryPoint\",\"urlTemplate\":\"https:\/\/www.czech-neuro.cz\/?s={search_term_string}\"},\"query-input\":{\"@type\":\"PropertyValueSpecification\",\"valueRequired\":true,\"valueName\":\"search_term_string\"}}],\"inLanguage\":\"cs\"},{\"@type\":\"Person\",\"@id\":\"https:\/\/www.czech-neuro.cz\/#\/schema\/person\/af981b1d7fc38899fa48fdecaeb95264\",\"name\":\"Sekretari\u00e1t \u010cNS\",\"image\":{\"@type\":\"ImageObject\",\"inLanguage\":\"cs\",\"@id\":\"https:\/\/www.czech-neuro.cz\/#\/schema\/person\/image\/\",\"url\":\"https:\/\/www.czech-neuro.cz\/content\/uploads\/ap_avatars\/edcaf9b0d68692e3915c31d046e10fb8.jpg\",\"contentUrl\":\"https:\/\/www.czech-neuro.cz\/content\/uploads\/ap_avatars\/edcaf9b0d68692e3915c31d046e10fb8.jpg\",\"caption\":\"Sekretari\u00e1t \u010cNS\"},\"url\":\"https:\/\/www.czech-neuro.cz\/aktualita\/autor\/janurkovaassociationhouse-cz\/\"}]}<\/script>\n<!-- \/ Yoast SEO Premium plugin. -->","yoast_head_json":{"title":"Preskripce quetiapinu neurologem - \u010cesk\u00e1 neurologick\u00e1 spole\u010dnost","robots":{"index":"index","follow":"follow","max-snippet":"max-snippet:-1","max-image-preview":"max-image-preview:large","max-video-preview":"max-video-preview:-1"},"canonical":"https:\/\/www.czech-neuro.cz\/aktualita\/preskripce-quetiapinu-neurologem\/","og_locale":"cs_CZ","og_type":"article","og_title":"Preskripce quetiapinu neurologem","og_description":"Upozor\u0148ujeme, \u017ee quetiapin m\u016f\u017ee p\u0159edepisovat neurolog pouze v&nbsp;p\u0159\u00edpad\u011b psychotick\u00fdch komplikac\u00ed v\u00fdhradn\u011b u&nbsp;Parkinsonovy nemoci. V&nbsp;takov\u00e9m p\u0159\u00edpad\u011b je nutn\u00e9 p\u0159i&nbsp;preskripci uv\u00e9st spr\u00e1vn\u011b...","og_url":"https:\/\/www.czech-neuro.cz\/aktualita\/preskripce-quetiapinu-neurologem\/","og_site_name":"\u010cesk\u00e1 neurologick\u00e1 spole\u010dnost","article_published_time":"2021-03-12T15:45:49+00:00","article_modified_time":"2021-03-29T14:47:09+00:00","og_image":[{"width":1920,"height":1920,"url":"https:\/\/www.czech-neuro.cz\/content\/uploads\/2020\/06\/exclamation-point-507768_1920.png","type":"image\/png"}],"author":"Sekretari\u00e1t \u010cNS","twitter_card":"summary_large_image","twitter_misc":{"Napsal(a)":"Sekretari\u00e1t \u010cNS","Odhadovan\u00e1 doba \u010dten\u00ed":"1 minuta"},"schema":{"@context":"https:\/\/schema.org","@graph":[{"@type":"WebPage","@id":"https:\/\/www.czech-neuro.cz\/aktualita\/preskripce-quetiapinu-neurologem\/","url":"https:\/\/www.czech-neuro.cz\/aktualita\/preskripce-quetiapinu-neurologem\/","name":"Preskripce quetiapinu neurologem - \u010cesk\u00e1 neurologick\u00e1 spole\u010dnost","isPartOf":{"@id":"https:\/\/www.czech-neuro.cz\/#website"},"primaryImageOfPage":{"@id":"https:\/\/www.czech-neuro.cz\/aktualita\/preskripce-quetiapinu-neurologem\/#primaryimage"},"image":{"@id":"https:\/\/www.czech-neuro.cz\/aktualita\/preskripce-quetiapinu-neurologem\/#primaryimage"},"thumbnailUrl":"https:\/\/www.czech-neuro.cz\/content\/uploads\/2020\/06\/exclamation-point-507768_1920.png","datePublished":"2021-03-12T15:45:49+00:00","dateModified":"2021-03-29T14:47:09+00:00","author":{"@id":"https:\/\/www.czech-neuro.cz\/#\/schema\/person\/af981b1d7fc38899fa48fdecaeb95264"},"breadcrumb":{"@id":"https:\/\/www.czech-neuro.cz\/aktualita\/preskripce-quetiapinu-neurologem\/#breadcrumb"},"inLanguage":"cs","potentialAction":[{"@type":"ReadAction","target":["https:\/\/www.czech-neuro.cz\/aktualita\/preskripce-quetiapinu-neurologem\/"]}]},{"@type":"ImageObject","inLanguage":"cs","@id":"https:\/\/www.czech-neuro.cz\/aktualita\/preskripce-quetiapinu-neurologem\/#primaryimage","url":"https:\/\/www.czech-neuro.cz\/content\/uploads\/2020\/06\/exclamation-point-507768_1920.png","contentUrl":"https:\/\/www.czech-neuro.cz\/content\/uploads\/2020\/06\/exclamation-point-507768_1920.png","width":1920,"height":1920},{"@type":"BreadcrumbList","@id":"https:\/\/www.czech-neuro.cz\/aktualita\/preskripce-quetiapinu-neurologem\/#breadcrumb","itemListElement":[{"@type":"ListItem","position":1,"name":"Dom\u016f","item":"https:\/\/www.czech-neuro.cz\/"},{"@type":"ListItem","position":2,"name":"Preskripce quetiapinu neurologem"}]},{"@type":"WebSite","@id":"https:\/\/www.czech-neuro.cz\/#website","url":"https:\/\/www.czech-neuro.cz\/","name":"\u010cesk\u00e1 neurologick\u00e1 spole\u010dnost","description":"\u010cesk\u00e1 neurologick\u00e1 spole\u010dnost je odborn\u00e1 v\u011bdeck\u00e1 spole\u010dnost, jej\u00edm\u017e c\u00edlem je db\u00e1t o rozvoj neurologie jako v\u00fdznamn\u00e9 l\u00e9ka\u0159sk\u00e9 a v\u011bdeck\u00e9 discipliny v \u010cesk\u00e9 republice.","potentialAction":[{"@type":"SearchAction","target":{"@type":"EntryPoint","urlTemplate":"https:\/\/www.czech-neuro.cz\/?s={search_term_string}"},"query-input":{"@type":"PropertyValueSpecification","valueRequired":true,"valueName":"search_term_string"}}],"inLanguage":"cs"},{"@type":"Person","@id":"https:\/\/www.czech-neuro.cz\/#\/schema\/person\/af981b1d7fc38899fa48fdecaeb95264","name":"Sekretari\u00e1t \u010cNS","image":{"@type":"ImageObject","inLanguage":"cs","@id":"https:\/\/www.czech-neuro.cz\/#\/schema\/person\/image\/","url":"https:\/\/www.czech-neuro.cz\/content\/uploads\/ap_avatars\/edcaf9b0d68692e3915c31d046e10fb8.jpg","contentUrl":"https:\/\/www.czech-neuro.cz\/content\/uploads\/ap_avatars\/edcaf9b0d68692e3915c31d046e10fb8.jpg","caption":"Sekretari\u00e1t \u010cNS"},"url":"https:\/\/www.czech-neuro.cz\/aktualita\/autor\/janurkovaassociationhouse-cz\/"}]}},"lang":"cs","translations":{"cs":10854},"_links":{"self":[{"href":"https:\/\/www.czech-neuro.cz\/api\/wp\/v2\/posts\/10854","targetHints":{"allow":["GET"]}}],"collection":[{"href":"https:\/\/www.czech-neuro.cz\/api\/wp\/v2\/posts"}],"about":[{"href":"https:\/\/www.czech-neuro.cz\/api\/wp\/v2\/types\/post"}],"author":[{"embeddable":true,"href":"https:\/\/www.czech-neuro.cz\/api\/wp\/v2\/users\/23"}],"replies":[{"embeddable":true,"href":"https:\/\/www.czech-neuro.cz\/api\/wp\/v2\/comments?post=10854"}],"version-history":[{"count":0,"href":"https:\/\/www.czech-neuro.cz\/api\/wp\/v2\/posts\/10854\/revisions"}],"wp:featuredmedia":[{"embeddable":true,"href":"https:\/\/www.czech-neuro.cz\/api\/wp\/v2\/media\/9453"}],"wp:attachment":[{"href":"https:\/\/www.czech-neuro.cz\/api\/wp\/v2\/media?parent=10854"}],"wp:term":[{"taxonomy":"category","embeddable":true,"href":"https:\/\/www.czech-neuro.cz\/api\/wp\/v2\/categories?post=10854"},{"taxonomy":"post_tag","embeddable":true,"href":"https:\/\/www.czech-neuro.cz\/api\/wp\/v2\/tags?post=10854"}],"curies":[{"name":"wp","href":"https:\/\/api.w.org\/{rel}","templated":true}]}}