{"id":10446,"date":"2020-12-10T09:53:40","date_gmt":"2020-12-10T08:53:40","guid":{"rendered":"https:\/\/www.czech-neuro.cz\/?p=10446"},"modified":"2021-01-21T14:51:46","modified_gmt":"2021-01-21T13:51:46","slug":"2021-webinars-on-rare-neurological-diseases-ern-rnd-ean-euro-nmd","status":"publish","type":"post","link":"https:\/\/www.czech-neuro.cz\/aktualita\/2021-webinars-on-rare-neurological-diseases-ern-rnd-ean-euro-nmd\/","title":{"rendered":"2021 webinars on rare neurological diseases &#8211; ERN-RND, EAN, EURO-NMD"},"content":{"rendered":"<p>On behalf of the <a href=\"https:\/\/eur05.safelinks.protection.outlook.com\/?url=http%3A%2F%2Fwww.ern-rnd.eu%2F&amp;data=04%7C01%7Cbednarik.josef%40fnbrno.cz%7Cb260cbe4002048869cc208d89b858d7d%7C8c693e53696440129e3d09d72ea763b1%7C0%7C1%7C637430346505681059%7CUnknown%7CTWFpbGZsb3d8eyJWIjoiMC4wLjAwMDAiLCJQIjoiV2luMzIiLCJBTiI6Ik1haWwiLCJXVCI6Mn0%3D%7C2000&amp;sdata=hgzhX5SpV5%2BrR5%2FuZxiBHXBlFjzSf0%2F0ODVKm505kDU%3D&amp;reserved=0\">European Reference Network for Rare Neurological Diseases (ERN-RND)<\/a> , we would like to inform you about <b>our new 2021 programme of educational and free webinars in collaboration with ERN EuroNMD and the European Academy of Neurology (EAN)<\/b>.<\/p>\n<ul>\n<li>26 January 2021 | <b>Manage Progressive Supranuclear Palsy \u2013 Update on Diagnostics, Biomarkers and Therapies<\/b> by G\u00fcnter H\u00f6glinger, Medical University Hannover, Germany. SIGN UP <a href=\"https:\/\/us02web.zoom.us\/webinar\/register\/2416057810540\/WN_1XyHg1edSmi1Bl36HIlssA\">here<\/a>.<\/li>\n<li>2 February 2021 |<b> Genetic dystonia and treatment<\/b> by Sylvia Boesch, Medical University of Innsbruck, Austria. SIGN UP <a href=\"https:\/\/us02web.zoom.us\/webinar\/register\/9016057818424\/WN_qQYmDbsqRDq9cdKT19FzBQ\">here<\/a>.<\/li>\n<li>9 February 2021 | <b>Rare Disease Natural History Studies: Experience from the GNAO1 Natural History study in a&nbsp;pre and postpandemic world<\/b> by Amy R. Viehoever, Washington University, Saint Louis, USA. SIGN UP <a href=\"https:\/\/us02web.zoom.us\/webinar\/register\/6016058658876\/WN_5m0uEQnmRo-1H8tApfxEVA\">here<\/a>.<\/li>\n<li>23 February 2021 | <b>Introduction to rare neurological diseases, Rare Disease Day<\/b> <b>2021<\/b> by Holm Graessner, Donna Walsh, Sophie Bernichtein, Tobias Mentzel, Judit Molnar. SIGN UP <a href=\"https:\/\/us02web.zoom.us\/webinar\/register\/8816106210036\/WN_v_MABb_nTLuRyCCbWWoC7Q\">here<\/a>.<\/li>\n<li>9 March 2021 | <b>Myoclonus dystonia (paediatric focus) <\/b>by Bel\u00e9n P\u00e9rez Due\u00f1as, Vall d&#8217;Hebron University Hospital, Barcelona, Spain. SIGN UP <a href=\"https:\/\/us02web.zoom.us\/webinar\/register\/4216106189684\/WN_lGUBp5KWTRKECsR7rGn09Q\">here<\/a><i>.<\/i><\/li>\n<li>23 March 2021 | <b>Frontotemporal dementia (TBD)<\/b> by Harro Seelaar, Erasmus Medical Center Rotterdam, the Netherlands. <i>Sign up link available soon.<\/i><\/li>\n<li>13 April 2021 | <b>MR Biomarkers in Spinocerebellar Ataxias<\/b> by G\u00fclin \u00d6z, University of Minnesota, Minneapolis, USA. SIGN UP <a href=\"https:\/\/us02web.zoom.us\/webinar\/register\/8916057828686\/WN_fVUUfcorSc2p68cgpPOXXQ\">here<\/a>.<\/li>\n<li>20 April 2021 | <b>Approach to the patient with non-HD chorea<\/b> by Ruth Walker, Mount Sinai School of Medicine, NY, USA. SIGN UP <a href=\"https:\/\/us02web.zoom.us\/webinar\/register\/5216057836899\/WN_6TjKOvSIQpW3NO-T1MOxLw\">here<\/a>.<\/li>\n<li>4 May 2021 | <b>Better Conversations -Communication Partner Training for language led dementias<\/b> by Anna Volkmer, University College London, UK. SIGN UP <a href=\"https:\/\/us02web.zoom.us\/webinar\/register\/8516057844850\/WN_-eGTScJWRBiAmhUGJv-psA\">here<\/a>.<\/li>\n<li>18 May 2021 | <b>Benign hereditary choreas (paediatric focus)<\/b> by Kathryn Peall, Cardiff University, UK. SIGN UP <a href=\"https:\/\/us02web.zoom.us\/webinar\/register\/7216057853436\/WN_Kji-JjcwTLOWD-GUzpqIxA\">here<\/a>.<\/li>\n<li>8 June 2021 | <b>MRI pattern recognition in leukodystrophies (paediatric focus)<\/b> by Nicole Wolf, Amsterdam University Medical Centres, the Netherlands. SIGN UP <a href=\"https:\/\/us02web.zoom.us\/webinar\/register\/3616105370841\/WN_eq5r9X1dRECLAh-TQbrTOg\">here<\/a>.<\/li>\n<li>15 June 2021 | <b>Update Metachromatic Leukodystrophy (paediatric focus)<\/b> by Samuel Gr\u00f6schel &amp; Ingeborg Kr\u00e4geloh-Mann, University Hospital T\u00fcbingen, Germany. SIGN UP <a href=\"https:\/\/us02web.zoom.us\/webinar\/register\/1316057865194\/WN_AsjEw0s7TRKp4grfpaUXBg\">here<\/a>.<\/li>\n<li>6 July 2021 | <b>Speech as a&nbsp;biomarker in ataxia: What can it tell us and how should we use it?<\/b> by Adam Vogel, University of Melbourne, Australia. SIGN UP <a href=\"https:\/\/us02web.zoom.us\/webinar\/register\/8116058671859\/WN_PymMlSfcTZiaCUdfzwoqZA\">here<\/a>.<\/li>\n<li>26 October 2021 | P<b>elizaeus-Merzbacher disease and related disorders (paediatric focus) <\/b>by Nicole Wolf, Amsterdam University Medical Centres, the Netherlands. SIGN UP <a href=\"https:\/\/us02web.zoom.us\/webinar\/register\/9516105384620\/WN_YUMjvBklTXKTmJFDpcEC2w\">here<\/a>.<\/li>\n<li>9 November 2021 | <b>Clinical Outcome Assessments in Ataxias<\/b> by Thomas Klockgether, University Hospital Bonn, Germany. SIGN UP <a href=\"https:\/\/us02web.zoom.us\/webinar\/register\/9116058685625\/WN_e58u06JpRKKW82JKokwFxQ\">here<\/a>.<\/li>\n<li><\/li>\n<\/ul>\n<p>More information about the webinars can be found here: <a href=\"https:\/\/eur05.safelinks.protection.outlook.com\/?url=http%3A%2F%2Fwww.ern-rnd.eu%2Feducation-training%2Fwebinars%2F&amp;data=04%7C01%7Cbednarik.josef%40fnbrno.cz%7Cb260cbe4002048869cc208d89b858d7d%7C8c693e53696440129e3d09d72ea763b1%7C0%7C1%7C637430346505730832%7CUnknown%7CTWFpbGZsb3d8eyJWIjoiMC4wLjAwMDAiLCJQIjoiV2luMzIiLCJBTiI6Ik1haWwiLCJXVCI6Mn0%3D%7C2000&amp;sdata=8%2FdGTOdumNpdzdJkvDuMnzMCu3cvv6Di1iTJ3sBWEt8%3D&amp;reserved=0\">http:\/\/www.ern-rnd.eu\/education-training\/webinars\/<\/a><\/p>\n","protected":false},"excerpt":{"rendered":"<p>On behalf of the European Reference Network for Rare Neurological Diseases (ERN-RND) , we would like to inform you about&#8230;<\/p>\n","protected":false},"author":23,"featured_media":10447,"comment_status":"closed","ping_status":"closed","sticky":false,"template":"","format":"standard","meta":{"_acf_changed":false,"_searchwp_excluded":"","kia_subtitle":""},"categories":[1],"tags":[],"class_list":["post-10446","post","type-post","status-publish","has-post-thumbnail","hentry","category-nezarazene"],"acf":[],"yoast_head":"<!-- This site is optimized with the Yoast SEO Premium plugin v26.2 (Yoast SEO v26.2) - https:\/\/yoast.com\/wordpress\/plugins\/seo\/ -->\n<title>2021 webinars on rare neurological diseases - ERN-RND, EAN, EURO-NMD - \u010cesk\u00e1 neurologick\u00e1 spole\u010dnost<\/title>\n<meta name=\"robots\" content=\"index, follow, max-snippet:-1, max-image-preview:large, max-video-preview:-1\" \/>\n<link rel=\"canonical\" href=\"https:\/\/www.czech-neuro.cz\/aktualita\/2021-webinars-on-rare-neurological-diseases-ern-rnd-ean-euro-nmd\/\" \/>\n<meta property=\"og:locale\" content=\"cs_CZ\" \/>\n<meta property=\"og:type\" content=\"article\" \/>\n<meta property=\"og:title\" content=\"2021 webinars on rare neurological diseases - ERN-RND, EAN, EURO-NMD\" \/>\n<meta property=\"og:description\" content=\"On behalf of the European Reference Network for Rare Neurological Diseases (ERN-RND) , we would like to inform you about...\" \/>\n<meta property=\"og:url\" content=\"https:\/\/www.czech-neuro.cz\/aktualita\/2021-webinars-on-rare-neurological-diseases-ern-rnd-ean-euro-nmd\/\" \/>\n<meta property=\"og:site_name\" content=\"\u010cesk\u00e1 neurologick\u00e1 spole\u010dnost\" \/>\n<meta property=\"article:published_time\" content=\"2020-12-10T08:53:40+00:00\" \/>\n<meta property=\"article:modified_time\" content=\"2021-01-21T13:51:46+00:00\" \/>\n<meta property=\"og:image\" content=\"https:\/\/www.czech-neuro.cz\/content\/uploads\/2020\/12\/ern-rnd-768x576-1.jpg\" \/>\n\t<meta property=\"og:image:width\" content=\"768\" \/>\n\t<meta property=\"og:image:height\" content=\"576\" \/>\n\t<meta property=\"og:image:type\" content=\"image\/jpeg\" \/>\n<meta name=\"author\" content=\"Sekretari\u00e1t \u010cNS\" \/>\n<meta name=\"twitter:card\" content=\"summary_large_image\" \/>\n<meta name=\"twitter:label1\" content=\"Napsal(a)\" \/>\n\t<meta name=\"twitter:data1\" content=\"Sekretari\u00e1t \u010cNS\" \/>\n\t<meta name=\"twitter:label2\" content=\"Odhadovan\u00e1 doba \u010dten\u00ed\" \/>\n\t<meta name=\"twitter:data2\" content=\"2 minuty\" \/>\n<script type=\"application\/ld+json\" class=\"yoast-schema-graph\">{\"@context\":\"https:\/\/schema.org\",\"@graph\":[{\"@type\":\"WebPage\",\"@id\":\"https:\/\/www.czech-neuro.cz\/aktualita\/2021-webinars-on-rare-neurological-diseases-ern-rnd-ean-euro-nmd\/\",\"url\":\"https:\/\/www.czech-neuro.cz\/aktualita\/2021-webinars-on-rare-neurological-diseases-ern-rnd-ean-euro-nmd\/\",\"name\":\"2021 webinars on rare neurological diseases - ERN-RND, EAN, EURO-NMD - \u010cesk\u00e1 neurologick\u00e1 spole\u010dnost\",\"isPartOf\":{\"@id\":\"https:\/\/www.czech-neuro.cz\/#website\"},\"primaryImageOfPage\":{\"@id\":\"https:\/\/www.czech-neuro.cz\/aktualita\/2021-webinars-on-rare-neurological-diseases-ern-rnd-ean-euro-nmd\/#primaryimage\"},\"image\":{\"@id\":\"https:\/\/www.czech-neuro.cz\/aktualita\/2021-webinars-on-rare-neurological-diseases-ern-rnd-ean-euro-nmd\/#primaryimage\"},\"thumbnailUrl\":\"https:\/\/www.czech-neuro.cz\/content\/uploads\/2020\/12\/ern-rnd-768x576-1.jpg\",\"datePublished\":\"2020-12-10T08:53:40+00:00\",\"dateModified\":\"2021-01-21T13:51:46+00:00\",\"author\":{\"@id\":\"https:\/\/www.czech-neuro.cz\/#\/schema\/person\/af981b1d7fc38899fa48fdecaeb95264\"},\"breadcrumb\":{\"@id\":\"https:\/\/www.czech-neuro.cz\/aktualita\/2021-webinars-on-rare-neurological-diseases-ern-rnd-ean-euro-nmd\/#breadcrumb\"},\"inLanguage\":\"cs\",\"potentialAction\":[{\"@type\":\"ReadAction\",\"target\":[\"https:\/\/www.czech-neuro.cz\/aktualita\/2021-webinars-on-rare-neurological-diseases-ern-rnd-ean-euro-nmd\/\"]}]},{\"@type\":\"ImageObject\",\"inLanguage\":\"cs\",\"@id\":\"https:\/\/www.czech-neuro.cz\/aktualita\/2021-webinars-on-rare-neurological-diseases-ern-rnd-ean-euro-nmd\/#primaryimage\",\"url\":\"https:\/\/www.czech-neuro.cz\/content\/uploads\/2020\/12\/ern-rnd-768x576-1.jpg\",\"contentUrl\":\"https:\/\/www.czech-neuro.cz\/content\/uploads\/2020\/12\/ern-rnd-768x576-1.jpg\",\"width\":768,\"height\":576},{\"@type\":\"BreadcrumbList\",\"@id\":\"https:\/\/www.czech-neuro.cz\/aktualita\/2021-webinars-on-rare-neurological-diseases-ern-rnd-ean-euro-nmd\/#breadcrumb\",\"itemListElement\":[{\"@type\":\"ListItem\",\"position\":1,\"name\":\"Dom\u016f\",\"item\":\"https:\/\/www.czech-neuro.cz\/\"},{\"@type\":\"ListItem\",\"position\":2,\"name\":\"2021 webinars on rare neurological diseases &#8211; ERN-RND, EAN, EURO-NMD\"}]},{\"@type\":\"WebSite\",\"@id\":\"https:\/\/www.czech-neuro.cz\/#website\",\"url\":\"https:\/\/www.czech-neuro.cz\/\",\"name\":\"\u010cesk\u00e1 neurologick\u00e1 spole\u010dnost\",\"description\":\"\u010cesk\u00e1 neurologick\u00e1 spole\u010dnost je odborn\u00e1 v\u011bdeck\u00e1 spole\u010dnost, jej\u00edm\u017e c\u00edlem je db\u00e1t o rozvoj neurologie jako v\u00fdznamn\u00e9 l\u00e9ka\u0159sk\u00e9 a v\u011bdeck\u00e9 discipliny v \u010cesk\u00e9 republice.\",\"potentialAction\":[{\"@type\":\"SearchAction\",\"target\":{\"@type\":\"EntryPoint\",\"urlTemplate\":\"https:\/\/www.czech-neuro.cz\/?s={search_term_string}\"},\"query-input\":{\"@type\":\"PropertyValueSpecification\",\"valueRequired\":true,\"valueName\":\"search_term_string\"}}],\"inLanguage\":\"cs\"},{\"@type\":\"Person\",\"@id\":\"https:\/\/www.czech-neuro.cz\/#\/schema\/person\/af981b1d7fc38899fa48fdecaeb95264\",\"name\":\"Sekretari\u00e1t \u010cNS\",\"image\":{\"@type\":\"ImageObject\",\"inLanguage\":\"cs\",\"@id\":\"https:\/\/www.czech-neuro.cz\/#\/schema\/person\/image\/\",\"url\":\"https:\/\/www.czech-neuro.cz\/content\/uploads\/ap_avatars\/edcaf9b0d68692e3915c31d046e10fb8.jpg\",\"contentUrl\":\"https:\/\/www.czech-neuro.cz\/content\/uploads\/ap_avatars\/edcaf9b0d68692e3915c31d046e10fb8.jpg\",\"caption\":\"Sekretari\u00e1t \u010cNS\"},\"url\":\"https:\/\/www.czech-neuro.cz\/aktualita\/autor\/janurkovaassociationhouse-cz\/\"}]}<\/script>\n<!-- \/ Yoast SEO Premium plugin. -->","yoast_head_json":{"title":"2021 webinars on rare neurological diseases - ERN-RND, EAN, EURO-NMD - \u010cesk\u00e1 neurologick\u00e1 spole\u010dnost","robots":{"index":"index","follow":"follow","max-snippet":"max-snippet:-1","max-image-preview":"max-image-preview:large","max-video-preview":"max-video-preview:-1"},"canonical":"https:\/\/www.czech-neuro.cz\/aktualita\/2021-webinars-on-rare-neurological-diseases-ern-rnd-ean-euro-nmd\/","og_locale":"cs_CZ","og_type":"article","og_title":"2021 webinars on rare neurological diseases - ERN-RND, EAN, EURO-NMD","og_description":"On behalf of the European Reference Network for Rare Neurological Diseases (ERN-RND) , we would like to inform you about...","og_url":"https:\/\/www.czech-neuro.cz\/aktualita\/2021-webinars-on-rare-neurological-diseases-ern-rnd-ean-euro-nmd\/","og_site_name":"\u010cesk\u00e1 neurologick\u00e1 spole\u010dnost","article_published_time":"2020-12-10T08:53:40+00:00","article_modified_time":"2021-01-21T13:51:46+00:00","og_image":[{"width":768,"height":576,"url":"https:\/\/www.czech-neuro.cz\/content\/uploads\/2020\/12\/ern-rnd-768x576-1.jpg","type":"image\/jpeg"}],"author":"Sekretari\u00e1t \u010cNS","twitter_card":"summary_large_image","twitter_misc":{"Napsal(a)":"Sekretari\u00e1t \u010cNS","Odhadovan\u00e1 doba \u010dten\u00ed":"2 minuty"},"schema":{"@context":"https:\/\/schema.org","@graph":[{"@type":"WebPage","@id":"https:\/\/www.czech-neuro.cz\/aktualita\/2021-webinars-on-rare-neurological-diseases-ern-rnd-ean-euro-nmd\/","url":"https:\/\/www.czech-neuro.cz\/aktualita\/2021-webinars-on-rare-neurological-diseases-ern-rnd-ean-euro-nmd\/","name":"2021 webinars on rare neurological diseases - ERN-RND, EAN, EURO-NMD - \u010cesk\u00e1 neurologick\u00e1 spole\u010dnost","isPartOf":{"@id":"https:\/\/www.czech-neuro.cz\/#website"},"primaryImageOfPage":{"@id":"https:\/\/www.czech-neuro.cz\/aktualita\/2021-webinars-on-rare-neurological-diseases-ern-rnd-ean-euro-nmd\/#primaryimage"},"image":{"@id":"https:\/\/www.czech-neuro.cz\/aktualita\/2021-webinars-on-rare-neurological-diseases-ern-rnd-ean-euro-nmd\/#primaryimage"},"thumbnailUrl":"https:\/\/www.czech-neuro.cz\/content\/uploads\/2020\/12\/ern-rnd-768x576-1.jpg","datePublished":"2020-12-10T08:53:40+00:00","dateModified":"2021-01-21T13:51:46+00:00","author":{"@id":"https:\/\/www.czech-neuro.cz\/#\/schema\/person\/af981b1d7fc38899fa48fdecaeb95264"},"breadcrumb":{"@id":"https:\/\/www.czech-neuro.cz\/aktualita\/2021-webinars-on-rare-neurological-diseases-ern-rnd-ean-euro-nmd\/#breadcrumb"},"inLanguage":"cs","potentialAction":[{"@type":"ReadAction","target":["https:\/\/www.czech-neuro.cz\/aktualita\/2021-webinars-on-rare-neurological-diseases-ern-rnd-ean-euro-nmd\/"]}]},{"@type":"ImageObject","inLanguage":"cs","@id":"https:\/\/www.czech-neuro.cz\/aktualita\/2021-webinars-on-rare-neurological-diseases-ern-rnd-ean-euro-nmd\/#primaryimage","url":"https:\/\/www.czech-neuro.cz\/content\/uploads\/2020\/12\/ern-rnd-768x576-1.jpg","contentUrl":"https:\/\/www.czech-neuro.cz\/content\/uploads\/2020\/12\/ern-rnd-768x576-1.jpg","width":768,"height":576},{"@type":"BreadcrumbList","@id":"https:\/\/www.czech-neuro.cz\/aktualita\/2021-webinars-on-rare-neurological-diseases-ern-rnd-ean-euro-nmd\/#breadcrumb","itemListElement":[{"@type":"ListItem","position":1,"name":"Dom\u016f","item":"https:\/\/www.czech-neuro.cz\/"},{"@type":"ListItem","position":2,"name":"2021 webinars on rare neurological diseases &#8211; ERN-RND, EAN, EURO-NMD"}]},{"@type":"WebSite","@id":"https:\/\/www.czech-neuro.cz\/#website","url":"https:\/\/www.czech-neuro.cz\/","name":"\u010cesk\u00e1 neurologick\u00e1 spole\u010dnost","description":"\u010cesk\u00e1 neurologick\u00e1 spole\u010dnost je odborn\u00e1 v\u011bdeck\u00e1 spole\u010dnost, jej\u00edm\u017e c\u00edlem je db\u00e1t o rozvoj neurologie jako v\u00fdznamn\u00e9 l\u00e9ka\u0159sk\u00e9 a v\u011bdeck\u00e9 discipliny v \u010cesk\u00e9 republice.","potentialAction":[{"@type":"SearchAction","target":{"@type":"EntryPoint","urlTemplate":"https:\/\/www.czech-neuro.cz\/?s={search_term_string}"},"query-input":{"@type":"PropertyValueSpecification","valueRequired":true,"valueName":"search_term_string"}}],"inLanguage":"cs"},{"@type":"Person","@id":"https:\/\/www.czech-neuro.cz\/#\/schema\/person\/af981b1d7fc38899fa48fdecaeb95264","name":"Sekretari\u00e1t \u010cNS","image":{"@type":"ImageObject","inLanguage":"cs","@id":"https:\/\/www.czech-neuro.cz\/#\/schema\/person\/image\/","url":"https:\/\/www.czech-neuro.cz\/content\/uploads\/ap_avatars\/edcaf9b0d68692e3915c31d046e10fb8.jpg","contentUrl":"https:\/\/www.czech-neuro.cz\/content\/uploads\/ap_avatars\/edcaf9b0d68692e3915c31d046e10fb8.jpg","caption":"Sekretari\u00e1t \u010cNS"},"url":"https:\/\/www.czech-neuro.cz\/aktualita\/autor\/janurkovaassociationhouse-cz\/"}]}},"lang":"cs","translations":{"cs":10446},"_links":{"self":[{"href":"https:\/\/www.czech-neuro.cz\/api\/wp\/v2\/posts\/10446","targetHints":{"allow":["GET"]}}],"collection":[{"href":"https:\/\/www.czech-neuro.cz\/api\/wp\/v2\/posts"}],"about":[{"href":"https:\/\/www.czech-neuro.cz\/api\/wp\/v2\/types\/post"}],"author":[{"embeddable":true,"href":"https:\/\/www.czech-neuro.cz\/api\/wp\/v2\/users\/23"}],"replies":[{"embeddable":true,"href":"https:\/\/www.czech-neuro.cz\/api\/wp\/v2\/comments?post=10446"}],"version-history":[{"count":0,"href":"https:\/\/www.czech-neuro.cz\/api\/wp\/v2\/posts\/10446\/revisions"}],"wp:featuredmedia":[{"embeddable":true,"href":"https:\/\/www.czech-neuro.cz\/api\/wp\/v2\/media\/10447"}],"wp:attachment":[{"href":"https:\/\/www.czech-neuro.cz\/api\/wp\/v2\/media?parent=10446"}],"wp:term":[{"taxonomy":"category","embeddable":true,"href":"https:\/\/www.czech-neuro.cz\/api\/wp\/v2\/categories?post=10446"},{"taxonomy":"post_tag","embeddable":true,"href":"https:\/\/www.czech-neuro.cz\/api\/wp\/v2\/tags?post=10446"}],"curies":[{"name":"wp","href":"https:\/\/api.w.org\/{rel}","templated":true}]}}