{"id":10314,"date":"2020-11-16T11:30:16","date_gmt":"2020-11-16T10:30:16","guid":{"rendered":"https:\/\/www.czech-neuro.cz\/?p=10314"},"modified":"2020-11-18T11:35:18","modified_gmt":"2020-11-18T10:35:18","slug":"vitezna-prace-mudr-et-mgr-adama-tesare-clinical-variability-in-p102l-gerstmann-straussler-scheinker-syndrome","status":"publish","type":"post","link":"https:\/\/www.czech-neuro.cz\/aktualita\/vitezna-prace-mudr-et-mgr-adama-tesare-clinical-variability-in-p102l-gerstmann-straussler-scheinker-syndrome\/","title":{"rendered":"V\u00edt\u011bzn\u00e1 pr\u00e1ce MUDr. Adama Tesa\u0159e &#8222;Clinical Variability in P102L Gerstmann\u2013Str\u00e4ussler\u2013Scheinker Syndrome&#8220;"},"content":{"rendered":"<p><strong><span style=\"color: #126da3;\">Hennerova\u00a0cena\u00a0\u010cNS\u00a0pro mlad\u00e9 autory do 35 let za vynikaj\u00edc\u00ed origin\u00e1ln\u00ed pr\u00e1ci roku 2019<\/span><\/strong><\/p>\n<p>Je n\u00e1m ct\u00ed V\u00e1m bl\u00ed\u017ee p\u0159edstavit pr\u00e1ci <span style=\"color: #126da3;\"><strong>MUDr. et Mgr. Adama Tesa\u0159e<\/strong>,<\/span> kter\u00e1 zv\u00edt\u011bzila v&nbsp;kategorii Hennerova cena \u010cNS pro mlad\u00e9 autory do 35 let za vynikaj\u00edc\u00ed origin\u00e1ln\u00ed pr\u00e1ci roku 2019<\/p>\n<p style=\"text-align: center;\"><span style=\"color: #126da3;\"><strong>Clinical Variability in P102L Gerstmann \u2013 Str\u00e4ussler\u2013Scheinker Syndrome<\/strong><\/span><\/p>\n<p style=\"text-align: center;\"><a class=\"btn btn-gold\" href=\"https:\/\/www.czech-neuro.cz\/content\/uploads\/2020\/11\/cena_cns_2019.pptx\" target=\"_blank\" rel=\"noopener noreferrer\">Prezentace ke sta\u017een\u00ed zde<\/a><\/p>\n<p>&nbsp;<\/p>\n<p><a href=\"https:\/\/www.czech-neuro.cz\/aktualita\/vitezna-prace-prof-evzena-ruzicky\/tesar-diplom\/\" rel=\"attachment wp-att-10320\" data-size=\"556x784\"><img loading=\"lazy\" decoding=\"async\" class=\"aligncenter wp-image-10320\" src=\"https:\/\/www.czech-neuro.cz\/content\/uploads\/2020\/11\/tesar-diplom-213x300.png\" alt=\"\" width=\"464\" height=\"654\" srcset=\"https:\/\/www.czech-neuro.cz\/content\/uploads\/2020\/11\/tesar-diplom-213x300.png 213w, https:\/\/www.czech-neuro.cz\/content\/uploads\/2020\/11\/tesar-diplom-60x85.png 60w, https:\/\/www.czech-neuro.cz\/content\/uploads\/2020\/11\/tesar-diplom.png 556w\" sizes=\"auto, (max-width: 464px) 100vw, 464px\" \/><\/a><\/p>\n<p>&nbsp;<\/p>\n","protected":false},"excerpt":{"rendered":"<p>Hennerova\u00a0cena\u00a0\u010cNS\u00a0pro mlad\u00e9 autory do 35 let za vynikaj\u00edc\u00ed origin\u00e1ln\u00ed pr\u00e1ci roku 2019 Je n\u00e1m ct\u00ed V\u00e1m bl\u00ed\u017ee p\u0159edstavit pr\u00e1ci MUDr&#8230;.<\/p>\n","protected":false},"author":23,"featured_media":10315,"comment_status":"closed","ping_status":"closed","sticky":false,"template":"","format":"standard","meta":{"_acf_changed":false,"_searchwp_excluded":"","kia_subtitle":""},"categories":[1],"tags":[],"class_list":["post-10314","post","type-post","status-publish","has-post-thumbnail","hentry","category-nezarazene"],"acf":[],"yoast_head":"<!-- This site is optimized with the Yoast SEO Premium plugin v26.2 (Yoast SEO v26.2) - https:\/\/yoast.com\/wordpress\/plugins\/seo\/ -->\n<title>V\u00edt\u011bzn\u00e1 pr\u00e1ce MUDr. Adama Tesa\u0159e &quot;Clinical Variability in P102L Gerstmann\u2013Str\u00e4ussler\u2013Scheinker Syndrome&quot; - \u010cesk\u00e1 neurologick\u00e1 spole\u010dnost<\/title>\n<meta name=\"robots\" content=\"index, follow, max-snippet:-1, max-image-preview:large, max-video-preview:-1\" \/>\n<link rel=\"canonical\" href=\"https:\/\/www.czech-neuro.cz\/aktualita\/vitezna-prace-mudr-et-mgr-adama-tesare-clinical-variability-in-p102l-gerstmann-straussler-scheinker-syndrome\/\" \/>\n<meta property=\"og:locale\" content=\"cs_CZ\" \/>\n<meta property=\"og:type\" content=\"article\" \/>\n<meta property=\"og:title\" content=\"V\u00edt\u011bzn\u00e1 pr\u00e1ce MUDr. Adama Tesa\u0159e &quot;Clinical Variability in P102L Gerstmann\u2013Str\u00e4ussler\u2013Scheinker Syndrome&quot;\" \/>\n<meta property=\"og:description\" content=\"Hennerova\u00a0cena\u00a0\u010cNS\u00a0pro mlad\u00e9 autory do 35 let za vynikaj\u00edc\u00ed origin\u00e1ln\u00ed pr\u00e1ci roku 2019 Je n\u00e1m ct\u00ed V\u00e1m bl\u00ed\u017ee p\u0159edstavit pr\u00e1ci MUDr....\" \/>\n<meta property=\"og:url\" content=\"https:\/\/www.czech-neuro.cz\/aktualita\/vitezna-prace-mudr-et-mgr-adama-tesare-clinical-variability-in-p102l-gerstmann-straussler-scheinker-syndrome\/\" \/>\n<meta property=\"og:site_name\" content=\"\u010cesk\u00e1 neurologick\u00e1 spole\u010dnost\" \/>\n<meta property=\"article:published_time\" content=\"2020-11-16T10:30:16+00:00\" \/>\n<meta property=\"article:modified_time\" content=\"2020-11-18T10:35:18+00:00\" \/>\n<meta property=\"og:image\" content=\"https:\/\/www.czech-neuro.cz\/content\/uploads\/2020\/11\/snimek-obrazovky-2020-11-16-111231.png\" \/>\n\t<meta property=\"og:image:width\" content=\"1054\" \/>\n\t<meta property=\"og:image:height\" content=\"634\" \/>\n\t<meta property=\"og:image:type\" content=\"image\/png\" \/>\n<meta name=\"author\" content=\"Sekretari\u00e1t \u010cNS\" \/>\n<meta name=\"twitter:card\" content=\"summary_large_image\" \/>\n<meta name=\"twitter:label1\" content=\"Napsal(a)\" \/>\n\t<meta name=\"twitter:data1\" content=\"Sekretari\u00e1t \u010cNS\" \/>\n<script type=\"application\/ld+json\" class=\"yoast-schema-graph\">{\"@context\":\"https:\/\/schema.org\",\"@graph\":[{\"@type\":\"WebPage\",\"@id\":\"https:\/\/www.czech-neuro.cz\/aktualita\/vitezna-prace-mudr-et-mgr-adama-tesare-clinical-variability-in-p102l-gerstmann-straussler-scheinker-syndrome\/\",\"url\":\"https:\/\/www.czech-neuro.cz\/aktualita\/vitezna-prace-mudr-et-mgr-adama-tesare-clinical-variability-in-p102l-gerstmann-straussler-scheinker-syndrome\/\",\"name\":\"V\u00edt\u011bzn\u00e1 pr\u00e1ce MUDr. Adama Tesa\u0159e \\\"Clinical Variability in P102L Gerstmann\u2013Str\u00e4ussler\u2013Scheinker Syndrome\\\" - \u010cesk\u00e1 neurologick\u00e1 spole\u010dnost\",\"isPartOf\":{\"@id\":\"https:\/\/www.czech-neuro.cz\/#website\"},\"primaryImageOfPage\":{\"@id\":\"https:\/\/www.czech-neuro.cz\/aktualita\/vitezna-prace-mudr-et-mgr-adama-tesare-clinical-variability-in-p102l-gerstmann-straussler-scheinker-syndrome\/#primaryimage\"},\"image\":{\"@id\":\"https:\/\/www.czech-neuro.cz\/aktualita\/vitezna-prace-mudr-et-mgr-adama-tesare-clinical-variability-in-p102l-gerstmann-straussler-scheinker-syndrome\/#primaryimage\"},\"thumbnailUrl\":\"https:\/\/www.czech-neuro.cz\/content\/uploads\/2020\/11\/snimek-obrazovky-2020-11-16-111231.png\",\"datePublished\":\"2020-11-16T10:30:16+00:00\",\"dateModified\":\"2020-11-18T10:35:18+00:00\",\"author\":{\"@id\":\"https:\/\/www.czech-neuro.cz\/#\/schema\/person\/af981b1d7fc38899fa48fdecaeb95264\"},\"breadcrumb\":{\"@id\":\"https:\/\/www.czech-neuro.cz\/aktualita\/vitezna-prace-mudr-et-mgr-adama-tesare-clinical-variability-in-p102l-gerstmann-straussler-scheinker-syndrome\/#breadcrumb\"},\"inLanguage\":\"cs\",\"potentialAction\":[{\"@type\":\"ReadAction\",\"target\":[\"https:\/\/www.czech-neuro.cz\/aktualita\/vitezna-prace-mudr-et-mgr-adama-tesare-clinical-variability-in-p102l-gerstmann-straussler-scheinker-syndrome\/\"]}]},{\"@type\":\"ImageObject\",\"inLanguage\":\"cs\",\"@id\":\"https:\/\/www.czech-neuro.cz\/aktualita\/vitezna-prace-mudr-et-mgr-adama-tesare-clinical-variability-in-p102l-gerstmann-straussler-scheinker-syndrome\/#primaryimage\",\"url\":\"https:\/\/www.czech-neuro.cz\/content\/uploads\/2020\/11\/snimek-obrazovky-2020-11-16-111231.png\",\"contentUrl\":\"https:\/\/www.czech-neuro.cz\/content\/uploads\/2020\/11\/snimek-obrazovky-2020-11-16-111231.png\",\"width\":1054,\"height\":634},{\"@type\":\"BreadcrumbList\",\"@id\":\"https:\/\/www.czech-neuro.cz\/aktualita\/vitezna-prace-mudr-et-mgr-adama-tesare-clinical-variability-in-p102l-gerstmann-straussler-scheinker-syndrome\/#breadcrumb\",\"itemListElement\":[{\"@type\":\"ListItem\",\"position\":1,\"name\":\"Dom\u016f\",\"item\":\"https:\/\/www.czech-neuro.cz\/\"},{\"@type\":\"ListItem\",\"position\":2,\"name\":\"V\u00edt\u011bzn\u00e1 pr\u00e1ce MUDr. Adama Tesa\u0159e &#8222;Clinical Variability in P102L Gerstmann\u2013Str\u00e4ussler\u2013Scheinker Syndrome&#8220;\"}]},{\"@type\":\"WebSite\",\"@id\":\"https:\/\/www.czech-neuro.cz\/#website\",\"url\":\"https:\/\/www.czech-neuro.cz\/\",\"name\":\"\u010cesk\u00e1 neurologick\u00e1 spole\u010dnost\",\"description\":\"\u010cesk\u00e1 neurologick\u00e1 spole\u010dnost je odborn\u00e1 v\u011bdeck\u00e1 spole\u010dnost, jej\u00edm\u017e c\u00edlem je db\u00e1t o rozvoj neurologie jako v\u00fdznamn\u00e9 l\u00e9ka\u0159sk\u00e9 a v\u011bdeck\u00e9 discipliny v \u010cesk\u00e9 republice.\",\"potentialAction\":[{\"@type\":\"SearchAction\",\"target\":{\"@type\":\"EntryPoint\",\"urlTemplate\":\"https:\/\/www.czech-neuro.cz\/?s={search_term_string}\"},\"query-input\":{\"@type\":\"PropertyValueSpecification\",\"valueRequired\":true,\"valueName\":\"search_term_string\"}}],\"inLanguage\":\"cs\"},{\"@type\":\"Person\",\"@id\":\"https:\/\/www.czech-neuro.cz\/#\/schema\/person\/af981b1d7fc38899fa48fdecaeb95264\",\"name\":\"Sekretari\u00e1t \u010cNS\",\"image\":{\"@type\":\"ImageObject\",\"inLanguage\":\"cs\",\"@id\":\"https:\/\/www.czech-neuro.cz\/#\/schema\/person\/image\/\",\"url\":\"https:\/\/www.czech-neuro.cz\/content\/uploads\/ap_avatars\/edcaf9b0d68692e3915c31d046e10fb8.jpg\",\"contentUrl\":\"https:\/\/www.czech-neuro.cz\/content\/uploads\/ap_avatars\/edcaf9b0d68692e3915c31d046e10fb8.jpg\",\"caption\":\"Sekretari\u00e1t \u010cNS\"},\"url\":\"https:\/\/www.czech-neuro.cz\/aktualita\/autor\/janurkovaassociationhouse-cz\/\"}]}<\/script>\n<!-- \/ Yoast SEO Premium plugin. -->","yoast_head_json":{"title":"V\u00edt\u011bzn\u00e1 pr\u00e1ce MUDr. Adama Tesa\u0159e \"Clinical Variability in P102L Gerstmann\u2013Str\u00e4ussler\u2013Scheinker Syndrome\" - \u010cesk\u00e1 neurologick\u00e1 spole\u010dnost","robots":{"index":"index","follow":"follow","max-snippet":"max-snippet:-1","max-image-preview":"max-image-preview:large","max-video-preview":"max-video-preview:-1"},"canonical":"https:\/\/www.czech-neuro.cz\/aktualita\/vitezna-prace-mudr-et-mgr-adama-tesare-clinical-variability-in-p102l-gerstmann-straussler-scheinker-syndrome\/","og_locale":"cs_CZ","og_type":"article","og_title":"V\u00edt\u011bzn\u00e1 pr\u00e1ce MUDr. Adama Tesa\u0159e \"Clinical Variability in P102L Gerstmann\u2013Str\u00e4ussler\u2013Scheinker Syndrome\"","og_description":"Hennerova\u00a0cena\u00a0\u010cNS\u00a0pro mlad\u00e9 autory do 35 let za vynikaj\u00edc\u00ed origin\u00e1ln\u00ed pr\u00e1ci roku 2019 Je n\u00e1m ct\u00ed V\u00e1m bl\u00ed\u017ee p\u0159edstavit pr\u00e1ci MUDr....","og_url":"https:\/\/www.czech-neuro.cz\/aktualita\/vitezna-prace-mudr-et-mgr-adama-tesare-clinical-variability-in-p102l-gerstmann-straussler-scheinker-syndrome\/","og_site_name":"\u010cesk\u00e1 neurologick\u00e1 spole\u010dnost","article_published_time":"2020-11-16T10:30:16+00:00","article_modified_time":"2020-11-18T10:35:18+00:00","og_image":[{"width":1054,"height":634,"url":"https:\/\/www.czech-neuro.cz\/content\/uploads\/2020\/11\/snimek-obrazovky-2020-11-16-111231.png","type":"image\/png"}],"author":"Sekretari\u00e1t \u010cNS","twitter_card":"summary_large_image","twitter_misc":{"Napsal(a)":"Sekretari\u00e1t \u010cNS"},"schema":{"@context":"https:\/\/schema.org","@graph":[{"@type":"WebPage","@id":"https:\/\/www.czech-neuro.cz\/aktualita\/vitezna-prace-mudr-et-mgr-adama-tesare-clinical-variability-in-p102l-gerstmann-straussler-scheinker-syndrome\/","url":"https:\/\/www.czech-neuro.cz\/aktualita\/vitezna-prace-mudr-et-mgr-adama-tesare-clinical-variability-in-p102l-gerstmann-straussler-scheinker-syndrome\/","name":"V\u00edt\u011bzn\u00e1 pr\u00e1ce MUDr. Adama Tesa\u0159e \"Clinical Variability in P102L Gerstmann\u2013Str\u00e4ussler\u2013Scheinker Syndrome\" - \u010cesk\u00e1 neurologick\u00e1 spole\u010dnost","isPartOf":{"@id":"https:\/\/www.czech-neuro.cz\/#website"},"primaryImageOfPage":{"@id":"https:\/\/www.czech-neuro.cz\/aktualita\/vitezna-prace-mudr-et-mgr-adama-tesare-clinical-variability-in-p102l-gerstmann-straussler-scheinker-syndrome\/#primaryimage"},"image":{"@id":"https:\/\/www.czech-neuro.cz\/aktualita\/vitezna-prace-mudr-et-mgr-adama-tesare-clinical-variability-in-p102l-gerstmann-straussler-scheinker-syndrome\/#primaryimage"},"thumbnailUrl":"https:\/\/www.czech-neuro.cz\/content\/uploads\/2020\/11\/snimek-obrazovky-2020-11-16-111231.png","datePublished":"2020-11-16T10:30:16+00:00","dateModified":"2020-11-18T10:35:18+00:00","author":{"@id":"https:\/\/www.czech-neuro.cz\/#\/schema\/person\/af981b1d7fc38899fa48fdecaeb95264"},"breadcrumb":{"@id":"https:\/\/www.czech-neuro.cz\/aktualita\/vitezna-prace-mudr-et-mgr-adama-tesare-clinical-variability-in-p102l-gerstmann-straussler-scheinker-syndrome\/#breadcrumb"},"inLanguage":"cs","potentialAction":[{"@type":"ReadAction","target":["https:\/\/www.czech-neuro.cz\/aktualita\/vitezna-prace-mudr-et-mgr-adama-tesare-clinical-variability-in-p102l-gerstmann-straussler-scheinker-syndrome\/"]}]},{"@type":"ImageObject","inLanguage":"cs","@id":"https:\/\/www.czech-neuro.cz\/aktualita\/vitezna-prace-mudr-et-mgr-adama-tesare-clinical-variability-in-p102l-gerstmann-straussler-scheinker-syndrome\/#primaryimage","url":"https:\/\/www.czech-neuro.cz\/content\/uploads\/2020\/11\/snimek-obrazovky-2020-11-16-111231.png","contentUrl":"https:\/\/www.czech-neuro.cz\/content\/uploads\/2020\/11\/snimek-obrazovky-2020-11-16-111231.png","width":1054,"height":634},{"@type":"BreadcrumbList","@id":"https:\/\/www.czech-neuro.cz\/aktualita\/vitezna-prace-mudr-et-mgr-adama-tesare-clinical-variability-in-p102l-gerstmann-straussler-scheinker-syndrome\/#breadcrumb","itemListElement":[{"@type":"ListItem","position":1,"name":"Dom\u016f","item":"https:\/\/www.czech-neuro.cz\/"},{"@type":"ListItem","position":2,"name":"V\u00edt\u011bzn\u00e1 pr\u00e1ce MUDr. Adama Tesa\u0159e &#8222;Clinical Variability in P102L Gerstmann\u2013Str\u00e4ussler\u2013Scheinker Syndrome&#8220;"}]},{"@type":"WebSite","@id":"https:\/\/www.czech-neuro.cz\/#website","url":"https:\/\/www.czech-neuro.cz\/","name":"\u010cesk\u00e1 neurologick\u00e1 spole\u010dnost","description":"\u010cesk\u00e1 neurologick\u00e1 spole\u010dnost je odborn\u00e1 v\u011bdeck\u00e1 spole\u010dnost, jej\u00edm\u017e c\u00edlem je db\u00e1t o rozvoj neurologie jako v\u00fdznamn\u00e9 l\u00e9ka\u0159sk\u00e9 a v\u011bdeck\u00e9 discipliny v \u010cesk\u00e9 republice.","potentialAction":[{"@type":"SearchAction","target":{"@type":"EntryPoint","urlTemplate":"https:\/\/www.czech-neuro.cz\/?s={search_term_string}"},"query-input":{"@type":"PropertyValueSpecification","valueRequired":true,"valueName":"search_term_string"}}],"inLanguage":"cs"},{"@type":"Person","@id":"https:\/\/www.czech-neuro.cz\/#\/schema\/person\/af981b1d7fc38899fa48fdecaeb95264","name":"Sekretari\u00e1t \u010cNS","image":{"@type":"ImageObject","inLanguage":"cs","@id":"https:\/\/www.czech-neuro.cz\/#\/schema\/person\/image\/","url":"https:\/\/www.czech-neuro.cz\/content\/uploads\/ap_avatars\/edcaf9b0d68692e3915c31d046e10fb8.jpg","contentUrl":"https:\/\/www.czech-neuro.cz\/content\/uploads\/ap_avatars\/edcaf9b0d68692e3915c31d046e10fb8.jpg","caption":"Sekretari\u00e1t \u010cNS"},"url":"https:\/\/www.czech-neuro.cz\/aktualita\/autor\/janurkovaassociationhouse-cz\/"}]}},"lang":"cs","translations":{"cs":10314},"_links":{"self":[{"href":"https:\/\/www.czech-neuro.cz\/api\/wp\/v2\/posts\/10314","targetHints":{"allow":["GET"]}}],"collection":[{"href":"https:\/\/www.czech-neuro.cz\/api\/wp\/v2\/posts"}],"about":[{"href":"https:\/\/www.czech-neuro.cz\/api\/wp\/v2\/types\/post"}],"author":[{"embeddable":true,"href":"https:\/\/www.czech-neuro.cz\/api\/wp\/v2\/users\/23"}],"replies":[{"embeddable":true,"href":"https:\/\/www.czech-neuro.cz\/api\/wp\/v2\/comments?post=10314"}],"version-history":[{"count":0,"href":"https:\/\/www.czech-neuro.cz\/api\/wp\/v2\/posts\/10314\/revisions"}],"wp:featuredmedia":[{"embeddable":true,"href":"https:\/\/www.czech-neuro.cz\/api\/wp\/v2\/media\/10315"}],"wp:attachment":[{"href":"https:\/\/www.czech-neuro.cz\/api\/wp\/v2\/media?parent=10314"}],"wp:term":[{"taxonomy":"category","embeddable":true,"href":"https:\/\/www.czech-neuro.cz\/api\/wp\/v2\/categories?post=10314"},{"taxonomy":"post_tag","embeddable":true,"href":"https:\/\/www.czech-neuro.cz\/api\/wp\/v2\/tags?post=10314"}],"curies":[{"name":"wp","href":"https:\/\/api.w.org\/{rel}","templated":true}]}}