{"id":8306,"global_id":"www.czech-neuro.cz?id=8306","global_id_lineage":["www.czech-neuro.cz?id=8306"],"author":"23","status":"publish","date":"2019-09-27 10:35:36","date_utc":"2019-09-27 08:35:36","modified":"2019-09-27 10:39:43","modified_utc":"2019-09-27 08:39:43","url":"https:\/\/www.czech-neuro.cz\/udalost\/vi-neuromodulacni-den\/","rest_url":"https:\/\/www.czech-neuro.cz\/api\/tribe\/events\/v1\/events\/8306","title":"VI.Neuromodula\u010dn\u00ed den","description":"<p>M\u00edsto kon\u00e1n\u00ed: <strong>FN Motol<br \/>\n<\/strong>Datum kon\u00e1n\u00ed:<strong> 15.&nbsp;11.&nbsp;2019<\/strong><\/p>\n<p>Pozv\u00e1nku a&nbsp;mo\u017enost registrace naleznete zde: <a href=\"https:\/\/secure.cbttravel.cz\/neuromodulacniden2019\/index.php\" target=\"_blank\" rel=\"noopener noreferrer\">neuromodulacniden2019<\/a><\/p>\n<p><a href=\"https:\/\/secure.cbttravel.cz\/neuromodulacniden2019\/index.php\" target=\"_blank\" rel=\"noopener noreferrer\" data-size=\"777x410\"><img loading=\"lazy\" decoding=\"async\" class=\"aligncenter wp-image-8311 size-full\" src=\"https:\/\/www.czech-neuro.cz\/content\/uploads\/2019\/09\/sni\u0301mek-obrazovky-2019-09-27-v-10.35.48-1.png\" alt=\"\" width=\"777\" height=\"410\" srcset=\"https:\/\/www.czech-neuro.cz\/content\/uploads\/2019\/09\/sni\u0301mek-obrazovky-2019-09-27-v-10.35.48-1.png 777w, https:\/\/www.czech-neuro.cz\/content\/uploads\/2019\/09\/sni\u0301mek-obrazovky-2019-09-27-v-10.35.48-1-300x158.png 300w, https:\/\/www.czech-neuro.cz\/content\/uploads\/2019\/09\/sni\u0301mek-obrazovky-2019-09-27-v-10.35.48-1-768x405.png 768w, https:\/\/www.czech-neuro.cz\/content\/uploads\/2019\/09\/sni\u0301mek-obrazovky-2019-09-27-v-10.35.48-1-60x32.png 60w\" sizes=\"auto, (max-width: 777px) 100vw, 777px\" \/><\/a><\/p>","excerpt":"","slug":"vi-neuromodulacni-den","image":false,"all_day":true,"start_date":"2019-11-15 00:00:00","start_date_details":{"year":"2019","month":"11","day":"15","hour":"00","minutes":"00","seconds":"00"},"end_date":"2019-11-15 23:59:59","end_date_details":{"year":"2019","month":"11","day":"15","hour":"23","minutes":"59","seconds":"59"},"utc_start_date":"2019-11-14 23:00:00","utc_start_date_details":{"year":"2019","month":"11","day":"14","hour":"23","minutes":"00","seconds":"00"},"utc_end_date":"2019-11-15 22:59:59","utc_end_date_details":{"year":"2019","month":"11","day":"15","hour":"22","minutes":"59","seconds":"59"},"timezone":"Europe\/Prague","timezone_abbr":"CET","cost":"","cost_details":{"currency_symbol":"","currency_position":"suffix","values":[]},"website":"","show_map":true,"show_map_link":true,"hide_from_listings":false,"sticky":false,"featured":false,"categories":[{"name":"\u010cesk\u00e1 republika","slug":"ceska-republika","term_group":0,"term_taxonomy_id":7,"taxonomy":"tribe_events_cat","description":"","parent":0,"count":396,"filter":"raw","id":7,"urls":{"self":"https:\/\/www.czech-neuro.cz\/api\/tribe\/events\/v1\/categories\/7","collection":"https:\/\/www.czech-neuro.cz\/api\/tribe\/events\/v1\/categories"}}],"tags":[],"venue":{"id":4805,"author":"23","status":"publish","date":"2019-09-27 10:36:18","date_utc":"2019-09-27 08:36:18","modified":"2019-09-27 10:36:18","modified_utc":"2019-09-27 08:36:18","url":"https:\/\/www.czech-neuro.cz\/misto-konani\/neurologicka-klinika-2-lf-uk-a-fn-motol-3\/","venue":"Neurologick\u00e1 klinika 2. LF UK a&nbsp;FN Motol","slug":"neurologicka-klinika-2-lf-uk-a-fn-motol-3","json_ld":{"@type":"Place","name":"Neurologick\u00e1 klinika 2. LF UK a&nbsp;FN Motol","description":"","url":"https:\/\/www.czech-neuro.cz\/misto-konani\/neurologicka-klinika-2-lf-uk-a-fn-motol-3\/","address":{"@type":"PostalAddress"},"telephone":"","sameAs":""},"show_map":true,"show_map_link":true,"global_id":"www.czech-neuro.cz?id=4805","global_id_lineage":["www.czech-neuro.cz?id=4805"]},"organizer":[],"json_ld":{"@context":"http:\/\/schema.org","@type":"Event","name":"VI.Neuromodula\u010dn\u00ed den","description":"&lt;p&gt;M\u00edsto kon\u00e1n\u00ed: FN Motol Datum kon\u00e1n\u00ed: 15. 11. 2019 Pozv\u00e1nku a mo\u017enost registrace naleznete zde: neuromodulacniden2019&lt;\/p&gt;\\n","url":"https:\/\/www.czech-neuro.cz\/udalost\/vi-neuromodulacni-den\/","startDate":"2019-11-15T00:00:00+01:00","endDate":"2019-11-15T23:59:59+01:00","location":{"@type":"Place","name":"Neurologick\u00e1 klinika 2. LF UK a&nbsp;FN Motol","description":"","url":"https:\/\/www.czech-neuro.cz\/misto-konani\/neurologicka-klinika-2-lf-uk-a-fn-motol-3\/","address":{"@type":"PostalAddress"},"telephone":"","sameAs":""}}}