{"id":7990,"global_id":"www.czech-neuro.cz?id=7990","global_id_lineage":["www.czech-neuro.cz?id=7990"],"author":"23","status":"publish","date":"2019-05-31 14:23:47","date_utc":"2019-05-31 12:23:47","modified":"2019-05-31 14:23:47","modified_utc":"2019-05-31 12:23:47","url":"https:\/\/www.czech-neuro.cz\/udalost\/den-otevrenych-dveri-kognitivniho-centra-neurologicke-kliniky\/","rest_url":"https:\/\/www.czech-neuro.cz\/api\/tribe\/events\/v1\/events\/7990","title":"Den otev\u0159en\u00fdch dve\u0159\u00ed Kognitivn\u00edho centra Neurologick\u00e9 kliniky","description":"<p>Akce se uskute\u010dn\u00ed <b>11.6.2019<\/b> na poliklinice FN Ostrava ve 4.&nbsp;pat\u0159e dve\u0159e \u010d.&nbsp;6, na adrese 17.&nbsp;listopadu 1790\/5, Ostrava \u2013 Poruba.<\/p>\n<p>Program je rozd\u011blen do dvou \u010d\u00e1st\u00ed:<\/p>\n<ul>\n<li>od 9.00 do 12.00 pro \u0161irokou ve\u0159ejnost<\/li>\n<li><b>od 13.00 do 15.00 pro odbornou ve\u0159ejnost.<\/b><\/li>\n<\/ul>\n<p><b>\u00a0<\/b>Na n\u00e1sleduj\u00edc\u00edm odkazu najdete video pozv\u00e1nku vedouc\u00edho Kognitivn\u00edho centra pana MUDr. Pavla Ressnera, Ph.D.\u00a0\u00a0 <a href=\"https:\/\/www.youtube.com\/watch?v=gd7yr3sGLs0\">https:\/\/www.youtube.com\/watch?v=gd7yr3sGLs0<\/a><\/p>","excerpt":"","slug":"den-otevrenych-dveri-kognitivniho-centra-neurologicke-kliniky","image":false,"all_day":true,"start_date":"2019-06-11 00:00:00","start_date_details":{"year":"2019","month":"06","day":"11","hour":"00","minutes":"00","seconds":"00"},"end_date":"2019-06-11 23:59:59","end_date_details":{"year":"2019","month":"06","day":"11","hour":"23","minutes":"59","seconds":"59"},"utc_start_date":"2019-06-10 22:00:00","utc_start_date_details":{"year":"2019","month":"06","day":"10","hour":"22","minutes":"00","seconds":"00"},"utc_end_date":"2019-06-11 21:59:59","utc_end_date_details":{"year":"2019","month":"06","day":"11","hour":"21","minutes":"59","seconds":"59"},"timezone":"Europe\/Prague","timezone_abbr":"CEST","cost":"","cost_details":{"currency_symbol":"","currency_position":"suffix","values":[]},"website":"","show_map":true,"show_map_link":true,"hide_from_listings":false,"sticky":false,"featured":false,"categories":[],"tags":[],"venue":[],"organizer":[],"json_ld":{"@context":"http:\/\/schema.org","@type":"Event","name":"Den otev\u0159en\u00fdch dve\u0159\u00ed Kognitivn\u00edho centra Neurologick\u00e9 kliniky","description":"&lt;p&gt;Akce se uskute\u010dn\u00ed 11.6.2019 na poliklinice FN Ostrava ve 4. pat\u0159e dve\u0159e \u010d. 6, na adrese 17. listopadu 1790\/5, Ostrava...&lt;\/p&gt;\\n","url":"https:\/\/www.czech-neuro.cz\/udalost\/den-otevrenych-dveri-kognitivniho-centra-neurologicke-kliniky\/","startDate":"2019-06-11T00:00:00+02:00","endDate":"2019-06-11T23:59:59+02:00"}}