{"id":5594,"global_id":"www.czech-neuro.cz?id=5594","global_id_lineage":["www.czech-neuro.cz?id=5594"],"author":"23","status":"publish","date":"2018-11-05 14:53:18","date_utc":"2018-11-05 13:53:18","modified":"2018-11-05 14:53:18","modified_utc":"2018-11-05 13:53:18","url":"https:\/\/www.czech-neuro.cz\/udalost\/ii-spasticka-konference\/","rest_url":"https:\/\/www.czech-neuro.cz\/api\/tribe\/events\/v1\/events\/5594","title":"II. Spastick\u00e1 konference","description":"<p>V\u00e1\u017een\u00e9 kolegyn\u011b, v\u00e1\u017een\u00ed kolegov\u00e9,<\/p>\n<p>dovolujeme si V\u00e1s pozvat na II. Spastickou konferenci, konanou 15.2.2019 v&nbsp;kinos\u00e1le Francouzsk\u00e9ho institutu, \u0160t\u011bp\u00e1nsk\u00e1 35. Po\u0159adatelem konference je Neurologick\u00e1 klinika a&nbsp;Centrum klinick\u00fdch neurov\u011bd, 1. L\u00e9ka\u0159sk\u00e9 fakulty Univerzity Karlova a&nbsp;V\u0161eobecn\u00e9 fakultn\u00ed nemocnice v&nbsp;Praze.<\/p>\n<p>Sympozium bude akreditov\u00e1no \u010ceskou l\u00e9ka\u0159skou komorou, Uni\u00ed fyzioterapeut\u016f \u010cR a&nbsp;\u010ceskou Asociac\u00ed Ergoterapeut\u016f.<\/p>\n<p>Odborn\u00fdmi garanty jsou\u00a0Prof. MUDr. Robert Jech, Ph.D.,\u00a0As. MUDr. Martina Hoskovcov\u00e1, Ph.D. a\u00a0Mgr. Ota G\u00e1l.<\/p>\n<p>T\u00e9maty leto\u0161n\u00edho ro\u010dn\u00edku jsou problematika kontraktur, evidence konceptu Guided Self-rehabilitation Contract (GSC) a&nbsp;deprese. K&nbsp;prvn\u011b jmenovan\u00e9mu t\u00e9matu p\u0159ijali na\u0161e pozv\u00e1n\u00ed dva zahrani\u010dn\u00ed host\u00e9, kte\u0159\u00ed nast\u00edn\u00ed teoretick\u00e9 pozad\u00ed l\u00e9\u010dby kontraktur (Sudarshan Dayanidhi) a&nbsp;mo\u017enosti diferenci\u00e1ln\u00ed diagnostiky (Thierry Deltombe). K&nbsp;t\u00e9matu d\u00e1le promluv\u00ed dva \u010de\u0161t\u00ed p\u0159edn\u00e1\u0161ej\u00edc\u00ed, l\u00edd\u0159i chirurgie horn\u00ed (Ludmila Fialov\u00e1) a&nbsp;doln\u00ed kon\u010detiny (Pavel Smetana). V&nbsp;n\u00e1sleduj\u00edc\u00edm bloku p\u0159edstav\u00ed Jean-Michel Gracies poprv\u00e9 ve\u0159ejn\u011b\u00a0v\u00fdsledky rozs\u00e1hl\u00e9 francouzsk\u00e9 studie srovn\u00e1vaj\u00edc\u00ed GSC s&nbsp;konve\u010dn\u00ed terapi\u00ed. Dal\u0161\u00ed p\u0159edn\u00e1\u0161ka tohoto bloku nast\u00edn\u00ed design studie, kter\u00e1 bude mapovat neurofyziologick\u00e9 a&nbsp;funk\u010dn\u011b zobrazovac\u00ed korel\u00e1ty konven\u010dn\u00ed terapie v&nbsp;porovn\u00e1n\u00ed s&nbsp;GSC (Robert Jech). Kone\u010dn\u011b posledn\u00edho t\u00e9matu se ujme Ale\u0161 Stuchl\u00edk, kter\u00fd nast\u00edn\u00ed souvislosti mezi depres\u00ed a&nbsp;motorick\u00fdm u\u010den\u00edm, abychom se v&nbsp;n\u00e1sleduj\u00edc\u00ed p\u0159edn\u00e1\u0161ce dozv\u011bd\u011bli o&nbsp;spr\u00e1vn\u00e9 strategii jej\u00ed l\u00e9\u010dby (Tereza Uhrov\u00e1).<\/p>\n<p>V p\u0159\u00edpad\u011b anglick\u00fdch p\u0159edn\u00e1\u0161ek bude zaji\u0161t\u011bno simult\u00e1nn\u00ed tlumo\u010den\u00ed.<\/p>\n<p>T\u011b\u0161\u00edme se na mo\u017enost osobn\u00edho setk\u00e1n\u00ed a&nbsp;diskuse nad \u017ehav\u00fdmi t\u00e9maty z&nbsp;na\u0161eho oboru.<\/p>\n<p>Robert Jech, Martina Hoskovcov\u00e1, Ota G\u00e1l<\/p>","excerpt":"","slug":"ii-spasticka-konference","image":false,"all_day":true,"start_date":"2019-02-15 00:00:00","start_date_details":{"year":"2019","month":"02","day":"15","hour":"00","minutes":"00","seconds":"00"},"end_date":"2019-02-15 23:59:59","end_date_details":{"year":"2019","month":"02","day":"15","hour":"23","minutes":"59","seconds":"59"},"utc_start_date":"2019-02-14 23:00:00","utc_start_date_details":{"year":"2019","month":"02","day":"14","hour":"23","minutes":"00","seconds":"00"},"utc_end_date":"2019-02-15 22:59:59","utc_end_date_details":{"year":"2019","month":"02","day":"15","hour":"22","minutes":"59","seconds":"59"},"timezone":"Europe\/Prague","timezone_abbr":"CET","cost":"","cost_details":{"currency_symbol":"","currency_position":"suffix","values":[]},"website":"https:\/\/spastic-conference.info\/","show_map":true,"show_map_link":true,"hide_from_listings":false,"sticky":false,"featured":false,"categories":[{"name":"\u010cesk\u00e1 republika","slug":"ceska-republika","term_group":0,"term_taxonomy_id":7,"taxonomy":"tribe_events_cat","description":"","parent":0,"count":396,"filter":"raw","id":7,"urls":{"self":"https:\/\/www.czech-neuro.cz\/api\/tribe\/events\/v1\/categories\/7","collection":"https:\/\/www.czech-neuro.cz\/api\/tribe\/events\/v1\/categories"}}],"tags":[],"venue":{"id":5597,"author":"23","status":"publish","date":"2018-11-05 14:53:19","date_utc":"2018-11-05 13:53:19","modified":"2018-11-05 14:53:19","modified_utc":"2018-11-05 13:53:19","url":"https:\/\/www.czech-neuro.cz\/misto-konani\/francouzsky-institut-2\/","venue":"Francouzsk\u00fd institut","slug":"francouzsky-institut-2","address":"\u0160t\u011bp\u00e1nsk\u00e1 35","city":"Praha 1","country":"\u010cesk\u00e1 republika","json_ld":{"@type":"Place","name":"Francouzsk\u00fd institut","description":"","url":"https:\/\/www.czech-neuro.cz\/misto-konani\/francouzsky-institut-2\/","address":{"@type":"PostalAddress","streetAddress":"\u0160t\u011bp\u00e1nsk\u00e1 35","addressLocality":"Praha 1","addressCountry":"\u010cesk\u00e1 republika"},"telephone":"","sameAs":""},"show_map":true,"show_map_link":true,"global_id":"www.czech-neuro.cz?id=5597","global_id_lineage":["www.czech-neuro.cz?id=5597"]},"organizer":[],"json_ld":{"@context":"http:\/\/schema.org","@type":"Event","name":"II. Spastick\u00e1 konference","description":"&lt;p&gt;V\u00e1\u017een\u00e9 kolegyn\u011b, v\u00e1\u017een\u00ed kolegov\u00e9, dovolujeme si V\u00e1s pozvat na II. Spastickou konferenci, konanou 15.2.2019 v kinos\u00e1le Francouzsk\u00e9ho institutu, \u0160t\u011bp\u00e1nsk\u00e1 35....&lt;\/p&gt;\\n","url":"https:\/\/www.czech-neuro.cz\/udalost\/ii-spasticka-konference\/","startDate":"2019-02-15T00:00:00+01:00","endDate":"2019-02-15T23:59:59+01:00","location":{"@type":"Place","name":"Francouzsk\u00fd institut","description":"","url":"https:\/\/www.czech-neuro.cz\/misto-konani\/francouzsky-institut-2\/","address":{"@type":"PostalAddress","streetAddress":"\u0160t\u011bp\u00e1nsk\u00e1 35","addressLocality":"Praha 1","addressCountry":"\u010cesk\u00e1 republika"},"telephone":"","sameAs":""}}}