{"id":15521,"global_id":"www.czech-neuro.cz?id=15521","global_id_lineage":["www.czech-neuro.cz?id=15521"],"author":"23","status":"publish","date":"2025-09-10 11:17:44","date_utc":"2025-09-10 09:17:44","modified":"2025-09-10 11:17:44","modified_utc":"2025-09-10 09:17:44","url":"https:\/\/www.czech-neuro.cz\/udalost\/konference-co-nevime-o-dmo\/","rest_url":"https:\/\/www.czech-neuro.cz\/api\/tribe\/events\/v1\/events\/15521","title":"Konference &#8211; Co (ne)v\u00edme o&nbsp;DMO","description":"<p style=\"text-align: center;\"><strong>Co (ne)v\u00edme o&nbsp;DMO <\/strong><strong>aneb\u00a0<\/strong><strong>Zdravotn\u00ed, soci\u00e1ln\u00ed a&nbsp;dal\u0161\u00ed kl\u00ed\u010dov\u00e9\u00a0\u00a0<\/strong><strong>aspekty \u017eivota s&nbsp;touto diagn\u00f3zou v&nbsp;dosp\u011blosti<\/strong><\/p>\n<p>Kdy: <strong>25.&nbsp;z\u00e1\u0159\u00ed 2025<\/strong><\/p>\n<p>Kde: <strong>v prostor\u00e1ch Fakulty soci\u00e1ln\u00edch v\u011bd UK (U&nbsp;K\u0159\u00ed\u017ee 8, Praha 5 \u2013 Jinonice)<\/strong><\/p>\n<p>Konference si klade za c\u00edl prezentovat aktu\u00e1ln\u00ed poznatky o&nbsp;DMO zejm\u00e9na v&nbsp;oblasti zdravotn\u00ed a&nbsp;soci\u00e1ln\u00ed sf\u00e9ry, kter\u00e9 jsou v&nbsp;p\u0159\u00edpad\u011b t\u00e9to diagn\u00f3zy \u00fazce propojen\u00e9, a&nbsp;z\u00e1rove\u0148 otev\u0159\u00edt mezioborovou diskusi o&nbsp;tom, jak\u00e9 jsou skute\u010dn\u00e9 pot\u0159eby dosp\u011bl\u00fdch s&nbsp;DMO a&nbsp;jak na n\u011b m\u016f\u017ee spole\u010dnost l\u00e9pe reagovat. Zveme odborn\u00edky z&nbsp;oblasti zdravotnictv\u00ed, soci\u00e1ln\u00edch slu\u017eeb, politiky, v\u00fdzkumu i&nbsp;vzd\u011bl\u00e1v\u00e1n\u00ed, stejn\u011b jako samotn\u00e9 osoby s&nbsp;DMO a&nbsp;dal\u0161\u00ed z\u00e1jemce. Spole\u010dn\u011b budeme sd\u00edlet zku\u0161enosti, data, p\u0159\u00edklady dobr\u00e9 praxe i&nbsp;v\u00fdzvy, kter\u00e9 je t\u0159eba \u0159e\u0161it.<\/p>\n<p>V\u00edce informac\u00ed k&nbsp;t\u00e9mat\u016fm a&nbsp;kon\u00e1n\u00ed konference najdete na <strong>webov\u00e9 str\u00e1nce\u00a0 <\/strong><a href=\"https:\/\/iss.fsv.cuni.cz\/konferenceDMO\"><strong>https:\/\/iss.fsv.cuni.cz\/konferenceDMO<\/strong><\/a><\/p>\n<p><strong>V p\u0159\u00edpad\u011b z\u00e1jmu se registrujte prost\u0159ednictv\u00edm\u00a0<\/strong><a href=\"https:\/\/docs.google.com\/forms\/d\/1u2peM5EIAcboLHZXfqIEBZKWCe8YKPKakItZPYBojp4\/viewform?edit_requested=true\"><strong>formul\u00e1\u0159e<\/strong><\/a><strong>\u00a0do 21.&nbsp;z\u00e1\u0159\u00ed 2025.<\/strong><\/p>\n<p>T\u011b\u0161\u00edme se na Va\u0161i \u00fa\u010dast<\/p>\n<p>Sdru\u017een\u00ed pro komplexn\u00ed p\u00e9\u010di p\u0159i&nbsp;d\u011btsk\u00e9 mozkov\u00e9 obrn\u011b a&nbsp;Katedra ve\u0159ejn\u00e9 a&nbsp;soci\u00e1ln\u00ed politiky Institutu sociologick\u00fdch studi\u00ed Fakulty soci\u00e1ln\u00edch v\u011bd Univerzity Karlovy<\/p>","excerpt":"","slug":"konference-co-nevime-o-dmo","image":false,"all_day":true,"start_date":"2025-09-25 00:00:00","start_date_details":{"year":"2025","month":"09","day":"25","hour":"00","minutes":"00","seconds":"00"},"end_date":"2025-09-25 23:59:59","end_date_details":{"year":"2025","month":"09","day":"25","hour":"23","minutes":"59","seconds":"59"},"utc_start_date":"2025-09-24 22:00:00","utc_start_date_details":{"year":"2025","month":"09","day":"24","hour":"22","minutes":"00","seconds":"00"},"utc_end_date":"2025-09-25 21:59:59","utc_end_date_details":{"year":"2025","month":"09","day":"25","hour":"21","minutes":"59","seconds":"59"},"timezone":"Europe\/Prague","timezone_abbr":"CEST","cost":"","cost_details":{"currency_symbol":"","currency_position":"suffix","values":[]},"website":"https:\/\/iss.fsv.cuni.cz\/konferenceDMO","show_map":true,"show_map_link":true,"hide_from_listings":false,"sticky":false,"featured":false,"categories":[{"name":"\u010cesk\u00e1 republika","slug":"ceska-republika","term_group":0,"term_taxonomy_id":7,"taxonomy":"tribe_events_cat","description":"","parent":0,"count":397,"filter":"raw","id":7,"urls":{"self":"https:\/\/www.czech-neuro.cz\/api\/tribe\/events\/v1\/categories\/7","collection":"https:\/\/www.czech-neuro.cz\/api\/tribe\/events\/v1\/categories"}}],"tags":[],"venue":[],"organizer":[],"json_ld":{"@context":"http:\/\/schema.org","@type":"Event","name":"Konference &#8211; Co (ne)v\u00edme o&nbsp;DMO","description":"&lt;p&gt;Co (ne)v\u00edme o DMO aneb\u00a0Zdravotn\u00ed, soci\u00e1ln\u00ed a dal\u0161\u00ed kl\u00ed\u010dov\u00e9\u00a0\u00a0aspekty \u017eivota s touto diagn\u00f3zou v dosp\u011blosti Kdy: 25. z\u00e1\u0159\u00ed 2025 Kde:...&lt;\/p&gt;\\n","url":"https:\/\/www.czech-neuro.cz\/udalost\/konference-co-nevime-o-dmo\/","startDate":"2025-09-25T00:00:00+02:00","endDate":"2025-09-25T23:59:59+02:00"}}