{"id":14756,"global_id":"www.czech-neuro.cz?id=14756","global_id_lineage":["www.czech-neuro.cz?id=14756"],"author":"23","status":"publish","date":"2024-11-12 16:41:53","date_utc":"2024-11-12 15:41:53","modified":"2024-11-12 16:43:18","modified_utc":"2024-11-12 15:43:18","url":"https:\/\/www.czech-neuro.cz\/udalost\/tyden-rizik-malnutrice\/","rest_url":"https:\/\/www.czech-neuro.cz\/api\/tribe\/events\/v1\/events\/14756","title":"T\u00fdden rizik malnutrice","description":"<p><strong>Malnutrice zhor\u0161uje pr\u016fb\u011bh onemocn\u011bn\u00ed!<\/strong><\/p>\n<p><strong>\u00a0<\/strong><strong>11. \u2013 15.\u00a0listopadu 2024<\/strong>\u00a0prob\u011bhne osv\u011btov\u00e1 iniciativa\u00a0<strong>T\u00fdden rizik malnutrice<\/strong>, kter\u00e1 je sou\u010d\u00e1st\u00ed celosv\u011btov\u00e9ho projektu \u201eMalnutrition Awareness Week\u201c. V\u00a0\u010cesk\u00e9 republice kampa\u0148 organizuje Aliance pro nutri\u010dn\u00ed p\u00e9\u010di (<a href=\"http:\/\/www.apnp.cz\/\">www.apnp.cz<\/a>), o.p.s. ve spolupr\u00e1ci s\u00a0odbornou Spole\u010dnost\u00ed pro klinickou v\u00fd\u017eivu a\u00a0intenzivn\u00ed metabolickou p\u00e9\u010di (<a href=\"http:\/\/www.skvimp.cz\/\">www.skvimp.cz<\/a>). Kampa\u0148 prob\u00edh\u00e1 pod z\u00e1\u0161titou Ministerstva zdravotnictv\u00ed \u010cR.<\/p>\n<p>C\u00edlem\u00a0<strong>T\u00fddne rizik malnutrice<\/strong>\u00a0je upozornit \u0161irokou laickou i\u00a0odbornou ve\u0159ejnost na to, \u017ee\u00a0<strong>malnutrice je v\u00e1\u017en\u00fdm probl\u00e9mem<\/strong>, kter\u00fd negativn\u011b ovliv\u0148uje p\u0159e\u017e\u00edv\u00e1n\u00ed pacient\u016f, schopnost uzdraven\u00ed,\u00a0sob\u011bsta\u010dnost a\u00a0mo\u017enost \u017e\u00edt pln\u00fd a\u00a0kvalitn\u00ed \u017eivot. Malnutrice v\u00fdznamn\u011b zvy\u0161uje n\u00e1klady na zdravotn\u00ed p\u00e9\u010di. Odhadovan\u00e9 ro\u010dn\u00ed n\u00e1klady spojen\u00e9 s\u00a0n\u00e1sledky malnutrice p\u0159i\u00a0nemoci se v\u00a0\u010cesk\u00e9 republice odhaduj\u00ed na 90-100 mld. K\u010d ro\u010dn\u011b.<\/p>\n<p>Malnutrici\u00a0<strong>lze efektivn\u011b \u0159e\u0161it<\/strong>. Je nutn\u00e9 v\u011bnovat pozornost p\u0159\u00edznak\u016fm, vyu\u017e\u00edvat mo\u017enosti nutri\u010dn\u00edho screeningu a\u00a0v\u010das vyhledat odbornou pomoc l\u00e9ka\u0159e nutricionisty a\u00a0nutri\u010dn\u00edho terapeuta v\u00a0r\u00e1mci nemocnice nebo v\u00a0nutri\u010dn\u00ed ambulanci. Seznam nutri\u010dn\u00edch ambulanc\u00ed je k\u00a0dispozici na\u00a0<a href=\"https:\/\/skvimp.cz\/nutricni-ambulance\/\">Nutri\u010dn\u00ed ambulance \u2013 SKVIMP<\/a>, seznam Ambulanc\u00ed nutri\u010dn\u00edch terapeut\u016f najdete na\u00a0<a href=\"https:\/\/www.cant.cz\/seznam-ambulanci\/\">Ambulance \u010cANT<\/a>\u00a0a\u00a0<a href=\"https:\/\/www.nutricniterapeuti.cz\/nutrition-clinics\">Ambulance SNT \u010cAS<\/a>.<\/p>\n<p>Pro \u0161irokou laickou ve\u0159ejnost je k\u00a0dispozici \u00a0<a href=\"https:\/\/www.facebook.com\/rizika.malnutrice\">Facebook<\/a>\u00a0a\u00a0web\u00a0<a href=\"http:\/\/www.rizikamalnutrice.cz\/\">www.<strong>Rizika<\/strong><strong>Malnutrice<\/strong><strong>.cz<\/strong><\/a>, kter\u00fd obsahuje odborn\u011b ov\u011b\u0159en\u00e9 informace o\u00a0v\u00fd\u017eiv\u011b p\u0159i\u00a0r\u016fzn\u00fdch onemocn\u011bn\u00edch, n\u00e1vody, jak si pomoci a\u00a0<strong>kalkula\u010dku rizika malnutrice<\/strong>.\u00a0 Zdravotn\u00edci zde najdou praktick\u00e9 n\u00e1vody pro diagnostiku a\u00a0komplexn\u00ed l\u00e9\u010debn\u00fd p\u0159\u00edstup s\u00a0vyu\u017eit\u00edm v\u0161ech modalit klinick\u00e9 v\u00fd\u017eivy.<\/p>\n<p><a href=\"https:\/\/www.czech-neuro.cz\/content\/uploads\/2024\/11\/priloha-2_apnp_venujte-pozornost-vyzive_page-0001.jpg\" data-size=\"1754x2481\"><img loading=\"lazy\" decoding=\"async\" class=\"aligncenter wp-image-14754\" src=\"https:\/\/www.czech-neuro.cz\/content\/uploads\/2024\/11\/priloha-2_apnp_venujte-pozornost-vyzive_page-0001-212x300.jpg\" alt=\"\" width=\"735\" height=\"1040\" srcset=\"https:\/\/www.czech-neuro.cz\/content\/uploads\/2024\/11\/priloha-2_apnp_venujte-pozornost-vyzive_page-0001-212x300.jpg 212w, https:\/\/www.czech-neuro.cz\/content\/uploads\/2024\/11\/priloha-2_apnp_venujte-pozornost-vyzive_page-0001-724x1024.jpg 724w, https:\/\/www.czech-neuro.cz\/content\/uploads\/2024\/11\/priloha-2_apnp_venujte-pozornost-vyzive_page-0001-768x1086.jpg 768w, https:\/\/www.czech-neuro.cz\/content\/uploads\/2024\/11\/priloha-2_apnp_venujte-pozornost-vyzive_page-0001-1086x1536.jpg 1086w, https:\/\/www.czech-neuro.cz\/content\/uploads\/2024\/11\/priloha-2_apnp_venujte-pozornost-vyzive_page-0001-1448x2048.jpg 1448w, https:\/\/www.czech-neuro.cz\/content\/uploads\/2024\/11\/priloha-2_apnp_venujte-pozornost-vyzive_page-0001-60x85.jpg 60w, https:\/\/www.czech-neuro.cz\/content\/uploads\/2024\/11\/priloha-2_apnp_venujte-pozornost-vyzive_page-0001.jpg 1754w\" sizes=\"auto, (max-width: 735px) 100vw, 735px\" \/><\/a><\/p>","excerpt":"","slug":"tyden-rizik-malnutrice","image":{"url":"https:\/\/www.czech-neuro.cz\/content\/uploads\/2024\/11\/3_banner_tyden-rizik_300x300_copy.jpg","id":14753,"extension":"jpg","width":300,"height":300,"filesize":50641,"sizes":{"thumbnail":{"width":150,"height":150,"mime-type":"image\/jpeg","filesize":33945,"url":"https:\/\/www.czech-neuro.cz\/content\/uploads\/2024\/11\/3_banner_tyden-rizik_300x300_copy-150x150.jpg"},"post-thumbnail":{"width":100,"height":100,"mime-type":"image\/jpeg","filesize":25512,"url":"https:\/\/www.czech-neuro.cz\/content\/uploads\/2024\/11\/3_banner_tyden-rizik_300x300_copy-100x100.jpg"},"fiat_thumb":{"width":60,"height":60,"mime-type":"image\/jpeg","filesize":19521,"url":"https:\/\/www.czech-neuro.cz\/content\/uploads\/2024\/11\/3_banner_tyden-rizik_300x300_copy-60x60.jpg"}}},"all_day":true,"start_date":"2024-11-11 00:00:00","start_date_details":{"year":"2024","month":"11","day":"11","hour":"00","minutes":"00","seconds":"00"},"end_date":"2024-11-15 23:59:59","end_date_details":{"year":"2024","month":"11","day":"15","hour":"23","minutes":"59","seconds":"59"},"utc_start_date":"2024-11-10 23:00:00","utc_start_date_details":{"year":"2024","month":"11","day":"10","hour":"23","minutes":"00","seconds":"00"},"utc_end_date":"2024-11-15 22:59:59","utc_end_date_details":{"year":"2024","month":"11","day":"15","hour":"22","minutes":"59","seconds":"59"},"timezone":"Europe\/Prague","timezone_abbr":"CET","cost":"","cost_details":{"currency_symbol":"","currency_position":"suffix","values":[]},"website":"www.RizikaMalnutrice.cz","show_map":true,"show_map_link":true,"hide_from_listings":false,"sticky":false,"featured":false,"categories":[{"name":"\u010cesk\u00e1 republika","slug":"ceska-republika","term_group":0,"term_taxonomy_id":7,"taxonomy":"tribe_events_cat","description":"","parent":0,"count":396,"filter":"raw","id":7,"urls":{"self":"https:\/\/www.czech-neuro.cz\/api\/tribe\/events\/v1\/categories\/7","collection":"https:\/\/www.czech-neuro.cz\/api\/tribe\/events\/v1\/categories"}}],"tags":[],"venue":[],"organizer":[],"json_ld":{"@context":"http:\/\/schema.org","@type":"Event","name":"T\u00fdden rizik malnutrice","description":"&lt;p&gt;Malnutrice zhor\u0161uje pr\u016fb\u011bh onemocn\u011bn\u00ed! \u00a011. \u2013 15.\u00a0listopadu 2024\u00a0prob\u011bhne osv\u011btov\u00e1 iniciativa\u00a0T\u00fdden rizik malnutrice, kter\u00e1 je sou\u010d\u00e1st\u00ed celosv\u011btov\u00e9ho projektu \u201eMalnutrition Awareness Week\u201c....&lt;\/p&gt;\\n","image":"https:\/\/www.czech-neuro.cz\/content\/uploads\/2024\/11\/3_banner_tyden-rizik_300x300_copy.jpg","url":"https:\/\/www.czech-neuro.cz\/udalost\/tyden-rizik-malnutrice\/","startDate":"2024-11-11T00:00:00+01:00","endDate":"2024-11-15T23:59:59+01:00"}}