{"id":13784,"global_id":"www.czech-neuro.cz?id=13784","global_id_lineage":["www.czech-neuro.cz?id=13784"],"author":"23","status":"publish","date":"2023-11-14 20:28:24","date_utc":"2023-11-14 19:28:24","modified":"2023-11-14 20:28:24","modified_utc":"2023-11-14 19:28:24","url":"https:\/\/www.czech-neuro.cz\/udalost\/neurointenzivni-pece\/","rest_url":"https:\/\/www.czech-neuro.cz\/api\/tribe\/events\/v1\/events\/13784","title":"NEUROINTENZIVN\u00cd P\u00c9\u010cE","description":"<p>Dobr\u00fd den,<\/p>\n<p>velmi r\u00e1da bych V\u00e1s pozvala na semin\u00e1\u0159 po\u0159\u00e1dan\u00fd Neurologickou klinikou FN Ostrava, Katedrou klinick\u00fdch neurov\u011bd LF OU ve spolupr\u00e1ci s\u00a0\u010ceskou l\u00e9ka\u0159skou komorou na t\u00e9ma<strong>\u00a0<\/strong><\/p>\n<p style=\"text-align: center;\"><strong>NEUROINTENZIVN\u00cd P\u00c9\u010cE<\/strong><\/p>\n<p>Semin\u00e1\u0159 se uskute\u010dn\u00ed v&nbsp;pond\u011bl\u00ed\u00a0<strong>20. <\/strong><strong>11.&nbsp;2023 od\u00a016:00 hod.\u00a0v\u00a0zasedac\u00ed m\u00edstnosti Domova sester FNO.<\/strong><\/p>\n<p>POVINN\u00c9 p\u0159ihl\u00e1\u0161en\u00ed k&nbsp;semin\u00e1\u0159i\u00a0pros\u00edm prove\u010fte zde \u2192 <a href=\"https:\/\/www.fno.cz\/kongresy-a-seminare\/registrace-na-seminar-neurointenzivni-pece\">https:\/\/www.fno.cz\/kongresy-a-seminare\/registrace-na-seminar-neurointenzivni-pece<\/a><\/p>\n<p>Koordin\u00e1torem semin\u00e1\u0159e je MUDr. Petr Hon, MBA<\/p>\n<p>Akce je ohodnocena \u010cLK<strong>\u00a02 kredity<\/strong>.<\/p>\n<p>Ob\u010derstven\u00ed zaji\u0161t\u011bno.<\/p>\n<p>Program semin\u00e1\u0159e je uveden v\u00a0p\u0159ilo\u017een\u00e9 pozv\u00e1nce. V\u00edce informac\u00ed naleznete ZDE \u2192 <a href=\"https:\/\/linkprotect.cudasvc.com\/url?a=https%3a%2f%2fwww.fno.cz%2fkongresy-a-seminare&amp;c=E,1,0P_rsxqd8fx1Ci__F0ZdP6PP6OPZsZjTCeZlFae4MAqMms11sTE0v0s7TPTRUFObOY6zS9SUuhYo22_mlUFkrs0ieZ-WZkRwPImnE69Y&amp;typo=1\">https:\/\/www.fno.cz\/kongresy-a-seminare<\/a><\/p>\n<p>D\u011bkujeme za spolupr\u00e1ci a&nbsp;t\u011b\u0161\u00edme se na va\u0161i \u00fa\u010dast!<\/p>\n<p>Za FN Ostrava,<\/p>\n<p>Ing. Hana Maiwaelderov\u00e1<br \/>\nvedouc\u00ed Odd\u011blen\u00ed marketingu<\/p>","excerpt":"","slug":"neurointenzivni-pece","image":false,"all_day":false,"start_date":"2023-11-20 16:00:00","start_date_details":{"year":"2023","month":"11","day":"20","hour":"16","minutes":"00","seconds":"00"},"end_date":"2023-11-20 18:00:00","end_date_details":{"year":"2023","month":"11","day":"20","hour":"18","minutes":"00","seconds":"00"},"utc_start_date":"2023-11-20 15:00:00","utc_start_date_details":{"year":"2023","month":"11","day":"20","hour":"15","minutes":"00","seconds":"00"},"utc_end_date":"2023-11-20 17:00:00","utc_end_date_details":{"year":"2023","month":"11","day":"20","hour":"17","minutes":"00","seconds":"00"},"timezone":"Europe\/Prague","timezone_abbr":"CET","cost":"","cost_details":{"currency_symbol":"","currency_position":"suffix","values":[]},"website":"https:\/\/www.fno.cz\/kongresy-a-seminare","show_map":true,"show_map_link":true,"hide_from_listings":false,"sticky":false,"featured":false,"categories":[{"name":"\u010cesk\u00e1 republika","slug":"ceska-republika","term_group":0,"term_taxonomy_id":7,"taxonomy":"tribe_events_cat","description":"","parent":0,"count":396,"filter":"raw","id":7,"urls":{"self":"https:\/\/www.czech-neuro.cz\/api\/tribe\/events\/v1\/categories\/7","collection":"https:\/\/www.czech-neuro.cz\/api\/tribe\/events\/v1\/categories"}}],"tags":[],"venue":[],"organizer":[],"json_ld":{"@context":"http:\/\/schema.org","@type":"Event","name":"NEUROINTENZIVN\u00cd P\u00c9\u010cE","description":"&lt;p&gt;Dobr\u00fd den, velmi r\u00e1da bych V\u00e1s pozvala na semin\u00e1\u0159 po\u0159\u00e1dan\u00fd Neurologickou klinikou FN Ostrava, Katedrou klinick\u00fdch neurov\u011bd LF OU ve...&lt;\/p&gt;\\n","url":"https:\/\/www.czech-neuro.cz\/udalost\/neurointenzivni-pece\/","startDate":"2023-11-20T16:00:00+01:00","endDate":"2023-11-20T18:00:00+01:00"}}