{"id":13406,"global_id":"www.czech-neuro.cz?id=13406","global_id_lineage":["www.czech-neuro.cz?id=13406"],"author":"23","status":"publish","date":"2023-07-18 09:34:41","date_utc":"2023-07-18 07:34:41","modified":"2023-07-18 09:34:41","modified_utc":"2023-07-18 07:34:41","url":"https:\/\/www.czech-neuro.cz\/udalost\/3-dny-prakticke-neurologie\/","rest_url":"https:\/\/www.czech-neuro.cz\/api\/tribe\/events\/v1\/events\/13406","title":"3.&nbsp;dny praktick\u00e9 neurologie","description":"<p>Podzimn\u00ed popr\u00e1zdninovou kongresovou sez\u00f3nu vzd\u011bl\u00e1vac\u00edch akc\u00ed pro praktick\u00e9 neurology zah\u00e1j\u00edme 3.&nbsp;ro\u010dn\u00edkem Dn\u016f praktick\u00e9 neurologie, kter\u00fd se uskute\u010dn\u00ed ve dnech 14.\u201315.&nbsp;9.&nbsp;2023 v\u00a0Hotelu Clarion v\u00a0\u00dast\u00ed nad Labem. Prezidentem t\u00e9to akce je prof. MUDr. Ivan Rektor, CSc. FCMA, FEAN, FANA \u2013 p\u0159edseda redak\u010dn\u00ed rady \u010dasopisu Neurologie pro praxi.<\/p>\n<p>Na\u0161\u00ed snahou je p\u0159ibl\u00ed\u017eit praktick\u00fdm neurolog\u016fm novinky v\u00a0l\u00e9\u010db\u011b neurologick\u00fdch onemocn\u011bn\u00ed a&nbsp;mo\u017enosti jejich l\u00e9\u010dby, kter\u00e9 nab\u00edz\u00ed region severn\u00edch \u010cech v\u00a0jednotliv\u00fdch nemocni\u010dn\u00edch za\u0159\u00edzen\u00edch. T\u011b\u0161it se m\u016f\u017eete na zaj\u00edmav\u00e9 p\u0159edn\u00e1\u0161ky o&nbsp;epilepsii, c\u00e9vn\u00edch mozkov\u00fdch p\u0159\u00edhod\u00e1ch, nervosvalov\u00fdch onemocn\u011bn\u00edch a&nbsp;neurooftalmologii; a&nbsp;nebude chyb\u011bt ani obl\u00edben\u00fd sout\u011b\u017en\u00ed blok kazuistik.<\/p>\n<p>V\u011b\u0159\u00edme, \u017ee si Dny praktick\u00e9 neurologie najdou m\u00edsto v\u00a0kalend\u00e1\u0159i V\u00e1mi nav\u0161t\u011bvovan\u00fdch akc\u00ed pro praktick\u00e9 i&nbsp;klinick\u00e9 neurology.<\/p>","excerpt":"","slug":"3-dny-prakticke-neurologie","image":false,"all_day":true,"start_date":"2023-09-14 00:00:00","start_date_details":{"year":"2023","month":"09","day":"14","hour":"00","minutes":"00","seconds":"00"},"end_date":"2023-09-15 23:59:59","end_date_details":{"year":"2023","month":"09","day":"15","hour":"23","minutes":"59","seconds":"59"},"utc_start_date":"2023-09-13 22:00:00","utc_start_date_details":{"year":"2023","month":"09","day":"13","hour":"22","minutes":"00","seconds":"00"},"utc_end_date":"2023-09-15 21:59:59","utc_end_date_details":{"year":"2023","month":"09","day":"15","hour":"21","minutes":"59","seconds":"59"},"timezone":"Europe\/Prague","timezone_abbr":"CEST","cost":"","cost_details":{"currency_symbol":"","currency_position":"suffix","values":[]},"website":"https:\/\/neuusti.cz\/","show_map":true,"show_map_link":true,"hide_from_listings":false,"sticky":false,"featured":false,"categories":[{"name":"\u010cesk\u00e1 republika","slug":"ceska-republika","term_group":0,"term_taxonomy_id":7,"taxonomy":"tribe_events_cat","description":"","parent":0,"count":396,"filter":"raw","id":7,"urls":{"self":"https:\/\/www.czech-neuro.cz\/api\/tribe\/events\/v1\/categories\/7","collection":"https:\/\/www.czech-neuro.cz\/api\/tribe\/events\/v1\/categories"}}],"tags":[],"venue":{"id":1415,"author":"23","status":"publish","date":"2017-10-13 09:17:15","date_utc":"2017-10-13 07:17:15","modified":"2017-10-13 09:17:18","modified_utc":"2017-10-13 07:17:18","url":"https:\/\/www.czech-neuro.cz\/misto-konani\/ceska-republika-usti-nad-labem\/","venue":"\u010cesk\u00e1 republika &#8211; \u00dast\u00ed nad Labem","slug":"ceska-republika-usti-nad-labem","city":"\u00dast\u00ed nad Labem","country":"\u010cesk\u00e1 republika","json_ld":{"@type":"Place","name":"\u010cesk\u00e1 republika &#8211; \u00dast\u00ed nad Labem","description":"","url":"https:\/\/www.czech-neuro.cz\/misto-konani\/ceska-republika-usti-nad-labem\/","address":{"@type":"PostalAddress","addressLocality":"\u00dast\u00ed nad Labem","addressCountry":"\u010cesk\u00e1 republika"},"telephone":"","sameAs":""},"show_map":true,"show_map_link":true,"global_id":"www.czech-neuro.cz?id=1415","global_id_lineage":["www.czech-neuro.cz?id=1415"]},"organizer":[],"json_ld":{"@context":"http:\/\/schema.org","@type":"Event","name":"3.&nbsp;dny praktick\u00e9 neurologie","description":"&lt;p&gt;Podzimn\u00ed popr\u00e1zdninovou kongresovou sez\u00f3nu vzd\u011bl\u00e1vac\u00edch akc\u00ed pro praktick\u00e9 neurology zah\u00e1j\u00edme 3. ro\u010dn\u00edkem Dn\u016f praktick\u00e9 neurologie, kter\u00fd se uskute\u010dn\u00ed ve dnech...&lt;\/p&gt;\\n","url":"https:\/\/www.czech-neuro.cz\/udalost\/3-dny-prakticke-neurologie\/","startDate":"2023-09-14T00:00:00+02:00","endDate":"2023-09-15T23:59:59+02:00","location":{"@type":"Place","name":"\u010cesk\u00e1 republika &#8211; \u00dast\u00ed nad Labem","description":"","url":"https:\/\/www.czech-neuro.cz\/misto-konani\/ceska-republika-usti-nad-labem\/","address":{"@type":"PostalAddress","addressLocality":"\u00dast\u00ed nad Labem","addressCountry":"\u010cesk\u00e1 republika"},"telephone":"","sameAs":""}}}