{"id":13325,"global_id":"www.czech-neuro.cz?id=13325","global_id_lineage":["www.czech-neuro.cz?id=13325"],"author":"23","status":"publish","date":"2023-06-08 10:28:42","date_utc":"2023-06-08 08:28:42","modified":"2023-06-08 10:29:53","modified_utc":"2023-06-08 08:29:53","url":"https:\/\/www.czech-neuro.cz\/udalost\/seminar-bolesti-hlavy\/","rest_url":"https:\/\/www.czech-neuro.cz\/api\/tribe\/events\/v1\/events\/13325","title":"Semin\u00e1\u0159 BOLESTI HLAVY","description":"<p>Dobr\u00fd den,<\/p>\n<p>velmi r\u00e1di bychom V\u00e1s pozvali na semin\u00e1\u0159 po\u0159\u00e1dan\u00fd Neurologickou klinikou FN Ostrava, Katedrou klinick\u00fdch neurov\u011bd LF OU ve spolupr\u00e1ci s&nbsp;\u010ceskou l\u00e9ka\u0159skou komorou na t\u00e9ma<b>\u00a0<\/b><\/p>\n<p><b>BOLESTI HLAVY<\/b><\/p>\n<p><b>POZOR ZM\u011aNA UM\u00cdST\u011aN\u00cd!<\/b> Semin\u00e1\u0159 se uskute\u010dn\u00ed v\u00a0pond\u011bl\u00ed\u00a0<b>19. <\/b><b>6.&nbsp;2023 od\u00a016:00 hod.<\/b>\u00a0<b>v\u00a0HOTELU IMPERIAL OSTRAVA<\/b> <b><br \/>\n<\/b>Hotel Imperial Ostrava se nach\u00e1z\u00ed na adrese Tyr\u0161ova 1250, 702&nbsp;00 Moravsk\u00e1 Ostrava a&nbsp;P\u0159\u00edvoz \u00a0&#8211; <a href=\"https:\/\/1url.cz\/7uzKo\" target=\"blank\" rel=\"noopener\">https:\/\/1url.cz\/7uzKo<\/a><\/p>\n<p>POVINN\u00c9 p\u0159ihl\u00e1\u0161en\u00ed k&nbsp;semin\u00e1\u0159i\u00a0pros\u00edm prove\u010fte zde \u2192 <a href=\"https:\/\/www.fno.cz\/kongresy-a-seminare\/registrace-na-seminar-bolesti-hlavy\">https:\/\/www.fno.cz\/kongresy-a-seminare\/registrace-na-seminar-bolesti-hlavy<\/a><\/p>\n<p>Koordin\u00e1torem semin\u00e1\u0159e je MUDr. Petra Miga\u013eov\u00e1.<\/p>\n<p>Akce je ohodnocena \u010cLK<b>\u00a02 kredity<\/b>.<\/p>\n<p>Ob\u010derstven\u00ed zaji\u0161t\u011bno.<\/p>\n<p>Program semin\u00e1\u0159e je uveden v\u00a0p\u0159ilo\u017een\u00e9 pozv\u00e1nce. V\u00edce informac\u00ed naleznete ZDE \u2192 <a href=\"https:\/\/linkprotect.cudasvc.com\/url?a=https%3a%2f%2fwww.fno.cz%2fkongresy-a-seminare&amp;c=E,1,0P_rsxqd8fx1Ci__F0ZdP6PP6OPZsZjTCeZlFae4MAqMms11sTE0v0s7TPTRUFObOY6zS9SUuhYo22_mlUFkrs0ieZ-WZkRwPImnE69Y&amp;typo=1\">https:\/\/www.fno.cz\/kongresy-a-seminare<\/a><\/p>\n<p>T\u011b\u0161\u00edme se na va\u0161i \u00fa\u010dast!<\/p>\n<p>FN Ostrava<\/p>","excerpt":"","slug":"seminar-bolesti-hlavy","image":false,"all_day":false,"start_date":"2023-06-19 16:00:00","start_date_details":{"year":"2023","month":"06","day":"19","hour":"16","minutes":"00","seconds":"00"},"end_date":"2023-06-19 18:00:00","end_date_details":{"year":"2023","month":"06","day":"19","hour":"18","minutes":"00","seconds":"00"},"utc_start_date":"2023-06-19 14:00:00","utc_start_date_details":{"year":"2023","month":"06","day":"19","hour":"14","minutes":"00","seconds":"00"},"utc_end_date":"2023-06-19 16:00:00","utc_end_date_details":{"year":"2023","month":"06","day":"19","hour":"16","minutes":"00","seconds":"00"},"timezone":"Europe\/Prague","timezone_abbr":"CEST","cost":"","cost_details":{"currency_symbol":"","currency_position":"suffix","values":[]},"website":"","show_map":true,"show_map_link":true,"hide_from_listings":false,"sticky":false,"featured":false,"categories":[{"name":"\u010cesk\u00e1 republika","slug":"ceska-republika","term_group":0,"term_taxonomy_id":7,"taxonomy":"tribe_events_cat","description":"","parent":0,"count":396,"filter":"raw","id":7,"urls":{"self":"https:\/\/www.czech-neuro.cz\/api\/tribe\/events\/v1\/categories\/7","collection":"https:\/\/www.czech-neuro.cz\/api\/tribe\/events\/v1\/categories"}}],"tags":[],"venue":[],"organizer":[],"json_ld":{"@context":"http:\/\/schema.org","@type":"Event","name":"Semin\u00e1\u0159 BOLESTI HLAVY","description":"&lt;p&gt;Dobr\u00fd den, velmi r\u00e1di bychom V\u00e1s pozvali na semin\u00e1\u0159 po\u0159\u00e1dan\u00fd Neurologickou klinikou FN Ostrava, Katedrou klinick\u00fdch neurov\u011bd LF OU ve...&lt;\/p&gt;\\n","url":"https:\/\/www.czech-neuro.cz\/udalost\/seminar-bolesti-hlavy\/","startDate":"2023-06-19T16:00:00+02:00","endDate":"2023-06-19T18:00:00+02:00"}}