{"id":12825,"global_id":"www.czech-neuro.cz?id=12825","global_id_lineage":["www.czech-neuro.cz?id=12825"],"author":"23","status":"publish","date":"2022-10-05 11:16:03","date_utc":"2022-10-05 09:16:03","modified":"2022-10-05 11:20:05","modified_utc":"2022-10-05 09:20:05","url":"https:\/\/www.czech-neuro.cz\/udalost\/webinare-o-spanku-a-jeho-poruchach\/","rest_url":"https:\/\/www.czech-neuro.cz\/api\/tribe\/events\/v1\/events\/12825","title":"Webin\u00e1\u0159e o&nbsp;sp\u00e1nku a&nbsp;jeho poruch\u00e1ch","description":"<p><a href=\"https:\/\/www.czech-neuro.cz\/content\/uploads\/2022\/10\/obrazek1.jpg\" data-size=\"605x134\"><img loading=\"lazy\" decoding=\"async\" class=\"aligncenter wp-image-12826\" src=\"https:\/\/www.czech-neuro.cz\/content\/uploads\/2022\/10\/obrazek1-300x66.jpg\" alt=\"\" width=\"432\" height=\"95\" srcset=\"https:\/\/www.czech-neuro.cz\/content\/uploads\/2022\/10\/obrazek1-300x66.jpg 300w, https:\/\/www.czech-neuro.cz\/content\/uploads\/2022\/10\/obrazek1-60x13.jpg 60w, https:\/\/www.czech-neuro.cz\/content\/uploads\/2022\/10\/obrazek1.jpg 605w\" sizes=\"auto, (max-width: 432px) 100vw, 432px\" \/><\/a><\/p>\n<p>V\u00e1\u017een\u00ed kolegov\u00e9,<\/p>\n<p>Neurologick\u00e1 klinika 1. LF a&nbsp;VFN od 1.&nbsp;1.&nbsp;2022 organizuje webin\u00e1\u0159e o&nbsp;sp\u00e1nku a&nbsp;jeho poruch\u00e1ch. T\u00e9mata jsou multioborov\u00e1. Zveme p\u0159edn\u00e1\u0161ej\u00edc\u00ed i&nbsp;z&nbsp;jin\u00fdch pracovi\u0161\u0165. P\u0159\u00edsp\u011bvky jsou asi na p\u016fl hodiny s&nbsp;n\u00e1slednou diskus\u00ed. Sna\u017e\u00edme se o&nbsp;aktu\u00e1lnost a&nbsp;z\u00e1rove\u0148 o&nbsp;co nejv\u011bt\u0161\u00ed souvislost s&nbsp;medic\u00ednou denn\u00ed praxe.<\/p>\n<p>Zveme k&nbsp;\u00fa\u010dasti l\u00e9ka\u0159e a&nbsp;zdravotn\u00edky v\u0161ech odbornost\u00ed, studenty medic\u00edny a&nbsp;jin\u00fdch zdravotnick\u00fdch obor\u016f.<\/p>\n<p>Z\u00e1jemci se registruj\u00ed vypln\u011bn\u00edm formul\u00e1\u0159e <a href=\"https:\/\/forms.office.com\/Pages\/ResponsePage.aspx?id=hnAnD-DUcUm8GrvF3w6yRs367vLm7yRElRF_YwV_kGpURDdQN1NGVktIR0Y4SkZIUjZMRVk5NDNRUi4u\" target=\"_blank\" rel=\"noopener\">ZDE<\/a>\u00a0 nejpozd\u011bji dva dny p\u0159ed webin\u00e1\u0159em. Registrovan\u00fdm n\u00e1sledn\u011b roze\u0161leme e-mailem link pro p\u0159ipojen\u00ed k&nbsp;webin\u00e1\u0159i.<\/p>\n<p>T\u011b\u0161\u00edme se na Va\u0161i \u00fa\u010dast.<\/p>\n<p><strong>Prof. MUDr. Karel \u0160onka, DrSc., FCMA<br \/>\n<\/strong>Centrum pro poruchy sp\u00e1nku a&nbsp;bd\u011bn\u00ed<br \/>\nNeurologick\u00e1 klinika 1. LF UK a&nbsp;VFN<br \/>\nKate\u0159insk\u00e1 30, 12821 Praha 2<\/p>\n<h2>Podzim 2022<\/h2>\n<p><strong>27.10.2022, 15.00 hod.<br \/>\n<\/strong><strong>Ak\u010dn\u00ed sn\u011bn\u00ed \u2013 v\u00fdznam a&nbsp;l\u00e9\u010dba<\/strong><br \/>\nMUDr. Ji\u0159\u00ed Nepo\u017eitek, PhD.<br \/>\nNeurologick\u00e1 klinika 1. LF UK a&nbsp;VFN, Praha<\/p>\n<p><strong>3.11.2022, 15.00 hod.<br \/>\n<\/strong><strong>Vyu\u017eit\u00ed sp\u00e1nkov\u00fdch dotazn\u00edk\u016f v&nbsp;praxi<\/strong><br \/>\nPhDr. Denisa Mankov\u00e1, Ph.D.<br \/>\nN\u00e1rodn\u00ed \u00fastav du\u0161evn\u00edho zdrav\u00ed, Klecany<\/p>\n<p><strong>8.12.2022, 15.00 hod.<br \/>\n<\/strong><strong>Sou\u010dasn\u00e9 mo\u017enosti dom\u00e1c\u00ed neinvazivn\u00ed ventila\u010dn\u00ed podpory<\/strong><br \/>\nMUDr. Jaroslav Ln\u011bni\u010dka<br \/>\nKlinika pneumologie 3. LF UK a&nbsp;FN Bulovka, Praha<\/p>\n<p>&nbsp;<\/p>","excerpt":"","slug":"webinare-o-spanku-a-jeho-poruchach","image":false,"all_day":false,"start_date":"2022-12-08 15:00:00","start_date_details":{"year":"2022","month":"12","day":"08","hour":"15","minutes":"00","seconds":"00"},"end_date":"2022-12-08 17:00:00","end_date_details":{"year":"2022","month":"12","day":"08","hour":"17","minutes":"00","seconds":"00"},"utc_start_date":"2022-12-08 14:00:00","utc_start_date_details":{"year":"2022","month":"12","day":"08","hour":"14","minutes":"00","seconds":"00"},"utc_end_date":"2022-12-08 16:00:00","utc_end_date_details":{"year":"2022","month":"12","day":"08","hour":"16","minutes":"00","seconds":"00"},"timezone":"Europe\/Prague","timezone_abbr":"CET","cost":"","cost_details":{"currency_symbol":"","currency_position":"suffix","values":[]},"website":"https:\/\/neurologie.lf1.cuni.cz\/1LFNK-376.html\ufeff","show_map":true,"show_map_link":true,"hide_from_listings":false,"sticky":false,"featured":false,"categories":[{"name":"\u010cesk\u00e1 republika","slug":"ceska-republika","term_group":0,"term_taxonomy_id":7,"taxonomy":"tribe_events_cat","description":"","parent":0,"count":396,"filter":"raw","id":7,"urls":{"self":"https:\/\/www.czech-neuro.cz\/api\/tribe\/events\/v1\/categories\/7","collection":"https:\/\/www.czech-neuro.cz\/api\/tribe\/events\/v1\/categories"}}],"tags":[],"venue":[],"organizer":[],"json_ld":{"@context":"http:\/\/schema.org","@type":"Event","name":"Webin\u00e1\u0159e o&nbsp;sp\u00e1nku a&nbsp;jeho poruch\u00e1ch","description":"&lt;p&gt;V\u00e1\u017een\u00ed kolegov\u00e9, Neurologick\u00e1 klinika 1. LF a VFN od 1. 1. 2022 organizuje webin\u00e1\u0159e o sp\u00e1nku a jeho poruch\u00e1ch. T\u00e9mata...&lt;\/p&gt;\\n","url":"https:\/\/www.czech-neuro.cz\/udalost\/webinare-o-spanku-a-jeho-poruchach\/","startDate":"2022-12-08T15:00:00+01:00","endDate":"2022-12-08T17:00:00+01:00"}}