{"id":11906,"global_id":"www.czech-neuro.cz?id=11906","global_id_lineage":["www.czech-neuro.cz?id=11906"],"author":"23","status":"publish","date":"2021-11-16 12:05:14","date_utc":"2021-11-16 11:05:14","modified":"2021-11-16 12:06:41","modified_utc":"2021-11-16 11:06:41","url":"https:\/\/www.czech-neuro.cz\/udalost\/11906\/","rest_url":"https:\/\/www.czech-neuro.cz\/api\/tribe\/events\/v1\/events\/11906","title":"Semin\u00e1\u0159 Neurointenzivn\u00ed p\u00e9\u010de","description":"<p>V\u00e1\u017een\u00e9 d\u00e1my, V\u00e1\u017een\u00ed p\u00e1nov\u00e9,<\/p>\n<p>r\u00e1di bychom V\u00e1s pozvali\u00a0na semin\u00e1\u0159 po\u0159\u00e1dan\u00fd Neurologickou klinikou FN Ostrava, Katedrou klinick\u00fdch neurov\u011bd LF OU ve spolupr\u00e1ci s&nbsp;\u010ceskou l\u00e9ka\u0159skou komorou na t\u00e9ma:<b>\u00a0<\/b><\/p>\n<p><b>NEUROINTENZIVN\u00cd P\u00c9\u010cE<\/b><\/p>\n<p>Semin\u00e1\u0159 se uskute\u010dn\u00ed v\u00a0pond\u011bl\u00ed\u00a0<b>15.&nbsp;11.&nbsp;2021 od\u00a016:00 hod.<\/b>\u00a0v\u00a0zasedac\u00ed m\u00edstnosti v\u00a0p\u0159\u00edzem\u00ed Domova sester FN Ostrava.<\/p>\n<p>P\u0159ihl\u00e1\u0161en\u00ed k&nbsp;semin\u00e1\u0159i prove\u010fte pros\u00edm na <a href=\"https:\/\/www.fno.cz\/neurologicka-klinika\/registrace-na-seminar-neurointenzivni-pece\" target=\"_blank\" rel=\"noopener\">tomto odkazu<\/a>.<\/p>\n<p>Koordin\u00e1torem semin\u00e1\u0159e je MUDr. Petr Hon, MBA<br \/>\n<span style=\"background-color: #ffffff;\">Akce je ohodnocena <\/span>\u010cLK<b>\u00a02 kredity<\/b><span style=\"background-color: #ffffff;\">.<\/span><\/p>\n<p>Program semin\u00e1\u0159e naleznete <a href=\"https:\/\/www.czech-neuro.cz\/content\/uploads\/2021\/11\/pozvanka-na-seminar-11-2021-clk.pdf\" target=\"_blank\" rel=\"noopener\">zde<\/a>.<\/p>\n<p>D\u011bkujeme za spolupr\u00e1ci a&nbsp;t\u011b\u0161\u00edme se na va\u0161i \u00fa\u010dast!<\/p>","excerpt":"","slug":"11906","image":false,"all_day":true,"start_date":"2021-11-15 00:00:00","start_date_details":{"year":"2021","month":"11","day":"15","hour":"00","minutes":"00","seconds":"00"},"end_date":"2021-11-15 23:59:59","end_date_details":{"year":"2021","month":"11","day":"15","hour":"23","minutes":"59","seconds":"59"},"utc_start_date":"2021-11-14 23:00:00","utc_start_date_details":{"year":"2021","month":"11","day":"14","hour":"23","minutes":"00","seconds":"00"},"utc_end_date":"2021-11-15 22:59:59","utc_end_date_details":{"year":"2021","month":"11","day":"15","hour":"22","minutes":"59","seconds":"59"},"timezone":"Europe\/Prague","timezone_abbr":"CET","cost":"","cost_details":{"currency_symbol":"","currency_position":"suffix","values":[]},"website":"","show_map":true,"show_map_link":true,"hide_from_listings":false,"sticky":false,"featured":false,"categories":[{"name":"\u010cesk\u00e1 republika","slug":"ceska-republika","term_group":0,"term_taxonomy_id":7,"taxonomy":"tribe_events_cat","description":"","parent":0,"count":396,"filter":"raw","id":7,"urls":{"self":"https:\/\/www.czech-neuro.cz\/api\/tribe\/events\/v1\/categories\/7","collection":"https:\/\/www.czech-neuro.cz\/api\/tribe\/events\/v1\/categories"}}],"tags":[],"venue":[],"organizer":[],"json_ld":{"@context":"http:\/\/schema.org","@type":"Event","name":"Semin\u00e1\u0159 Neurointenzivn\u00ed p\u00e9\u010de","description":"&lt;p&gt;V\u00e1\u017een\u00e9 d\u00e1my, V\u00e1\u017een\u00ed p\u00e1nov\u00e9, r\u00e1di bychom V\u00e1s pozvali\u00a0na semin\u00e1\u0159 po\u0159\u00e1dan\u00fd Neurologickou klinikou FN Ostrava, Katedrou klinick\u00fdch neurov\u011bd LF OU ve...&lt;\/p&gt;\\n","url":"https:\/\/www.czech-neuro.cz\/udalost\/11906\/","startDate":"2021-11-15T00:00:00+01:00","endDate":"2021-11-15T23:59:59+01:00"}}