{"id":11220,"global_id":"www.czech-neuro.cz?id=11220","global_id_lineage":["www.czech-neuro.cz?id=11220"],"author":"23","status":"publish","date":"2021-09-07 16:57:04","date_utc":"2021-09-07 14:57:04","modified":"2021-09-07 16:57:04","modified_utc":"2021-09-07 14:57:04","url":"https:\/\/www.czech-neuro.cz\/udalost\/seminar-na-tema-demyelinizacni-onemocneni\/","rest_url":"https:\/\/www.czech-neuro.cz\/api\/tribe\/events\/v1\/events\/11220","title":"Semin\u00e1\u0159 na t\u00e9ma Demyeliniza\u010dn\u00ed onemocn\u011bn\u00ed","description":"<p><del><\/del><\/p>\n<p style=\"background: white; margin: 0cm; font-size: 11pt; font-family: Calibri, sans-serif;\"><span style=\"color: #222222;\">V\u00e1\u017een\u00e9 d\u00e1my, V\u00e1\u017een\u00ed p\u00e1nov\u00e9,<\/p>\n<p><\/span><\/p>\n<p style=\"background: white; margin: 0cm; font-size: 11pt; font-family: Calibri, sans-serif;\"><span style=\"color: #222222;\">r\u00e1di bychom V\u00e1s pozvali na semin\u00e1\u0159 po\u0159\u00e1dan\u00fd Neurologickou klinikou FN Ostrava, Katedrou klinick\u00fdch neurov\u011bd LF OU ve spolupr\u00e1ci s\u00a0\u010ceskou l\u00e9ka\u0159skou komorou na t\u00e9ma:\u00a0<strong>DEMYELINIZA\u010cN\u00cd ONEMOCN\u011aN\u00cd.<\/strong><\/span><\/p>\n<p style=\"background: white; margin: 0cm; font-size: 11pt; font-family: Calibri, sans-serif;\"><b><span style=\"font-size: 9.5pt; color: black;\">\u00a0<\/span><\/b><span style=\"color: #212121;\"><\/span><\/p>\n<p style=\"background: white; margin: 0cm; font-size: 11pt; font-family: Calibri, sans-serif;\"><span style=\"color: #222222;\">Semin\u00e1\u0159 se uskute\u010dn\u00ed v\u00a0pond\u011bl\u00ed\u00a0<b>20.&nbsp;9.&nbsp;2021 od\u00a016:00 hod.<\/b>\u00a0v\u00a0zasedac\u00ed m\u00edstnosti v\u00a0<strong>p\u0159\u00edzem\u00ed Domova sester FN Ostrava<\/strong>.<\/p>\n<p><\/span><\/p>\n<p style=\"background: white; margin: 0cm; font-size: 11pt; font-family: Calibri, sans-serif;\"><span style=\"color: #222222;\">P\u0159ihl\u00e1\u0161en\u00ed k&nbsp;semin\u00e1\u0159i<\/span><span style=\"color: black;\">\u00a0nen\u00ed nutn\u00e9.<\/span><span style=\"color: black;\">\u00a0<\/span><\/p>\n<p style=\"background: white; margin: 0cm; font-size: 11pt; font-family: Calibri, sans-serif;\"><span style=\"color: #222222;\">Koordin\u00e1torem semin\u00e1\u0159e je MUDr. Pavel Hrad\u00edlek, Ph.D.<\/span><\/p>\n<p style=\"background: white; margin: 0cm; font-size: 11pt; font-family: Calibri, sans-serif;\"><span style=\"color: #222222;\">Akce je ohodnocena \u010cLK<b>\u00a02 kredity<\/b>.<\/span><\/p>\n<p style=\"background: white; margin: 0cm; font-size: 11pt; font-family: Calibri, sans-serif;\"><span style=\"color: #222222;\"><br \/>\nProgram semin\u00e1\u0159e a&nbsp;dal\u0161\u00ed informace naleznete uvnit\u0159 <strong><a href=\"https:\/\/www.czech-neuro.cz\/content\/uploads\/2021\/09\/pozvanka-na-seminar-9-2021-clk.pdf\">pozv\u00e1nky.<\/a><\/strong><\/span><\/p>\n<p>&nbsp;<\/p>","excerpt":"","slug":"seminar-na-tema-demyelinizacni-onemocneni","image":false,"all_day":true,"start_date":"2021-09-20 00:00:00","start_date_details":{"year":"2021","month":"09","day":"20","hour":"00","minutes":"00","seconds":"00"},"end_date":"2021-09-20 23:59:59","end_date_details":{"year":"2021","month":"09","day":"20","hour":"23","minutes":"59","seconds":"59"},"utc_start_date":"2021-09-19 22:00:00","utc_start_date_details":{"year":"2021","month":"09","day":"19","hour":"22","minutes":"00","seconds":"00"},"utc_end_date":"2021-09-20 21:59:59","utc_end_date_details":{"year":"2021","month":"09","day":"20","hour":"21","minutes":"59","seconds":"59"},"timezone":"Europe\/Prague","timezone_abbr":"CEST","cost":"","cost_details":{"currency_symbol":"","currency_position":"suffix","values":[]},"website":"","show_map":true,"show_map_link":true,"hide_from_listings":false,"sticky":false,"featured":false,"categories":[{"name":"\u010cesk\u00e1 republika","slug":"ceska-republika","term_group":0,"term_taxonomy_id":7,"taxonomy":"tribe_events_cat","description":"","parent":0,"count":396,"filter":"raw","id":7,"urls":{"self":"https:\/\/www.czech-neuro.cz\/api\/tribe\/events\/v1\/categories\/7","collection":"https:\/\/www.czech-neuro.cz\/api\/tribe\/events\/v1\/categories"}}],"tags":[],"venue":{"id":11230,"author":"23","status":"publish","date":"2021-09-07 16:57:04","date_utc":"2021-09-07 14:57:04","modified":"2021-09-07 16:57:04","modified_utc":"2021-09-07 14:57:04","url":"https:\/\/www.czech-neuro.cz\/misto-konani\/domov-sester-fn-ostrava-3\/","venue":"Domov Sester, FN Ostrava","slug":"domov-sester-fn-ostrava-3","city":"Ostrava","json_ld":{"@type":"Place","name":"Domov Sester, FN Ostrava","description":"","url":"https:\/\/www.czech-neuro.cz\/misto-konani\/domov-sester-fn-ostrava-3\/","address":{"@type":"PostalAddress","addressLocality":"Ostrava"},"telephone":"","sameAs":""},"show_map":true,"show_map_link":true,"global_id":"www.czech-neuro.cz?id=11230","global_id_lineage":["www.czech-neuro.cz?id=11230"]},"organizer":[],"json_ld":{"@context":"http:\/\/schema.org","@type":"Event","name":"Semin\u00e1\u0159 na t\u00e9ma Demyeliniza\u010dn\u00ed onemocn\u011bn\u00ed","description":"&lt;p&gt;V\u00e1\u017een\u00e9 d\u00e1my, V\u00e1\u017een\u00ed p\u00e1nov\u00e9, r\u00e1di bychom V\u00e1s pozvali na semin\u00e1\u0159 po\u0159\u00e1dan\u00fd Neurologickou klinikou FN Ostrava, Katedrou klinick\u00fdch neurov\u011bd LF OU...&lt;\/p&gt;\\n","url":"https:\/\/www.czech-neuro.cz\/udalost\/seminar-na-tema-demyelinizacni-onemocneni\/","startDate":"2021-09-20T00:00:00+02:00","endDate":"2021-09-20T23:59:59+02:00","location":{"@type":"Place","name":"Domov Sester, FN Ostrava","description":"","url":"https:\/\/www.czech-neuro.cz\/misto-konani\/domov-sester-fn-ostrava-3\/","address":{"@type":"PostalAddress","addressLocality":"Ostrava"},"telephone":"","sameAs":""}}}